{"id":736,"date":"2022-11-23T08:59:43","date_gmt":"2022-11-23T07:59:43","guid":{"rendered":"https:\/\/agora.xtec.cat\/eeilespurnajesus\/?p=736"},"modified":"2022-11-23T15:24:47","modified_gmt":"2022-11-23T14:24:47","slug":"anem-a-la-biblioteca","status":"publish","type":"post","link":"https:\/\/agora.xtec.cat\/eeilespurnajesus\/general\/anem-a-la-biblioteca\/","title":{"rendered":"AVUI ANEM A LA BIBLIOTECA!"},"content":{"rendered":"<p><a href=\"https:\/\/agora.xtec.cat\/eeilespurnajesus\/wp-content\/uploads\/usu2537\/2022\/11\/IMG_5023-scaled.jpg\"><img loading=\"lazy\" decoding=\"async\" class=\"wp-image-776 size-medium aligncenter\" src=\"https:\/\/agora.xtec.cat\/eeilespurnajesus\/wp-content\/uploads\/usu2537\/2022\/11\/IMG_5023-300x225.jpg\" alt=\"\" width=\"300\" height=\"225\" srcset=\"https:\/\/agora.xtec.cat\/eeilespurnajesus\/wp-content\/uploads\/usu2537\/2022\/11\/IMG_5023-300x225.jpg 300w, https:\/\/agora.xtec.cat\/eeilespurnajesus\/wp-content\/uploads\/usu2537\/2022\/11\/IMG_5023-1024x768.jpg 1024w, https:\/\/agora.xtec.cat\/eeilespurnajesus\/wp-content\/uploads\/usu2537\/2022\/11\/IMG_5023-768x576.jpg 768w, https:\/\/agora.xtec.cat\/eeilespurnajesus\/wp-content\/uploads\/usu2537\/2022\/11\/IMG_5023-1536x1152.jpg 1536w, https:\/\/agora.xtec.cat\/eeilespurnajesus\/wp-content\/uploads\/usu2537\/2022\/11\/IMG_5023-2048x1536.jpg 2048w, https:\/\/agora.xtec.cat\/eeilespurnajesus\/wp-content\/uploads\/usu2537\/2022\/11\/IMG_5023-200x150.jpg 200w\" sizes=\"auto, (max-width: 300px) 100vw, 300px\" \/><\/a><\/p>\n<p style=\"text-align: justify;\">Aquest mat\u00ed hem realitzat la primera sortida del curs amb els xiquetes i xiquetes de I2. Les sortides al nostre entorn generen en els infants emocions, descobertes i mil aprenentatges diferents i \u00fanics.<\/p>\n<p style=\"text-align: justify;\">Aquestes sortides representen una font de motivaci\u00f3, de descoberta, de relaci\u00f3 amb les persones de l&#8217;entorn: a la sortida de l&#8217;escola, just al comen\u00e7ar a caminar ens hem adonat d&#8217;un vol d&#8217;oronetes al cel que ens han fet mirar cap a dalt i observar aquets petits ocells, unes passes m\u00e9s endavant hem descobert una grua molt gran de color vermell, de cam\u00ed cap a la biblioteca ens hem trobat amb la iaia del Matteo, que ens ha saludat, una ve\u00efna darrere la finestra de casa ens ha dit ad\u00e9u i de tornada hem sentit un soroll i hem descobert com netejaven una fa\u00e7ana,&#8230; cosetes que l&#8217;atzar ens ha donat i que ens han fet aturar i han cridat la nostra atenci\u00f3. <strong>Petites coses<\/strong>, no planificades, <strong>insignificants per als ulls dels adults per\u00f2 molt grans per als petits ulls d&#8217;un infant<\/strong>.<\/p>\n<p style=\"text-align: justify;\">Aquests passejos, cam\u00ed cap a la biblioteca, tamb\u00e9 ens permeten aprendre d&#8217;una manera diferent i anar a un ritme diferent, al ritme que ens marquen els infants, respectant el seu temps, un <strong>temps m\u00e9s tranquil i lent <\/strong>que el que estem acostumats els adults: el temps dels infants, el que ells necessiten, per descobrir les seves possibilitats i con\u00e8ixer els l\u00edmits que malauradament l&#8217;entorn urb\u00e0 ens imposa, per\u00f2, mirem-ho de la part positiva, tamb\u00e9 ens permet descobrir, con\u00e8ixer i estar alerta dels perills.<\/p>\n<p style=\"text-align: justify;\">Un cop a la biblioteca, un nou entorn, un entorn cultural, molts de contes que ens permet descobrir el m\u00f3n d&#8217;un altra manera. Coneixem a l&#8217;Elena, la bibliotec\u00e0ria, i escoltem amb atenci\u00f3 el conte que ens explica la Sandra. L&#8217;atenci\u00f3, el silenci, el respecte als contes i al nou entorn,&#8230; aprenentatges que <strong>ens demanen temps i un adult pacient que els acompanya des del respecte a la individualitat de cada nen\/a.<\/strong><\/p>\n<p style=\"text-align: justify;\">Les sortides, quin munt de petits detalls que ens aporten, veritat? Petits detalls que formen part de la <strong>vida quotidiana dels infants<\/strong>.<\/p>\n<p>&nbsp;<\/p>\n","protected":false},"excerpt":{"rendered":"<p><a href=\"https:\/\/agora.xtec.cat\/eeilespurnajesus\/wp-content\/uploads\/usu2537\/2022\/11\/IMG_5023-scaled.jpg\"><\/a><br \/>\nAquest mat\u00ed hem realitzat la primera sortida del curs amb els xiquetes i xiquetes de I2. Les sortides al nostre entorn generen en els infants emocions, descobertes i mil aprenentatges diferents i \u00fanics.<br \/>\nAquestes sortides representen una font de motivaci\u00f3, de descoberta, de relaci\u00f3 amb&hellip;  <a href=\"https:\/\/agora.xtec.cat\/eeilespurnajesus\/general\/anem-a-la-biblioteca\/\" title=\"Read AVUI ANEM A LA BIBLIOTECA!\">Llegeix m\u00e9s\u00bb<\/a><\/p>\n","protected":false},"author":1,"featured_media":776,"comment_status":"open","ping_status":"closed","sticky":false,"template":"","format":"standard","meta":{"_bbp_topic_count":0,"_bbp_reply_count":0,"_bbp_total_topic_count":0,"_bbp_total_reply_count":0,"_bbp_voice_count":0,"_bbp_anonymous_reply_count":0,"_bbp_topic_count_hidden":0,"_bbp_reply_count_hidden":0,"_bbp_forum_subforum_count":0,"footnotes":""},"categories":[9,1,4],"tags":[],"class_list":["post-736","post","type-post","status-publish","format-standard","has-post-thumbnail","hentry","category-i2","category-general","category-portada"],"post_mailing_queue_ids":[],"_links":{"self":[{"href":"https:\/\/agora.xtec.cat\/eeilespurnajesus\/wp-json\/wp\/v2\/posts\/736","targetHints":{"allow":["GET"]}}],"collection":[{"href":"https:\/\/agora.xtec.cat\/eeilespurnajesus\/wp-json\/wp\/v2\/posts"}],"about":[{"href":"https:\/\/agora.xtec.cat\/eeilespurnajesus\/wp-json\/wp\/v2\/types\/post"}],"author":[{"embeddable":true,"href":"https:\/\/agora.xtec.cat\/eeilespurnajesus\/wp-json\/wp\/v2\/users\/1"}],"replies":[{"embeddable":true,"href":"https:\/\/agora.xtec.cat\/eeilespurnajesus\/wp-json\/wp\/v2\/comments?post=736"}],"version-history":[{"count":4,"href":"https:\/\/agora.xtec.cat\/eeilespurnajesus\/wp-json\/wp\/v2\/posts\/736\/revisions"}],"predecessor-version":[{"id":782,"href":"https:\/\/agora.xtec.cat\/eeilespurnajesus\/wp-json\/wp\/v2\/posts\/736\/revisions\/782"}],"wp:featuredmedia":[{"embeddable":true,"href":"https:\/\/agora.xtec.cat\/eeilespurnajesus\/wp-json\/wp\/v2\/media\/776"}],"wp:attachment":[{"href":"https:\/\/agora.xtec.cat\/eeilespurnajesus\/wp-json\/wp\/v2\/media?parent=736"}],"wp:term":[{"taxonomy":"category","embeddable":true,"href":"https:\/\/agora.xtec.cat\/eeilespurnajesus\/wp-json\/wp\/v2\/categories?post=736"},{"taxonomy":"post_tag","embeddable":true,"href":"https:\/\/agora.xtec.cat\/eeilespurnajesus\/wp-json\/wp\/v2\/tags?post=736"}],"curies":[{"name":"wp","href":"https:\/\/api.w.org\/{rel}","templated":true}]}}