{"id":1439,"date":"2025-07-31T14:05:30","date_gmt":"2025-07-31T12:05:30","guid":{"rendered":"https:\/\/agora.xtec.cat\/eeilespurnajesus\/?p=1439"},"modified":"2025-07-31T14:06:25","modified_gmt":"2025-07-31T12:06:25","slug":"estiu-a-lescola-bressol","status":"publish","type":"post","link":"https:\/\/agora.xtec.cat\/eeilespurnajesus\/general\/estiu-a-lescola-bressol\/","title":{"rendered":"Estiu a l&#8217;Escola Bressol"},"content":{"rendered":"<p data-pm-slice=\"1 1 []\">Donem per acabat el mes de juliol. Ha estat un mes ple de rialles, d\u2019experimentaci\u00f3 i molta diversi\u00f3, on els infants han compartit molts moments junts.<\/p>\n<p>A la vegada, ha estat un mes de comiats, els m\u00e9s grans de l\u2019escola ens diuen \u201cadeu\u201d per comen\u00e7ar un nou cam\u00ed a l\u2019escola dels grans i all\u00ed continuaran tenint noves aventures.<\/p>\n<p>Durant aquest mes, han pogut gaudir de l\u2019espai exterior amb jocs d\u2019aigua, amb animals atrapats al gel i amb tots els avantatges que aix\u00f2 els aporta. Han compartit moments de joc tots junts, des dels m\u00e9s petits fins als m\u00e9s grans, tenint respecte i cura de tots els companys\/es.<\/p>\n<p>Esperem que tingueu un molt bon estiu, per als infants d\u2019I2 esperem que el curs vinent sigui enriquidor i per als infants d\u2019I0 i d\u2019I1, ens veiem al setembre amb moltes ganes i il\u00b7lusi\u00f3!!!<\/p>\n","protected":false},"excerpt":{"rendered":"<p>Donem per acabat el mes de juliol. Ha estat un mes ple de rialles, d\u2019experimentaci\u00f3 i molta diversi\u00f3, on els infants han compartit molts moments junts.<br \/>\nA la vegada, ha estat un mes de comiats, els m\u00e9s grans de l\u2019escola ens diuen \u201cadeu\u201d per comen\u00e7ar un&hellip;  <a href=\"https:\/\/agora.xtec.cat\/eeilespurnajesus\/general\/estiu-a-lescola-bressol\/\" title=\"Read Estiu a l&#8217;Escola Bressol\">Llegeix m\u00e9s\u00bb<\/a><\/p>\n","protected":false},"author":1,"featured_media":1441,"comment_status":"open","ping_status":"open","sticky":false,"template":"","format":"standard","meta":{"_bbp_topic_count":0,"_bbp_reply_count":0,"_bbp_total_topic_count":0,"_bbp_total_reply_count":0,"_bbp_voice_count":0,"_bbp_anonymous_reply_count":0,"_bbp_topic_count_hidden":0,"_bbp_reply_count_hidden":0,"_bbp_forum_subforum_count":0,"footnotes":""},"categories":[1,2,4],"tags":[],"class_list":["post-1439","post","type-post","status-publish","format-standard","has-post-thumbnail","hentry","category-general","category-infantil","category-portada"],"post_mailing_queue_ids":[],"_links":{"self":[{"href":"https:\/\/agora.xtec.cat\/eeilespurnajesus\/wp-json\/wp\/v2\/posts\/1439","targetHints":{"allow":["GET"]}}],"collection":[{"href":"https:\/\/agora.xtec.cat\/eeilespurnajesus\/wp-json\/wp\/v2\/posts"}],"about":[{"href":"https:\/\/agora.xtec.cat\/eeilespurnajesus\/wp-json\/wp\/v2\/types\/post"}],"author":[{"embeddable":true,"href":"https:\/\/agora.xtec.cat\/eeilespurnajesus\/wp-json\/wp\/v2\/users\/1"}],"replies":[{"embeddable":true,"href":"https:\/\/agora.xtec.cat\/eeilespurnajesus\/wp-json\/wp\/v2\/comments?post=1439"}],"version-history":[{"count":2,"href":"https:\/\/agora.xtec.cat\/eeilespurnajesus\/wp-json\/wp\/v2\/posts\/1439\/revisions"}],"predecessor-version":[{"id":1443,"href":"https:\/\/agora.xtec.cat\/eeilespurnajesus\/wp-json\/wp\/v2\/posts\/1439\/revisions\/1443"}],"wp:featuredmedia":[{"embeddable":true,"href":"https:\/\/agora.xtec.cat\/eeilespurnajesus\/wp-json\/wp\/v2\/media\/1441"}],"wp:attachment":[{"href":"https:\/\/agora.xtec.cat\/eeilespurnajesus\/wp-json\/wp\/v2\/media?parent=1439"}],"wp:term":[{"taxonomy":"category","embeddable":true,"href":"https:\/\/agora.xtec.cat\/eeilespurnajesus\/wp-json\/wp\/v2\/categories?post=1439"},{"taxonomy":"post_tag","embeddable":true,"href":"https:\/\/agora.xtec.cat\/eeilespurnajesus\/wp-json\/wp\/v2\/tags?post=1439"}],"curies":[{"name":"wp","href":"https:\/\/api.w.org\/{rel}","templated":true}]}}