{"id":973,"date":"2021-10-08T12:41:08","date_gmt":"2021-10-08T10:41:08","guid":{"rendered":"https:\/\/agora.xtec.cat\/eeielrodo\/?p=973"},"modified":"2021-11-25T11:17:16","modified_gmt":"2021-11-25T10:17:16","slug":"benvinguda-ebm-el-rodo","status":"publish","type":"post","link":"https:\/\/agora.xtec.cat\/eeielrodo\/general\/benvinguda-ebm-el-rodo\/","title":{"rendered":"BENVINGUDA EBM EL ROD\u00d3"},"content":{"rendered":"<p>&nbsp;<\/p>\n<p>Ja han passat 4 setmanes des de que El Rod\u00f3 va obrir les seves portes al nou curs 2021-2022. Un tercer curs marcat per la pand\u00e8mia de la Covid19, per\u00f2 amb l&#8217;experi\u00e8ncia adquirida dels anys anteriors i la il\u00b7lusi\u00f3 d&#8217;acompanyar-vos en aquesta primera etapa d&#8217;educaci\u00f3 infantil.<\/p>\n<p>Poc a poc, els plors i neguits inicials van deixant pas a les rialles, corredisses i noves descobertes. Retrobar-se amb els companys i companyes, familiaritzar-se amb els nous espais i educadores, \u00e9s un gran repte. Un proc\u00e9s de familiaritzaci\u00f3 que necessita que respectem el ritme individual dels infants i dels adults, at\u00e8s que per a tots i totes, \u00e9s un gran pas.<\/p>\n<p>Tant l&#8217;equip educatiu com tot el personal que treballa a la Llar, us volem donar la benvinguda en aquest nou cam\u00ed que emprenem junts!<\/p>\n<p><a href=\"https:\/\/agora.xtec.cat\/eeielrodo\/wp-content\/uploads\/usu2175\/2021\/10\/IMG_20210924_090243-scaled.jpg\"><img loading=\"lazy\" decoding=\"async\" class=\"aligncenter size-medium wp-image-974\" src=\"https:\/\/agora.xtec.cat\/eeielrodo\/wp-content\/uploads\/usu2175\/2021\/10\/IMG_20210924_090243-300x300.jpg\" alt=\"\" width=\"300\" height=\"300\" srcset=\"https:\/\/agora.xtec.cat\/eeielrodo\/wp-content\/uploads\/usu2175\/2021\/10\/IMG_20210924_090243-300x300.jpg 300w, https:\/\/agora.xtec.cat\/eeielrodo\/wp-content\/uploads\/usu2175\/2021\/10\/IMG_20210924_090243-1024x1024.jpg 1024w, https:\/\/agora.xtec.cat\/eeielrodo\/wp-content\/uploads\/usu2175\/2021\/10\/IMG_20210924_090243-150x150.jpg 150w, https:\/\/agora.xtec.cat\/eeielrodo\/wp-content\/uploads\/usu2175\/2021\/10\/IMG_20210924_090243-768x768.jpg 768w, https:\/\/agora.xtec.cat\/eeielrodo\/wp-content\/uploads\/usu2175\/2021\/10\/IMG_20210924_090243-1536x1536.jpg 1536w, https:\/\/agora.xtec.cat\/eeielrodo\/wp-content\/uploads\/usu2175\/2021\/10\/IMG_20210924_090243-2048x2048.jpg 2048w\" sizes=\"auto, (max-width: 300px) 100vw, 300px\" \/><\/a><\/p>\n","protected":false},"excerpt":{"rendered":"<p>&nbsp;<br \/>\nJa han passat 4 setmanes des de que El Rod\u00f3 va obrir les seves portes al nou curs 2021-2022. Un tercer curs marcat per la pand\u00e8mia de la Covid19, per\u00f2 amb l&#8217;experi\u00e8ncia adquirida dels anys anteriors i la il\u00b7lusi\u00f3 d&#8217;acompanyar-vos en aquesta primera etapa d&#8217;educaci\u00f3&hellip;  <a href=\"https:\/\/agora.xtec.cat\/eeielrodo\/general\/benvinguda-ebm-el-rodo\/\" title=\"Read BENVINGUDA EBM EL ROD\u00d3\">Llegeix m\u00e9s\u00bb<\/a><\/p>\n","protected":false},"author":1,"featured_media":0,"comment_status":"open","ping_status":"closed","sticky":false,"template":"","format":"standard","meta":{"_bbp_topic_count":0,"_bbp_reply_count":0,"_bbp_total_topic_count":0,"_bbp_total_reply_count":0,"_bbp_voice_count":0,"_bbp_anonymous_reply_count":0,"_bbp_topic_count_hidden":0,"_bbp_reply_count_hidden":0,"_bbp_forum_subforum_count":0,"footnotes":""},"categories":[1,4],"tags":[],"class_list":["post-973","post","type-post","status-publish","format-standard","hentry","category-general","category-portada"],"post_mailing_queue_ids":[],"_links":{"self":[{"href":"https:\/\/agora.xtec.cat\/eeielrodo\/wp-json\/wp\/v2\/posts\/973","targetHints":{"allow":["GET"]}}],"collection":[{"href":"https:\/\/agora.xtec.cat\/eeielrodo\/wp-json\/wp\/v2\/posts"}],"about":[{"href":"https:\/\/agora.xtec.cat\/eeielrodo\/wp-json\/wp\/v2\/types\/post"}],"author":[{"embeddable":true,"href":"https:\/\/agora.xtec.cat\/eeielrodo\/wp-json\/wp\/v2\/users\/1"}],"replies":[{"embeddable":true,"href":"https:\/\/agora.xtec.cat\/eeielrodo\/wp-json\/wp\/v2\/comments?post=973"}],"version-history":[{"count":3,"href":"https:\/\/agora.xtec.cat\/eeielrodo\/wp-json\/wp\/v2\/posts\/973\/revisions"}],"predecessor-version":[{"id":979,"href":"https:\/\/agora.xtec.cat\/eeielrodo\/wp-json\/wp\/v2\/posts\/973\/revisions\/979"}],"wp:attachment":[{"href":"https:\/\/agora.xtec.cat\/eeielrodo\/wp-json\/wp\/v2\/media?parent=973"}],"wp:term":[{"taxonomy":"category","embeddable":true,"href":"https:\/\/agora.xtec.cat\/eeielrodo\/wp-json\/wp\/v2\/categories?post=973"},{"taxonomy":"post_tag","embeddable":true,"href":"https:\/\/agora.xtec.cat\/eeielrodo\/wp-json\/wp\/v2\/tags?post=973"}],"curies":[{"name":"wp","href":"https:\/\/api.w.org\/{rel}","templated":true}]}}