{"id":861,"date":"2021-04-13T22:23:17","date_gmt":"2021-04-13T20:23:17","guid":{"rendered":"https:\/\/agora.xtec.cat\/eeielrodo\/?p=861"},"modified":"2021-04-13T22:50:09","modified_gmt":"2021-04-13T20:50:09","slug":"portes-obertes-2021","status":"publish","type":"post","link":"https:\/\/agora.xtec.cat\/eeielrodo\/general\/portes-obertes-2021\/","title":{"rendered":"PORTES OBERTES 2021. JA POTS DEMANAR CITA PR\u00c8VIA!"},"content":{"rendered":"<p><strong>Del 19 al 22 d\u2019abril<\/strong>, portes obertes presencials, visita guiada en grups reduits.<\/p>\n<p>Caldr\u00e0 demanar <strong>cita pr\u00e8via<\/strong> al tel\u00e8fon 691 821 774.<\/p>\n<p>Tamb\u00e9 us oferim la possibilitat de demanar-nos informaci\u00f3 sobre l\u2019escola bressol i fer-nos arribar els dubtes que tingueu a trav\u00e9s del correu electr\u00f2nic\u00a0 <a href=\"mailto:ebmrodo@gmail.com\">ebmrodo@gmail.com<\/a> i us contestarem el m\u00e9s aviat possible.<\/p>\n<p>Tot all\u00f2 que no es pugui resoldre escrivint-nos per correu electr\u00f2nic, ens podeu trucar al tel\u00e8fon de l\u2019escola 691 821 774. Dit aix\u00f2, us demanem que les trucades nom\u00e9s siguin en cas de necessitat. gr\u00e0cies!<\/p>\n<p>A fi que tingueu coneixement de l\u2019ess\u00e8ncia del nostre Projecte Educatiu, us recomanem consultar el document <a href=\"https:\/\/agora.xtec.cat\/eeielrodo\/pagina-exemple\/\">UN PASSEIG PEL ROD\u00d3<\/a>, que trobareu a la pestanya Projecte Educatiu de la nostra p\u00e0gina Web. <a href=\"https:\/\/agora.xtec.cat\/eeielrodo\/\">https:\/\/agora.xtec.cat\/eeielrodo\/<\/a><\/p>\n<p>Per tot el que fa refer\u00e8ncia a tr\u00e0mits cal adre\u00e7ar-se a la p\u00e0gina web de l\u2019Ajuntament.<\/p>\n<p><a href=\"https:\/\/www.molinsderei.cat\/escoles-bressol-municipals\/\">https:\/\/www.molinsderei.cat\/escoles-bressol-municipals\/<\/a><\/p>\n<p>&nbsp;<\/p>\n","protected":false},"excerpt":{"rendered":"<p>Del 19 al 22 d\u2019abril, portes obertes presencials, visita guiada en grups reduits.<br \/>\nCaldr\u00e0 demanar cita pr\u00e8via al tel\u00e8fon 691 821 774.<br \/>\nTamb\u00e9 us oferim la possibilitat de demanar-nos informaci\u00f3 sobre l\u2019escola bressol i fer-nos arribar els dubtes que tingueu a trav\u00e9s del correu electr\u00f2nic\u00a0 <a href=\"mailto:ebmrodo@gmail.com\">ebmrodo@gmail.com<\/a>&hellip;  <a href=\"https:\/\/agora.xtec.cat\/eeielrodo\/general\/portes-obertes-2021\/\" title=\"Read PORTES OBERTES 2021. JA POTS DEMANAR CITA PR\u00c8VIA!\">Llegeix m\u00e9s\u00bb<\/a><\/p>\n","protected":false},"author":1,"featured_media":0,"comment_status":"open","ping_status":"closed","sticky":false,"template":"","format":"standard","meta":{"_bbp_topic_count":0,"_bbp_reply_count":0,"_bbp_total_topic_count":0,"_bbp_total_reply_count":0,"_bbp_voice_count":0,"_bbp_anonymous_reply_count":0,"_bbp_topic_count_hidden":0,"_bbp_reply_count_hidden":0,"_bbp_forum_subforum_count":0,"footnotes":""},"categories":[1,4],"tags":[],"class_list":["post-861","post","type-post","status-publish","format-standard","hentry","category-general","category-portada"],"post_mailing_queue_ids":[],"_links":{"self":[{"href":"https:\/\/agora.xtec.cat\/eeielrodo\/wp-json\/wp\/v2\/posts\/861","targetHints":{"allow":["GET"]}}],"collection":[{"href":"https:\/\/agora.xtec.cat\/eeielrodo\/wp-json\/wp\/v2\/posts"}],"about":[{"href":"https:\/\/agora.xtec.cat\/eeielrodo\/wp-json\/wp\/v2\/types\/post"}],"author":[{"embeddable":true,"href":"https:\/\/agora.xtec.cat\/eeielrodo\/wp-json\/wp\/v2\/users\/1"}],"replies":[{"embeddable":true,"href":"https:\/\/agora.xtec.cat\/eeielrodo\/wp-json\/wp\/v2\/comments?post=861"}],"version-history":[{"count":3,"href":"https:\/\/agora.xtec.cat\/eeielrodo\/wp-json\/wp\/v2\/posts\/861\/revisions"}],"predecessor-version":[{"id":869,"href":"https:\/\/agora.xtec.cat\/eeielrodo\/wp-json\/wp\/v2\/posts\/861\/revisions\/869"}],"wp:attachment":[{"href":"https:\/\/agora.xtec.cat\/eeielrodo\/wp-json\/wp\/v2\/media?parent=861"}],"wp:term":[{"taxonomy":"category","embeddable":true,"href":"https:\/\/agora.xtec.cat\/eeielrodo\/wp-json\/wp\/v2\/categories?post=861"},{"taxonomy":"post_tag","embeddable":true,"href":"https:\/\/agora.xtec.cat\/eeielrodo\/wp-json\/wp\/v2\/tags?post=861"}],"curies":[{"name":"wp","href":"https:\/\/api.w.org\/{rel}","templated":true}]}}