{"id":854,"date":"2021-04-13T22:25:00","date_gmt":"2021-04-13T20:25:00","guid":{"rendered":"https:\/\/agora.xtec.cat\/eeielrodo\/?p=854"},"modified":"2021-04-13T22:25:00","modified_gmt":"2021-04-13T20:25:00","slug":"preinscripcio-i-matricula-curs-2021-2022","status":"publish","type":"post","link":"https:\/\/agora.xtec.cat\/eeielrodo\/general\/preinscripcio-i-matricula-curs-2021-2022\/","title":{"rendered":"PREINSCRIPCI\u00d3 I MATR\u00cdCULA CURS 2021-2022"},"content":{"rendered":"<h3>Calendari del proc\u00e9s de preinscripci\u00f3 i matr\u00edcula i oferta de places Curs 2021-2022<\/h3>\n<ul>\n<li><strong>5 de maig:<\/strong>\u00a0publicaci\u00f3 de l\u2019oferta<\/li>\n<li><strong>7 al 21 de maig:<\/strong>\u00a0preinscripcions<\/li>\n<li><strong>31 maig:<\/strong>\u00a0llista de sol\u00b7licituds amb la puntuaci\u00f3 provisional<\/li>\n<li><strong>1 al 3 de juny:<\/strong>\u00a0presentaci\u00f3 de reclamacions<\/li>\n<li><strong>4 de juny:<\/strong>\u00a0sorteig del n\u00famero de desempat<\/li>\n<li><strong>10 de juny:<\/strong>\u00a0llista d\u2019alumnes admesos i llista d\u2019espera<\/li>\n<li><strong>14 al 22:<\/strong>\u00a0matriculaci\u00f3<\/li>\n<\/ul>\n<p>&nbsp;<\/p>\n<table style=\"width: 449px;\" width=\"430\">\n<tbody>\n<tr>\n<td style=\"width: 215px; text-align: center;\">ESCOLA BRESSOL <strong>EL ROD\u00d3<\/strong><\/p>\n<p><strong>CODI 08046098<\/strong><\/td>\n<td style=\"width: 120px; text-align: center;\">2 Grups <strong>P1<\/strong> (nascuts el 2020)<\/td>\n<td style=\"width: 104px; text-align: center;\">2 Grups <strong>P2<\/strong> (nascuts el 2019)<\/td>\n<\/tr>\n<tr>\n<td style=\"width: 215px; text-align: center;\">Total Places<\/td>\n<td style=\"width: 120px; text-align: center;\">26<\/td>\n<td style=\"width: 104px; text-align: center;\">40<\/td>\n<\/tr>\n<tr>\n<td style=\"width: 215px; text-align: center;\">Alumnes procedents del curs anterior<\/td>\n<td style=\"width: 120px; text-align: center;\">0<\/td>\n<td style=\"width: 104px; text-align: center;\">\u00a024<\/td>\n<\/tr>\n<tr>\n<td style=\"width: 215px; text-align: center;\"><strong><em>Places Vacants<\/em><\/strong><\/td>\n<td style=\"width: 120px; text-align: center;\"><strong><em>26<\/em><\/strong><\/td>\n<td style=\"width: 104px; text-align: center;\"><strong><em>16<\/em><\/strong><\/td>\n<\/tr>\n<\/tbody>\n<\/table>\n<p>&nbsp;<\/p>\n<p>Per a m\u00e9s informaci\u00f3.\u00a0<a href=\"https:\/\/www--molinsderei--cat.insuit.net\/\">www.molinsderei.cat<\/a><\/p>\n","protected":false},"excerpt":{"rendered":"<p>Calendari del proc\u00e9s de preinscripci\u00f3 i matr\u00edcula i oferta de places Curs 2021-2022<\/p>\n<ul>\n<li>5 de maig:\u00a0publicaci\u00f3 de l\u2019oferta<\/li>\n<li>7 al 21 de maig:\u00a0preinscripcions<\/li>\n<li>31 maig:\u00a0llista de sol\u00b7licituds amb la puntuaci\u00f3 provisional<\/li>\n<li>1 al 3 de juny:\u00a0presentaci\u00f3 de reclamacions<\/li>\n<li>4 de juny:\u00a0sorteig del n\u00famero de desempat<\/li>\n<li>10 de juny:\u00a0llista d\u2019alumnes admesos i&hellip;  <a href=\"https:\/\/agora.xtec.cat\/eeielrodo\/general\/preinscripcio-i-matricula-curs-2021-2022\/\" title=\"Read PREINSCRIPCI\u00d3 I MATR\u00cdCULA CURS 2021-2022\">Llegeix m\u00e9s\u00bb<\/a><br \/>\n","protected":false},"author":1,"featured_media":0,"comment_status":"open","ping_status":"closed","sticky":false,"template":"","format":"standard","meta":{"_bbp_topic_count":0,"_bbp_reply_count":0,"_bbp_total_topic_count":0,"_bbp_total_reply_count":0,"_bbp_voice_count":0,"_bbp_anonymous_reply_count":0,"_bbp_topic_count_hidden":0,"_bbp_reply_count_hidden":0,"_bbp_forum_subforum_count":0,"footnotes":""},"categories":[1,4],"tags":[],"class_list":["post-854","post","type-post","status-publish","format-standard","hentry","category-general","category-portada"],"post_mailing_queue_ids":[],"_links":{"self":[{"href":"https:\/\/agora.xtec.cat\/eeielrodo\/wp-json\/wp\/v2\/posts\/854","targetHints":{"allow":["GET"]}}],"collection":[{"href":"https:\/\/agora.xtec.cat\/eeielrodo\/wp-json\/wp\/v2\/posts"}],"about":[{"href":"https:\/\/agora.xtec.cat\/eeielrodo\/wp-json\/wp\/v2\/types\/post"}],"author":[{"embeddable":true,"href":"https:\/\/agora.xtec.cat\/eeielrodo\/wp-json\/wp\/v2\/users\/1"}],"replies":[{"embeddable":true,"href":"https:\/\/agora.xtec.cat\/eeielrodo\/wp-json\/wp\/v2\/comments?post=854"}],"version-history":[{"count":3,"href":"https:\/\/agora.xtec.cat\/eeielrodo\/wp-json\/wp\/v2\/posts\/854\/revisions"}],"predecessor-version":[{"id":866,"href":"https:\/\/agora.xtec.cat\/eeielrodo\/wp-json\/wp\/v2\/posts\/854\/revisions\/866"}],"wp:attachment":[{"href":"https:\/\/agora.xtec.cat\/eeielrodo\/wp-json\/wp\/v2\/media?parent=854"}],"wp:term":[{"taxonomy":"category","embeddable":true,"href":"https:\/\/agora.xtec.cat\/eeielrodo\/wp-json\/wp\/v2\/categories?post=854"},{"taxonomy":"post_tag","embeddable":true,"href":"https:\/\/agora.xtec.cat\/eeielrodo\/wp-json\/wp\/v2\/tags?post=854"}],"curies":[{"name":"wp","href":"https:\/\/api.w.org\/{rel}","templated":true}]}}