{"id":820,"date":"2021-04-06T10:00:33","date_gmt":"2021-04-06T08:00:33","guid":{"rendered":"https:\/\/agora.xtec.cat\/eeielrodo\/?p=820"},"modified":"2021-04-06T18:30:08","modified_gmt":"2021-04-06T16:30:08","slug":"jugar-amb-la-llum-i-la-foscor","status":"publish","type":"post","link":"https:\/\/agora.xtec.cat\/eeielrodo\/general\/jugar-amb-la-llum-i-la-foscor\/","title":{"rendered":"Jugar amb la llum i la foscor"},"content":{"rendered":"<p>Una de les propostes que m\u00e9s han agradat aquest segon trimestre ha estat la de jugar i experimentar amb la llum i la foscor. La taula de llum ens ha ofert mil i una possibilitats , hem pogut experimentar com la llum es projecta segons els diferents materials posats. Per\u00f2 tamb\u00e9 hem pogut jugar amb la llum a la cambra fosca, on amb l\u2019ajut d\u2019unes petites llanternes \u00a0hem perdut la por a la foscor i hem gaudit experimentant amb els efectes de la llum sobre diferents elements opacs, transl\u00facids i transparents. La m\u00e0gia de la llum i la foscor, els colors i les formes han servit com escenaris de joc sense l\u00edmits.<\/p>\n<p>Ha estat tamb\u00e9 molt divertit jugar amb la llum i les ombres que projecta el nostre cos a trav\u00e9s dels celofans de colors que hem enganxat als vidres de l\u2019estan\u00e7a<\/p>\n<p>Jugar amb la llum i la foscor permet emmarcar i enfocar l\u2019atenci\u00f3 de l\u2019infant en un \u00fanic espai visual il\u00b7luminat i veure els objectes des d\u2019una perspectiva m\u00e9s detallada de color i textura<\/p>\n\n<p>&nbsp;<\/p>\n","protected":false},"excerpt":{"rendered":"<p>Una de les propostes que m\u00e9s han agradat aquest segon trimestre ha estat la de jugar i experimentar amb la llum i la foscor. La taula de llum ens ha ofert mil i una possibilitats , hem pogut experimentar com la llum es projecta segons&hellip;  <a href=\"https:\/\/agora.xtec.cat\/eeielrodo\/general\/jugar-amb-la-llum-i-la-foscor\/\" title=\"Read Jugar amb la llum i la foscor\">Llegeix m\u00e9s\u00bb<\/a><\/p>\n","protected":false},"author":1,"featured_media":0,"comment_status":"open","ping_status":"closed","sticky":false,"template":"","format":"standard","meta":{"_bbp_topic_count":0,"_bbp_reply_count":0,"_bbp_total_topic_count":0,"_bbp_total_reply_count":0,"_bbp_voice_count":0,"_bbp_anonymous_reply_count":0,"_bbp_topic_count_hidden":0,"_bbp_reply_count_hidden":0,"_bbp_forum_subforum_count":0,"footnotes":""},"categories":[1,4],"tags":[],"class_list":["post-820","post","type-post","status-publish","format-standard","hentry","category-general","category-portada"],"post_mailing_queue_ids":[],"_links":{"self":[{"href":"https:\/\/agora.xtec.cat\/eeielrodo\/wp-json\/wp\/v2\/posts\/820","targetHints":{"allow":["GET"]}}],"collection":[{"href":"https:\/\/agora.xtec.cat\/eeielrodo\/wp-json\/wp\/v2\/posts"}],"about":[{"href":"https:\/\/agora.xtec.cat\/eeielrodo\/wp-json\/wp\/v2\/types\/post"}],"author":[{"embeddable":true,"href":"https:\/\/agora.xtec.cat\/eeielrodo\/wp-json\/wp\/v2\/users\/1"}],"replies":[{"embeddable":true,"href":"https:\/\/agora.xtec.cat\/eeielrodo\/wp-json\/wp\/v2\/comments?post=820"}],"version-history":[{"count":2,"href":"https:\/\/agora.xtec.cat\/eeielrodo\/wp-json\/wp\/v2\/posts\/820\/revisions"}],"predecessor-version":[{"id":832,"href":"https:\/\/agora.xtec.cat\/eeielrodo\/wp-json\/wp\/v2\/posts\/820\/revisions\/832"}],"wp:attachment":[{"href":"https:\/\/agora.xtec.cat\/eeielrodo\/wp-json\/wp\/v2\/media?parent=820"}],"wp:term":[{"taxonomy":"category","embeddable":true,"href":"https:\/\/agora.xtec.cat\/eeielrodo\/wp-json\/wp\/v2\/categories?post=820"},{"taxonomy":"post_tag","embeddable":true,"href":"https:\/\/agora.xtec.cat\/eeielrodo\/wp-json\/wp\/v2\/tags?post=820"}],"curies":[{"name":"wp","href":"https:\/\/api.w.org\/{rel}","templated":true}]}}