{"id":808,"date":"2021-04-01T10:00:32","date_gmt":"2021-04-01T08:00:32","guid":{"rendered":"https:\/\/agora.xtec.cat\/eeielrodo\/?p=808"},"modified":"2021-04-07T19:15:43","modified_gmt":"2021-04-07T17:15:43","slug":"expressio-artistica","status":"publish","type":"post","link":"https:\/\/agora.xtec.cat\/eeielrodo\/general\/expressio-artistica\/","title":{"rendered":"Expressi\u00f3 art\u00edstica"},"content":{"rendered":"<p>La introducci\u00f3 a l\u2019<strong>expressi\u00f3 art\u00edstica <\/strong>no ha d\u2019esperar a que l\u2019infant ja sigui capa\u00e7 d\u2019agafar correctament certs materials, ni a esperar un resultat determinat. Aquesta introducci\u00f3 s\u2019inicia ja en l\u2019etapa de 0-3 anys.<\/p>\n<p>\u00c9s un cam\u00ed on l\u2019objectiu real passa desapercebut, un proc\u00e9s on es treballa la coordinaci\u00f3 ull-m\u00e0, on es desperta la curiositat, la manipulaci\u00f3, l\u2019experimentaci\u00f3, els sentits, on s\u2019enriqueix el llenguatge, on es treballa la for\u00e7a de la m\u00e0, la posterior prensi\u00f3 en pin\u00e7a&#8230;<\/p>\n<p>Es treballa amb materials diferents, textures diferents, colors diferents&#8230; ha de ser una oferta rica en varietat de materials, on cadasc\u00fa trobi el que li agrada, el que li serveix per a explorar el m\u00f3n que l\u2019envolta i l\u2019enriqueixi.<\/p>\n<p>Ja ens explicava el pedagog, psic\u00f2leg i fil\u00f2sof <em>John Dewey<\/em> que <strong>l\u2019art \u00e9s experi\u00e8ncia<\/strong>, que no s\u2019ent\u00e9n com quelcom allunyat de la realitat, sin\u00f3 com una experi\u00e8ncia quotidiana i com\u00fa.<\/p>\n<p>L\u2019art \u00e9s una experi\u00e8ncia vital, una experi\u00e8ncia purament sensorial.<\/p>\n\n<p>&nbsp;<\/p>\n<p><em>\u201cPer al nen petit, l\u2019art \u00e9s vida, i la vida \u00e9s art.\u201d<\/em> (Schafer, Murray)<\/p>\n","protected":false},"excerpt":{"rendered":"<p>La introducci\u00f3 a l\u2019expressi\u00f3 art\u00edstica no ha d\u2019esperar a que l\u2019infant ja sigui capa\u00e7 d\u2019agafar correctament certs materials, ni a esperar un resultat determinat. Aquesta introducci\u00f3 s\u2019inicia ja en l\u2019etapa de 0-3 anys.<br \/>\n\u00c9s un cam\u00ed on l\u2019objectiu real passa desapercebut, un proc\u00e9s on es treballa&hellip;  <a href=\"https:\/\/agora.xtec.cat\/eeielrodo\/general\/expressio-artistica\/\" title=\"Read Expressi\u00f3 art\u00edstica\">Llegeix m\u00e9s\u00bb<\/a><\/p>\n","protected":false},"author":1,"featured_media":0,"comment_status":"open","ping_status":"closed","sticky":false,"template":"","format":"standard","meta":{"_bbp_topic_count":0,"_bbp_reply_count":0,"_bbp_total_topic_count":0,"_bbp_total_reply_count":0,"_bbp_voice_count":0,"_bbp_anonymous_reply_count":0,"_bbp_topic_count_hidden":0,"_bbp_reply_count_hidden":0,"_bbp_forum_subforum_count":0,"footnotes":""},"categories":[1,4],"tags":[],"class_list":["post-808","post","type-post","status-publish","format-standard","hentry","category-general","category-portada"],"post_mailing_queue_ids":[],"_links":{"self":[{"href":"https:\/\/agora.xtec.cat\/eeielrodo\/wp-json\/wp\/v2\/posts\/808","targetHints":{"allow":["GET"]}}],"collection":[{"href":"https:\/\/agora.xtec.cat\/eeielrodo\/wp-json\/wp\/v2\/posts"}],"about":[{"href":"https:\/\/agora.xtec.cat\/eeielrodo\/wp-json\/wp\/v2\/types\/post"}],"author":[{"embeddable":true,"href":"https:\/\/agora.xtec.cat\/eeielrodo\/wp-json\/wp\/v2\/users\/1"}],"replies":[{"embeddable":true,"href":"https:\/\/agora.xtec.cat\/eeielrodo\/wp-json\/wp\/v2\/comments?post=808"}],"version-history":[{"count":3,"href":"https:\/\/agora.xtec.cat\/eeielrodo\/wp-json\/wp\/v2\/posts\/808\/revisions"}],"predecessor-version":[{"id":841,"href":"https:\/\/agora.xtec.cat\/eeielrodo\/wp-json\/wp\/v2\/posts\/808\/revisions\/841"}],"wp:attachment":[{"href":"https:\/\/agora.xtec.cat\/eeielrodo\/wp-json\/wp\/v2\/media?parent=808"}],"wp:term":[{"taxonomy":"category","embeddable":true,"href":"https:\/\/agora.xtec.cat\/eeielrodo\/wp-json\/wp\/v2\/categories?post=808"},{"taxonomy":"post_tag","embeddable":true,"href":"https:\/\/agora.xtec.cat\/eeielrodo\/wp-json\/wp\/v2\/tags?post=808"}],"curies":[{"name":"wp","href":"https:\/\/api.w.org\/{rel}","templated":true}]}}