{"id":776,"date":"2020-05-17T21:29:36","date_gmt":"2020-05-17T19:29:36","guid":{"rendered":"https:\/\/agora.xtec.cat\/eeielrodo\/?p=776"},"modified":"2021-04-13T22:58:03","modified_gmt":"2021-04-13T20:58:03","slug":"acompanyament-personalitzat","status":"publish","type":"post","link":"https:\/\/agora.xtec.cat\/eeielrodo\/general\/acompanyament-personalitzat\/","title":{"rendered":"ACOMPANYAMENT PERSONALITZAT"},"content":{"rendered":"<p>Atesa la situaci\u00f3 actual que, entre altres coses, ens limita el poder-vos acompanyar presencialment en un moment molt important com \u00e9s el d\u2019escollir una escola bressol pels fills i filles, des de l&#8217;EBM EL ROD\u00d3,\u00a0 farem tot el que estigui a les nostres mans al llarg d\u2019aquest proc\u00e9s.<\/p>\n<p>Per aix\u00f2 us oferim la possibilitat de demanar-nos informaci\u00f3 sobre l\u2019escola bressol i fer-nos arribar els dubtes que tingueu a trav\u00e9s del correu electr\u00f2nic\u00a0 <a href=\"mailto:ebmrodo@gmail.com\">ebmrodo@gmail.com<\/a> i us contestarem el m\u00e9s aviat possible.<\/p>\n<p>Si es d\u00f3na el cas que tingueu una emerg\u00e8ncia o una situaci\u00f3 que no podeu resoldre escrivint-nos per correu electr\u00f2nic, ens podeu trucar al tel\u00e8fon de l\u2019escola 691 821 774. Dit aix\u00f2, us demanem que les trucades nom\u00e9s siguin en cas de necessitat. gr\u00e0cies!<\/p>\n<p>(<strong>HORARI D\u2019ATENCI\u00d3 TELEF\u00d2NICA, del 18 de maig al 2 de juny: de dilluns a divendres, de 9.00 a 14.00 i de 15.00 a 18.00).<\/strong><\/p>\n<p>A fi que tingueu coneixement de l\u2019ess\u00e8ncia del nostre Projecte Educatiu, us recomanem consultar el document <a href=\"https:\/\/agora.xtec.cat\/eeielrodo\/pagina-exemple\/\">UN PASSEIG PEL ROD\u00d3<\/a>, que trobareu a la pestanya Projecte Educatiu de la nostra p\u00e0gina Web. <a href=\"https:\/\/agora.xtec.cat\/eeielrodo\/\">https:\/\/agora.xtec.cat\/eeielrodo\/<\/a><\/p>\n<p>Per tot el que fa refer\u00e8ncia a tr\u00e0mits cal adre\u00e7ar-se a la p\u00e0gina web de l\u2019Ajuntament.<\/p>\n<p><a href=\"https:\/\/www.molinsderei.cat\/preinscripcio-curs-escolar-2020-2021\/\">https:\/\/www.molinsderei.cat\/preinscripcio-curs-escolar-2020-2021\/<\/a><\/p>\n<p>&nbsp;<\/p>\n<p><strong>OFERTA DE PLACES PER AL CURS 2020-2021<\/strong><\/p>\n<table>\n<tbody>\n<tr>\n<td style=\"text-align: center;\" width=\"192\">ESCOLA BRESSOL EL ROD\u00d3<\/p>\n<p>CODI 08046098<\/td>\n<td style=\"text-align: center;\" width=\"192\">2 Grups P1<\/p>\n<p>(Nascuts any 2019)<\/td>\n<td style=\"text-align: center;\" width=\"192\">2 Grups P2<\/p>\n<p>(Nascuts any 2018)<\/td>\n<\/tr>\n<tr>\n<td style=\"text-align: center;\" width=\"192\">Total places<\/td>\n<td style=\"text-align: center;\" width=\"192\">26<\/td>\n<td style=\"text-align: center;\" width=\"192\">40<\/td>\n<\/tr>\n<tr>\n<td style=\"text-align: center;\" width=\"192\">Alumnes procedents del curs anterior<\/td>\n<td style=\"text-align: center;\" width=\"192\">0<\/td>\n<td style=\"text-align: center;\" width=\"192\">26<\/td>\n<\/tr>\n<tr>\n<td style=\"text-align: center;\" width=\"192\"><strong>PLACES VACANTS<\/strong><\/td>\n<td style=\"text-align: center;\" width=\"192\"><strong>26<\/strong><\/td>\n<td style=\"text-align: center;\" width=\"192\"><strong>14<\/strong><\/td>\n<\/tr>\n<\/tbody>\n<\/table>\n<p>&nbsp;<\/p>\n<p>&nbsp;<\/p>\n","protected":false},"excerpt":{"rendered":"<p>Atesa la situaci\u00f3 actual que, entre altres coses, ens limita el poder-vos acompanyar presencialment en un moment molt important com \u00e9s el d\u2019escollir una escola bressol pels fills i filles, des de l&#8217;EBM EL ROD\u00d3,\u00a0 farem tot el que estigui a les nostres mans al&hellip;  <a href=\"https:\/\/agora.xtec.cat\/eeielrodo\/general\/acompanyament-personalitzat\/\" title=\"Read ACOMPANYAMENT PERSONALITZAT\">Llegeix m\u00e9s\u00bb<\/a><\/p>\n","protected":false},"author":1,"featured_media":0,"comment_status":"open","ping_status":"closed","sticky":false,"template":"","format":"standard","meta":{"_bbp_topic_count":0,"_bbp_reply_count":0,"_bbp_total_topic_count":0,"_bbp_total_reply_count":0,"_bbp_voice_count":0,"_bbp_anonymous_reply_count":0,"_bbp_topic_count_hidden":0,"_bbp_reply_count_hidden":0,"_bbp_forum_subforum_count":0,"footnotes":""},"categories":[1],"tags":[64,63],"class_list":["post-776","post","type-post","status-publish","format-standard","hentry","category-general","tag-matricula","tag-preinscripcio"],"post_mailing_queue_ids":[],"_links":{"self":[{"href":"https:\/\/agora.xtec.cat\/eeielrodo\/wp-json\/wp\/v2\/posts\/776","targetHints":{"allow":["GET"]}}],"collection":[{"href":"https:\/\/agora.xtec.cat\/eeielrodo\/wp-json\/wp\/v2\/posts"}],"about":[{"href":"https:\/\/agora.xtec.cat\/eeielrodo\/wp-json\/wp\/v2\/types\/post"}],"author":[{"embeddable":true,"href":"https:\/\/agora.xtec.cat\/eeielrodo\/wp-json\/wp\/v2\/users\/1"}],"replies":[{"embeddable":true,"href":"https:\/\/agora.xtec.cat\/eeielrodo\/wp-json\/wp\/v2\/comments?post=776"}],"version-history":[{"count":2,"href":"https:\/\/agora.xtec.cat\/eeielrodo\/wp-json\/wp\/v2\/posts\/776\/revisions"}],"predecessor-version":[{"id":789,"href":"https:\/\/agora.xtec.cat\/eeielrodo\/wp-json\/wp\/v2\/posts\/776\/revisions\/789"}],"wp:attachment":[{"href":"https:\/\/agora.xtec.cat\/eeielrodo\/wp-json\/wp\/v2\/media?parent=776"}],"wp:term":[{"taxonomy":"category","embeddable":true,"href":"https:\/\/agora.xtec.cat\/eeielrodo\/wp-json\/wp\/v2\/categories?post=776"},{"taxonomy":"post_tag","embeddable":true,"href":"https:\/\/agora.xtec.cat\/eeielrodo\/wp-json\/wp\/v2\/tags?post=776"}],"curies":[{"name":"wp","href":"https:\/\/api.w.org\/{rel}","templated":true}]}}