{"id":768,"date":"2020-05-16T10:36:13","date_gmt":"2020-05-16T08:36:13","guid":{"rendered":"https:\/\/agora.xtec.cat\/eeielrodo\/?p=768"},"modified":"2021-04-13T22:57:26","modified_gmt":"2021-04-13T20:57:26","slug":"preinscripcio-i-matricula-curs-2020-2021","status":"publish","type":"post","link":"https:\/\/agora.xtec.cat\/eeielrodo\/general\/preinscripcio-i-matricula-curs-2020-2021\/","title":{"rendered":"PREINSCRIPCI\u00d3 I MATR\u00cdCULA CURS 2020-2021"},"content":{"rendered":"<p>Calendari del proc\u00e9s de preinscripci\u00f3 i matr\u00edcula i oferta de places Curs 2020-2021<\/p>\n<ul>\n<li>Publicaci\u00f3 de l\u2019oferta: Del 13 al 18 de maig de 2020<\/li>\n<li>Presentaci\u00f3 de sol\u00b7licituds telem\u00e0ticament: Del 19 de maig al 2 de juny de 2020<\/li>\n<li>Presentaci\u00f3 de sol\u00b7licituds presencialment:<\/li>\n<li>Publicaci\u00f3 llistes de sol\u00b7licituds amb puntuaci\u00f3 inicial: 3 de juny de 2020<\/li>\n<li>Termini de presentaci\u00f3 de reclamacions: Del 4 al 10 de juny de 2020<\/li>\n<li>Sorteig del n\u00famero de desempat: 11 de juny de 2020<\/li>\n<li>Publicaci\u00f3 llistes amb puntuaci\u00f3 definitiva: 12 de juny de 2020<\/li>\n<li>Per\u00edode de matriculaci\u00f3: Del 15 al 23 de juny de 2020.<\/li>\n<\/ul>\n<p>&nbsp;<\/p>\n<table style=\"width: 449px;\" width=\"430\">\n<tbody>\n<tr>\n<td style=\"width: 215px; text-align: center;\">ESCOLA BRESSOL <strong>EL ROD\u00d3<\/strong><\/p>\n<p><strong>CODI 08046098<\/strong><\/td>\n<td style=\"width: 120px; text-align: center;\">2 Grups <strong>P1<\/strong> (nascuts el 2019)<\/td>\n<td style=\"width: 104px; text-align: center;\">2 Grups <strong>P2<\/strong> (nascuts el 2018)<\/td>\n<\/tr>\n<tr>\n<td style=\"width: 215px; text-align: center;\">Total Places<\/td>\n<td style=\"width: 120px; text-align: center;\">26<\/td>\n<td style=\"width: 104px; text-align: center;\">40<\/td>\n<\/tr>\n<tr>\n<td style=\"width: 215px; text-align: center;\">Alumnes procedents del curs anterior<\/td>\n<td style=\"width: 120px; text-align: center;\">0<\/td>\n<td style=\"width: 104px; text-align: center;\">\u00a026<\/td>\n<\/tr>\n<tr>\n<td style=\"width: 215px; text-align: center;\"><strong><em>Places Vacants<\/em><\/strong><\/td>\n<td style=\"width: 120px; text-align: center;\"><strong><em>26<\/em><\/strong><\/td>\n<td style=\"width: 104px; text-align: center;\"><strong><em>14<\/em><\/strong><\/td>\n<\/tr>\n<\/tbody>\n<\/table>\n<p>&nbsp;<\/p>\n<p>Per a m\u00e9s informaci\u00f3.\u00a0<a href=\"https:\/\/www--molinsderei--cat.insuit.net\/\">www.molinsderei.cat<\/a><\/p>\n","protected":false},"excerpt":{"rendered":"<p>Calendari del proc\u00e9s de preinscripci\u00f3 i matr\u00edcula i oferta de places Curs 2020-2021<\/p>\n<ul>\n<li>Publicaci\u00f3 de l\u2019oferta: Del 13 al 18 de maig de 2020<\/li>\n<li>Presentaci\u00f3 de sol\u00b7licituds telem\u00e0ticament: Del 19 de maig al 2 de juny de 2020<\/li>\n<li>Presentaci\u00f3 de sol\u00b7licituds presencialment:<\/li>\n<li>Publicaci\u00f3 llistes de sol\u00b7licituds amb puntuaci\u00f3 inicial:&hellip;  <a href=\"https:\/\/agora.xtec.cat\/eeielrodo\/general\/preinscripcio-i-matricula-curs-2020-2021\/\" title=\"Read PREINSCRIPCI\u00d3 I MATR\u00cdCULA CURS 2020-2021\">Llegeix m\u00e9s\u00bb<\/a><br \/>\n","protected":false},"author":1,"featured_media":0,"comment_status":"open","ping_status":"closed","sticky":false,"template":"","format":"standard","meta":{"_bbp_topic_count":0,"_bbp_reply_count":0,"_bbp_total_topic_count":0,"_bbp_total_reply_count":0,"_bbp_voice_count":0,"_bbp_anonymous_reply_count":0,"_bbp_topic_count_hidden":0,"_bbp_reply_count_hidden":0,"_bbp_forum_subforum_count":0,"footnotes":""},"categories":[1],"tags":[64,63],"class_list":["post-768","post","type-post","status-publish","format-standard","hentry","category-general","tag-matricula","tag-preinscripcio"],"post_mailing_queue_ids":[],"_links":{"self":[{"href":"https:\/\/agora.xtec.cat\/eeielrodo\/wp-json\/wp\/v2\/posts\/768","targetHints":{"allow":["GET"]}}],"collection":[{"href":"https:\/\/agora.xtec.cat\/eeielrodo\/wp-json\/wp\/v2\/posts"}],"about":[{"href":"https:\/\/agora.xtec.cat\/eeielrodo\/wp-json\/wp\/v2\/types\/post"}],"author":[{"embeddable":true,"href":"https:\/\/agora.xtec.cat\/eeielrodo\/wp-json\/wp\/v2\/users\/1"}],"replies":[{"embeddable":true,"href":"https:\/\/agora.xtec.cat\/eeielrodo\/wp-json\/wp\/v2\/comments?post=768"}],"version-history":[{"count":2,"href":"https:\/\/agora.xtec.cat\/eeielrodo\/wp-json\/wp\/v2\/posts\/768\/revisions"}],"predecessor-version":[{"id":773,"href":"https:\/\/agora.xtec.cat\/eeielrodo\/wp-json\/wp\/v2\/posts\/768\/revisions\/773"}],"wp:attachment":[{"href":"https:\/\/agora.xtec.cat\/eeielrodo\/wp-json\/wp\/v2\/media?parent=768"}],"wp:term":[{"taxonomy":"category","embeddable":true,"href":"https:\/\/agora.xtec.cat\/eeielrodo\/wp-json\/wp\/v2\/categories?post=768"},{"taxonomy":"post_tag","embeddable":true,"href":"https:\/\/agora.xtec.cat\/eeielrodo\/wp-json\/wp\/v2\/tags?post=768"}],"curies":[{"name":"wp","href":"https:\/\/api.w.org\/{rel}","templated":true}]}}