{"id":752,"date":"2020-05-13T13:58:18","date_gmt":"2020-05-13T11:58:18","guid":{"rendered":"https:\/\/agora.xtec.cat\/eeielrodo\/?p=752"},"modified":"2020-05-17T21:34:10","modified_gmt":"2020-05-17T19:34:10","slug":"una-pausa-inesperada-molts-records-i-un-gran-desig-de-salut-i-retrobament","status":"publish","type":"post","link":"https:\/\/agora.xtec.cat\/eeielrodo\/general\/una-pausa-inesperada-molts-records-i-un-gran-desig-de-salut-i-retrobament\/","title":{"rendered":"UNA PAUSA INESPERADA , MOLTS RECORDS I UN GRAN DESIG DE SALUT I RETROBAMENT"},"content":{"rendered":"<p>El dijous 12 de mar\u00e7 vam dir ad\u00e9u a l\u2019escola, de manera inesperada. Vosaltres fam\u00edlies i nosaltres , anem aprenent a sobreposar-nos a aquesta situaci\u00f3, vivint el present tant b\u00e9 com sabem. Som conscients que viure i gaudir aquest temps amb fam\u00edlia \u00e9s tot un tresor i alhora un gran repte , diferent a cada situaci\u00f3, cada dia, a cada moment&#8230;Intu\u00efm que quan ens en sortim, ens haurem d\u2019acompanyar uns als altres per anar-nos refent.<\/p>\n<p>Dit aix\u00f2 sapigueu que quan tanquem els ulls , us pensem, us sentim i ens v\u00e9nen records de vosaltres, nens i nenes, pares i mares, avis i \u00e0vies\u2026 I com diu Mario Benedetti, \u201cning\u00fa ens va advertir que enyorar \u00e9s el cost que tenen els bons moments\u201d.<\/p>\n<p>Al Rod\u00f3, les estances est\u00e0n com ho recordem per\u00f2 en silenci. Al jard\u00ed, la natura sempre present ,est\u00e0 seguint el seu proc\u00e9s i ens espera\u2026<\/p>\n<p>I mentrestant, un recull de moments viscuts perqu\u00e8 ens facin companyia!<\/p>\n<p><iframe loading=\"lazy\" title=\"UNA PAUSA INESPERADA , MOLTS RECORDS I UN GRAN DESIG DE SALUT I RETROBAMENT\" width=\"500\" height=\"375\" src=\"https:\/\/www.youtube.com\/embed\/YPwOqN_gpDo?feature=oembed\" frameborder=\"0\" allow=\"accelerometer; autoplay; clipboard-write; encrypted-media; gyroscope; picture-in-picture; web-share\" referrerpolicy=\"strict-origin-when-cross-origin\" allowfullscreen><\/iframe><\/p>\n<p>&nbsp;<\/p>\n","protected":false},"excerpt":{"rendered":"<p>El dijous 12 de mar\u00e7 vam dir ad\u00e9u a l\u2019escola, de manera inesperada. Vosaltres fam\u00edlies i nosaltres , anem aprenent a sobreposar-nos a aquesta situaci\u00f3, vivint el present tant b\u00e9 com sabem. Som conscients que viure i gaudir aquest temps amb fam\u00edlia \u00e9s tot un&hellip;  <a href=\"https:\/\/agora.xtec.cat\/eeielrodo\/general\/una-pausa-inesperada-molts-records-i-un-gran-desig-de-salut-i-retrobament\/\" title=\"Read UNA PAUSA INESPERADA , MOLTS RECORDS I UN GRAN DESIG DE SALUT I RETROBAMENT\">Llegeix m\u00e9s\u00bb<\/a><\/p>\n","protected":false},"author":1,"featured_media":755,"comment_status":"open","ping_status":"closed","sticky":false,"template":"","format":"standard","meta":{"_bbp_topic_count":0,"_bbp_reply_count":0,"_bbp_total_topic_count":0,"_bbp_total_reply_count":0,"_bbp_voice_count":0,"_bbp_anonymous_reply_count":0,"_bbp_topic_count_hidden":0,"_bbp_reply_count_hidden":0,"_bbp_forum_subforum_count":0,"footnotes":""},"categories":[1,4],"tags":[62],"class_list":["post-752","post","type-post","status-publish","format-standard","has-post-thumbnail","hentry","category-general","category-portada","tag-covid-19"],"post_mailing_queue_ids":[],"_links":{"self":[{"href":"https:\/\/agora.xtec.cat\/eeielrodo\/wp-json\/wp\/v2\/posts\/752","targetHints":{"allow":["GET"]}}],"collection":[{"href":"https:\/\/agora.xtec.cat\/eeielrodo\/wp-json\/wp\/v2\/posts"}],"about":[{"href":"https:\/\/agora.xtec.cat\/eeielrodo\/wp-json\/wp\/v2\/types\/post"}],"author":[{"embeddable":true,"href":"https:\/\/agora.xtec.cat\/eeielrodo\/wp-json\/wp\/v2\/users\/1"}],"replies":[{"embeddable":true,"href":"https:\/\/agora.xtec.cat\/eeielrodo\/wp-json\/wp\/v2\/comments?post=752"}],"version-history":[{"count":2,"href":"https:\/\/agora.xtec.cat\/eeielrodo\/wp-json\/wp\/v2\/posts\/752\/revisions"}],"predecessor-version":[{"id":756,"href":"https:\/\/agora.xtec.cat\/eeielrodo\/wp-json\/wp\/v2\/posts\/752\/revisions\/756"}],"wp:featuredmedia":[{"embeddable":true,"href":"https:\/\/agora.xtec.cat\/eeielrodo\/wp-json\/wp\/v2\/media\/755"}],"wp:attachment":[{"href":"https:\/\/agora.xtec.cat\/eeielrodo\/wp-json\/wp\/v2\/media?parent=752"}],"wp:term":[{"taxonomy":"category","embeddable":true,"href":"https:\/\/agora.xtec.cat\/eeielrodo\/wp-json\/wp\/v2\/categories?post=752"},{"taxonomy":"post_tag","embeddable":true,"href":"https:\/\/agora.xtec.cat\/eeielrodo\/wp-json\/wp\/v2\/tags?post=752"}],"curies":[{"name":"wp","href":"https:\/\/api.w.org\/{rel}","templated":true}]}}