{"id":2592,"date":"2026-04-23T15:54:11","date_gmt":"2026-04-23T13:54:11","guid":{"rendered":"https:\/\/agora.xtec.cat\/eeielrodo\/?p=2592"},"modified":"2026-04-23T15:54:11","modified_gmt":"2026-04-23T13:54:11","slug":"sant-jordi-26","status":"publish","type":"post","link":"https:\/\/agora.xtec.cat\/eeielrodo\/general\/sant-jordi-26\/","title":{"rendered":"SANT JORDI &#8217;26"},"content":{"rendered":"<p data-start=\"0\" data-end=\"157\">Amb motiu de la Diada de Sant Jordi, aquesta setmana l\u2019escola s\u2019ha omplert de m\u00e0gia, paraules i moments compartits gr\u00e0cies a la participaci\u00f3 de les fam\u00edlies.<\/p>\n<p data-start=\"159\" data-end=\"468\">Cada dia durant aquesta setmana hem tingut la sort de comptar amb mares, pares, avis, \u00e0vies i altres familiars que han vingut a l\u2019escola per compartir hist\u00f2ries amb els infants. Hem gaudit de contes plens d\u2019imaginaci\u00f3, representacions amb titelles, ombres xineses i moltes altres propostes creatives que han captivat grans i petits.<\/p>\n<p data-start=\"159\" data-end=\"468\"><a href=\"https:\/\/agora.xtec.cat\/eeielrodo\/wp-content\/uploads\/usu2175\/2026\/04\/WhatsApp-Image-2026-04-22-at-11.353.27.jpeg\"><img loading=\"lazy\" decoding=\"async\" class=\"size-medium wp-image-2597 alignleft\" src=\"https:\/\/agora.xtec.cat\/eeielrodo\/wp-content\/uploads\/usu2175\/2026\/04\/WhatsApp-Image-2026-04-22-at-11.353.27-300x225.jpeg\" alt=\"\" width=\"300\" height=\"225\" srcset=\"https:\/\/agora.xtec.cat\/eeielrodo\/wp-content\/uploads\/usu2175\/2026\/04\/WhatsApp-Image-2026-04-22-at-11.353.27-300x225.jpeg 300w, https:\/\/agora.xtec.cat\/eeielrodo\/wp-content\/uploads\/usu2175\/2026\/04\/WhatsApp-Image-2026-04-22-at-11.353.27-1024x768.jpeg 1024w, https:\/\/agora.xtec.cat\/eeielrodo\/wp-content\/uploads\/usu2175\/2026\/04\/WhatsApp-Image-2026-04-22-at-11.353.27-768x576.jpeg 768w, https:\/\/agora.xtec.cat\/eeielrodo\/wp-content\/uploads\/usu2175\/2026\/04\/WhatsApp-Image-2026-04-22-at-11.353.27-1536x1152.jpeg 1536w, https:\/\/agora.xtec.cat\/eeielrodo\/wp-content\/uploads\/usu2175\/2026\/04\/WhatsApp-Image-2026-04-22-at-11.353.27-200x150.jpeg 200w, https:\/\/agora.xtec.cat\/eeielrodo\/wp-content\/uploads\/usu2175\/2026\/04\/WhatsApp-Image-2026-04-22-at-11.353.27.jpeg 2048w\" sizes=\"auto, (max-width: 300px) 100vw, 300px\" \/><\/a><a href=\"https:\/\/agora.xtec.cat\/eeielrodo\/wp-content\/uploads\/usu2175\/2026\/04\/WhatsApp-Image-2026-04-22-at-11.35.27.jpeg\"><img loading=\"lazy\" decoding=\"async\" class=\"size-medium wp-image-2596 alignleft\" src=\"https:\/\/agora.xtec.cat\/eeielrodo\/wp-content\/uploads\/usu2175\/2026\/04\/WhatsApp-Image-2026-04-22-at-11.35.27-300x225.jpeg\" alt=\"\" width=\"300\" height=\"225\" srcset=\"https:\/\/agora.xtec.cat\/eeielrodo\/wp-content\/uploads\/usu2175\/2026\/04\/WhatsApp-Image-2026-04-22-at-11.35.27-300x225.jpeg 300w, https:\/\/agora.xtec.cat\/eeielrodo\/wp-content\/uploads\/usu2175\/2026\/04\/WhatsApp-Image-2026-04-22-at-11.35.27-1024x768.jpeg 1024w, https:\/\/agora.xtec.cat\/eeielrodo\/wp-content\/uploads\/usu2175\/2026\/04\/WhatsApp-Image-2026-04-22-at-11.35.27-768x576.jpeg 768w, https:\/\/agora.xtec.cat\/eeielrodo\/wp-content\/uploads\/usu2175\/2026\/04\/WhatsApp-Image-2026-04-22-at-11.35.27-1536x1152.jpeg 1536w, https:\/\/agora.xtec.cat\/eeielrodo\/wp-content\/uploads\/usu2175\/2026\/04\/WhatsApp-Image-2026-04-22-at-11.35.27-200x150.jpeg 200w, https:\/\/agora.xtec.cat\/eeielrodo\/wp-content\/uploads\/usu2175\/2026\/04\/WhatsApp-Image-2026-04-22-at-11.35.27.jpeg 2048w\" sizes=\"auto, (max-width: 300px) 100vw, 300px\" \/><\/a><a href=\"https:\/\/agora.xtec.cat\/eeielrodo\/wp-content\/uploads\/usu2175\/2026\/04\/WhatsApp-Image-2026-04-22-at-15.19.22.jpeg\"><img loading=\"lazy\" decoding=\"async\" class=\"size-medium wp-image-2599 alignleft\" src=\"https:\/\/agora.xtec.cat\/eeielrodo\/wp-content\/uploads\/usu2175\/2026\/04\/WhatsApp-Image-2026-04-22-at-15.19.22-300x225.jpeg\" alt=\"\" width=\"300\" height=\"225\" srcset=\"https:\/\/agora.xtec.cat\/eeielrodo\/wp-content\/uploads\/usu2175\/2026\/04\/WhatsApp-Image-2026-04-22-at-15.19.22-300x225.jpeg 300w, https:\/\/agora.xtec.cat\/eeielrodo\/wp-content\/uploads\/usu2175\/2026\/04\/WhatsApp-Image-2026-04-22-at-15.19.22-1024x768.jpeg 1024w, https:\/\/agora.xtec.cat\/eeielrodo\/wp-content\/uploads\/usu2175\/2026\/04\/WhatsApp-Image-2026-04-22-at-15.19.22-768x576.jpeg 768w, https:\/\/agora.xtec.cat\/eeielrodo\/wp-content\/uploads\/usu2175\/2026\/04\/WhatsApp-Image-2026-04-22-at-15.19.22-1536x1152.jpeg 1536w, https:\/\/agora.xtec.cat\/eeielrodo\/wp-content\/uploads\/usu2175\/2026\/04\/WhatsApp-Image-2026-04-22-at-15.19.22-200x150.jpeg 200w, https:\/\/agora.xtec.cat\/eeielrodo\/wp-content\/uploads\/usu2175\/2026\/04\/WhatsApp-Image-2026-04-22-at-15.19.22.jpeg 1600w\" sizes=\"auto, (max-width: 300px) 100vw, 300px\" \/><\/a>A m\u00e9s, l\u2019AFA ha volgut sumar-se a aquesta celebraci\u00f3 regalant contes per a l\u2019escola, un recurs que ens permetr\u00e0 continuar fomentant el gust per la lectura m\u00e9s enll\u00e0 d\u2019aquesta setmana tan especial.<\/p>\n<p data-start=\"668\" data-end=\"882\">Ha estat una experi\u00e8ncia molt enriquidora que ha perm\u00e8s crear vincles, fomentar el gust per la lectura i viure Sant Jordi d\u2019una manera molt especial, fent de l\u2019escola un espai viu de cultura i emocions compartides.<\/p>\n<p data-start=\"884\" data-end=\"1057\"><a href=\"https:\/\/agora.xtec.cat\/eeielrodo\/wp-content\/uploads\/usu2175\/2026\/04\/WhatsApp-Image-2026-04-23-at-15.37.32.jpeg\"><img loading=\"lazy\" decoding=\"async\" class=\"size-medium wp-image-2608 alignleft\" src=\"https:\/\/agora.xtec.cat\/eeielrodo\/wp-content\/uploads\/usu2175\/2026\/04\/WhatsApp-Image-2026-04-23-at-15.37.32-300x204.jpeg\" alt=\"\" width=\"300\" height=\"204\" srcset=\"https:\/\/agora.xtec.cat\/eeielrodo\/wp-content\/uploads\/usu2175\/2026\/04\/WhatsApp-Image-2026-04-23-at-15.37.32-300x204.jpeg 300w, https:\/\/agora.xtec.cat\/eeielrodo\/wp-content\/uploads\/usu2175\/2026\/04\/WhatsApp-Image-2026-04-23-at-15.37.32-1024x695.jpeg 1024w, https:\/\/agora.xtec.cat\/eeielrodo\/wp-content\/uploads\/usu2175\/2026\/04\/WhatsApp-Image-2026-04-23-at-15.37.32-768x521.jpeg 768w, https:\/\/agora.xtec.cat\/eeielrodo\/wp-content\/uploads\/usu2175\/2026\/04\/WhatsApp-Image-2026-04-23-at-15.37.32-1536x1043.jpeg 1536w, https:\/\/agora.xtec.cat\/eeielrodo\/wp-content\/uploads\/usu2175\/2026\/04\/WhatsApp-Image-2026-04-23-at-15.37.32.jpeg 1697w\" sizes=\"auto, (max-width: 300px) 100vw, 300px\" \/><\/a><\/p>\n<p data-start=\"884\" data-end=\"1057\">Degut a la gran acollida de la iniciativa, la setmana vinent encara rebrem la visita de noves fam\u00edlies que ens portaran m\u00e9s contes i aventures per continuar gaudint plegats.<\/p>\n<p data-start=\"1059\" data-end=\"1192\">Moltes gr\u00e0cies a totes les fam\u00edlies, a l\u2019AFA i a totes les persones que ho han fet possible per la vostra implicaci\u00f3 i col\u00b7laboraci\u00f3!<\/p>\n<p data-start=\"1194\" data-end=\"1292\" data-is-last-node=\"\" data-is-only-node=\"\">I, per acabar, volem felicitar tots els Jordins i les Jordines en el seu dia. Per molts anys! \ud83c\udf39<\/p>\n","protected":false},"excerpt":{"rendered":"<p>Amb motiu de la Diada de Sant Jordi, aquesta setmana l\u2019escola s\u2019ha omplert de m\u00e0gia, paraules i moments compartits gr\u00e0cies a la participaci\u00f3 de les fam\u00edlies.<br \/>\nCada dia durant aquesta setmana hem tingut la sort de comptar amb mares, pares, avis, \u00e0vies i altres familiars que&hellip;  <a href=\"https:\/\/agora.xtec.cat\/eeielrodo\/general\/sant-jordi-26\/\" title=\"Read SANT JORDI &#8217;26\">Llegeix m\u00e9s\u00bb<\/a><\/p>\n","protected":false},"author":1,"featured_media":2596,"comment_status":"open","ping_status":"open","sticky":false,"template":"","format":"standard","meta":{"_bbp_topic_count":0,"_bbp_reply_count":0,"_bbp_total_topic_count":0,"_bbp_total_reply_count":0,"_bbp_voice_count":0,"_bbp_anonymous_reply_count":0,"_bbp_topic_count_hidden":0,"_bbp_reply_count_hidden":0,"_bbp_forum_subforum_count":0,"footnotes":""},"categories":[7,1,4],"tags":[],"class_list":["post-2592","post","type-post","status-publish","format-standard","has-post-thumbnail","hentry","category-afa","category-general","category-portada"],"post_mailing_queue_ids":[],"_links":{"self":[{"href":"https:\/\/agora.xtec.cat\/eeielrodo\/wp-json\/wp\/v2\/posts\/2592","targetHints":{"allow":["GET"]}}],"collection":[{"href":"https:\/\/agora.xtec.cat\/eeielrodo\/wp-json\/wp\/v2\/posts"}],"about":[{"href":"https:\/\/agora.xtec.cat\/eeielrodo\/wp-json\/wp\/v2\/types\/post"}],"author":[{"embeddable":true,"href":"https:\/\/agora.xtec.cat\/eeielrodo\/wp-json\/wp\/v2\/users\/1"}],"replies":[{"embeddable":true,"href":"https:\/\/agora.xtec.cat\/eeielrodo\/wp-json\/wp\/v2\/comments?post=2592"}],"version-history":[{"count":6,"href":"https:\/\/agora.xtec.cat\/eeielrodo\/wp-json\/wp\/v2\/posts\/2592\/revisions"}],"predecessor-version":[{"id":2612,"href":"https:\/\/agora.xtec.cat\/eeielrodo\/wp-json\/wp\/v2\/posts\/2592\/revisions\/2612"}],"wp:featuredmedia":[{"embeddable":true,"href":"https:\/\/agora.xtec.cat\/eeielrodo\/wp-json\/wp\/v2\/media\/2596"}],"wp:attachment":[{"href":"https:\/\/agora.xtec.cat\/eeielrodo\/wp-json\/wp\/v2\/media?parent=2592"}],"wp:term":[{"taxonomy":"category","embeddable":true,"href":"https:\/\/agora.xtec.cat\/eeielrodo\/wp-json\/wp\/v2\/categories?post=2592"},{"taxonomy":"post_tag","embeddable":true,"href":"https:\/\/agora.xtec.cat\/eeielrodo\/wp-json\/wp\/v2\/tags?post=2592"}],"curies":[{"name":"wp","href":"https:\/\/api.w.org\/{rel}","templated":true}]}}