{"id":2583,"date":"2026-04-15T16:24:43","date_gmt":"2026-04-15T14:24:43","guid":{"rendered":"https:\/\/agora.xtec.cat\/eeielrodo\/?p=2583"},"modified":"2026-04-22T15:05:49","modified_gmt":"2026-04-22T13:05:49","slug":"portes-obertes-26-27","status":"publish","type":"post","link":"https:\/\/agora.xtec.cat\/eeielrodo\/general\/portes-obertes-26-27\/","title":{"rendered":"PORTES OBERTES 26-27"},"content":{"rendered":"<p><a href=\"https:\/\/agora.xtec.cat\/eeielrodo\/wp-content\/uploads\/usu2175\/2026\/04\/Captura-de-pantalla-65.png\"><img loading=\"lazy\" decoding=\"async\" class=\" wp-image-2587 alignleft\" src=\"https:\/\/agora.xtec.cat\/eeielrodo\/wp-content\/uploads\/usu2175\/2026\/04\/Captura-de-pantalla-65-209x300.png\" alt=\"\" width=\"198\" height=\"284\" srcset=\"https:\/\/agora.xtec.cat\/eeielrodo\/wp-content\/uploads\/usu2175\/2026\/04\/Captura-de-pantalla-65-209x300.png 209w, https:\/\/agora.xtec.cat\/eeielrodo\/wp-content\/uploads\/usu2175\/2026\/04\/Captura-de-pantalla-65.png 556w\" sizes=\"auto, (max-width: 198px) 100vw, 198px\" \/><\/a>Les portes obertes s\u00f3n una oportunitat perqu\u00e8 les fam\u00edlies pugueu parlar amb el equip educatiu, resoldre dubtes, con\u00e8ixer els espais i el projecte educatiu de les escoles.<\/p>\n<p><strong>\u00a0 \u00a0 \u00a0Escola Bressol Municipal La Traca: <\/strong>Dilluns 27 d\u2019abril de 2026, a les 17.30h<\/p>\n<p><strong>\u00a0 \u00a0 \u00a0Escola Bressol Municipal el Rod\u00f3: <\/strong>Dimarts 28 d\u2019abril de 2026, a les 17.30h<\/p>\n<p><strong>\u00a0 \u00a0 \u00a0Escola Bressol Municipal El Mol\u00ed: <\/strong>Dimecres 29 d\u2019abril de 2026, a les 17.30h<\/p>\n<p>Inscripci\u00f3 a les Portes Obertes 26-27 de les Escoles Bressol Municipals\u00a0<strong>del 7 d\u2019abril a partir de les 9.00 h fins al 22 d\u2019abril de 2026 a les 17.00 h.\u00a0<\/strong><\/p>\n<h4><a href=\"https:\/\/forms.gle\/g9Tg4nrMp6MDwqn26\"><strong>\u00a0<i class=\"fa fa-link\"><\/i>\u00a0 Inscripci\u00f3 a les portes obertes<\/strong><\/a><\/h4>\n<p>Com a principal novetat, enguany es crea una llista \u00fanica que permet prioritzar les preinscripcions de les fam\u00edlies molinenques.<\/p>\n<p><strong>\u00a0<i class=\"fa fa-exclamation-triangle\"><\/i>\u00a0Important:<\/strong>\u00a0\u00c9s essencial que hi assistiu sense els vostres fills i filles (independentment de l\u2019edat dels infants) at\u00e8s que aquesta visita est\u00e0 dissenyada \u00fanica i exclusivament per adults.<\/p>\n","protected":false},"excerpt":{"rendered":"<p><a href=\"https:\/\/agora.xtec.cat\/eeielrodo\/wp-content\/uploads\/usu2175\/2026\/04\/Captura-de-pantalla-65.png\"><\/a>Les portes obertes s\u00f3n una oportunitat perqu\u00e8 les fam\u00edlies pugueu parlar amb el equip educatiu, resoldre dubtes, con\u00e8ixer els espais i el projecte educatiu de les escoles.<br \/>\n\u00a0 \u00a0 \u00a0Escola Bressol Municipal La Traca: Dilluns 27 d\u2019abril de 2026, a les 17.30h<br \/>\n\u00a0 \u00a0 \u00a0Escola Bressol&hellip;  <a href=\"https:\/\/agora.xtec.cat\/eeielrodo\/general\/portes-obertes-26-27\/\" title=\"Read PORTES OBERTES 26-27\">Llegeix m\u00e9s\u00bb<\/a><\/p>\n","protected":false},"author":1,"featured_media":2587,"comment_status":"open","ping_status":"open","sticky":false,"template":"","format":"standard","meta":{"_bbp_topic_count":0,"_bbp_reply_count":0,"_bbp_total_topic_count":0,"_bbp_total_reply_count":0,"_bbp_voice_count":0,"_bbp_anonymous_reply_count":0,"_bbp_topic_count_hidden":0,"_bbp_reply_count_hidden":0,"_bbp_forum_subforum_count":0,"footnotes":""},"categories":[1,4],"tags":[],"class_list":["post-2583","post","type-post","status-publish","format-standard","has-post-thumbnail","hentry","category-general","category-portada"],"post_mailing_queue_ids":[],"_links":{"self":[{"href":"https:\/\/agora.xtec.cat\/eeielrodo\/wp-json\/wp\/v2\/posts\/2583","targetHints":{"allow":["GET"]}}],"collection":[{"href":"https:\/\/agora.xtec.cat\/eeielrodo\/wp-json\/wp\/v2\/posts"}],"about":[{"href":"https:\/\/agora.xtec.cat\/eeielrodo\/wp-json\/wp\/v2\/types\/post"}],"author":[{"embeddable":true,"href":"https:\/\/agora.xtec.cat\/eeielrodo\/wp-json\/wp\/v2\/users\/1"}],"replies":[{"embeddable":true,"href":"https:\/\/agora.xtec.cat\/eeielrodo\/wp-json\/wp\/v2\/comments?post=2583"}],"version-history":[{"count":5,"href":"https:\/\/agora.xtec.cat\/eeielrodo\/wp-json\/wp\/v2\/posts\/2583\/revisions"}],"predecessor-version":[{"id":2591,"href":"https:\/\/agora.xtec.cat\/eeielrodo\/wp-json\/wp\/v2\/posts\/2583\/revisions\/2591"}],"wp:featuredmedia":[{"embeddable":true,"href":"https:\/\/agora.xtec.cat\/eeielrodo\/wp-json\/wp\/v2\/media\/2587"}],"wp:attachment":[{"href":"https:\/\/agora.xtec.cat\/eeielrodo\/wp-json\/wp\/v2\/media?parent=2583"}],"wp:term":[{"taxonomy":"category","embeddable":true,"href":"https:\/\/agora.xtec.cat\/eeielrodo\/wp-json\/wp\/v2\/categories?post=2583"},{"taxonomy":"post_tag","embeddable":true,"href":"https:\/\/agora.xtec.cat\/eeielrodo\/wp-json\/wp\/v2\/tags?post=2583"}],"curies":[{"name":"wp","href":"https:\/\/api.w.org\/{rel}","templated":true}]}}