{"id":2546,"date":"2026-03-06T09:36:37","date_gmt":"2026-03-06T08:36:37","guid":{"rendered":"https:\/\/agora.xtec.cat\/eeielrodo\/?p=2546"},"modified":"2026-03-06T12:58:35","modified_gmt":"2026-03-06T11:58:35","slug":"hivern-amb-els-sentits","status":"publish","type":"post","link":"https:\/\/agora.xtec.cat\/eeielrodo\/general\/hivern-amb-els-sentits\/","title":{"rendered":"HIVERN AMB ELS SENTITS"},"content":{"rendered":"\n<p>Aquests dies de pluja ens conviden a parlar amb els infants sobre el fred, l\u2019hivern i els paisatges on la neu i el gel s\u00f3n protagonistes. Aprofitant aquest ambient m\u00e9s hivernal, a l\u2019estan\u00e7a de I2 van preparar una proposta de joc i experimentaci\u00f3 inspirada en aquests entorns perqu\u00e8 els infants puguin explorar, manipular i imaginar lliurement.<\/p>\n\n\n\n<p>En una gran safata van crear un mini m\u00f3n d\u2019hivern amb diferents materials: arr\u00f2s que simula la neu, peces de gel, pedres de tons blavosos i verdosos, petits arcs i construccions de fusta i diverses figures d\u2019animals com ossos polars, foques o morses. Tot plegat crea un escenari que convida a tocar, moure, omplir, buidar, amagar i descobrir.<\/p>\n\n\n\n<div class=\"wp-block-group has-medium-font-size is-nowrap is-layout-flex wp-container-core-group-is-layout-2 wp-block-group-is-layout-flex\"><div class=\"wp-block-image\">\n<figure class=\"aligncenter size-medium\"><a href=\"https:\/\/agora.xtec.cat\/eeielrodo\/wp-content\/uploads\/usu2175\/2026\/03\/WhatsApp-Image-2026-03-06-at-09.22.46-scaled.jpeg\"><img loading=\"lazy\" decoding=\"async\" width=\"300\" height=\"225\" src=\"https:\/\/agora.xtec.cat\/eeielrodo\/wp-content\/uploads\/usu2175\/2026\/03\/WhatsApp-Image-2026-03-06-at-09.22.46-300x225.jpeg\" alt=\"\" class=\"wp-image-2548\" srcset=\"https:\/\/agora.xtec.cat\/eeielrodo\/wp-content\/uploads\/usu2175\/2026\/03\/WhatsApp-Image-2026-03-06-at-09.22.46-300x225.jpeg 300w, https:\/\/agora.xtec.cat\/eeielrodo\/wp-content\/uploads\/usu2175\/2026\/03\/WhatsApp-Image-2026-03-06-at-09.22.46-1024x768.jpeg 1024w, https:\/\/agora.xtec.cat\/eeielrodo\/wp-content\/uploads\/usu2175\/2026\/03\/WhatsApp-Image-2026-03-06-at-09.22.46-768x576.jpeg 768w, https:\/\/agora.xtec.cat\/eeielrodo\/wp-content\/uploads\/usu2175\/2026\/03\/WhatsApp-Image-2026-03-06-at-09.22.46-1536x1152.jpeg 1536w, https:\/\/agora.xtec.cat\/eeielrodo\/wp-content\/uploads\/usu2175\/2026\/03\/WhatsApp-Image-2026-03-06-at-09.22.46-2048x1536.jpeg 2048w, https:\/\/agora.xtec.cat\/eeielrodo\/wp-content\/uploads\/usu2175\/2026\/03\/WhatsApp-Image-2026-03-06-at-09.22.46-200x150.jpeg 200w\" sizes=\"auto, (max-width: 300px) 100vw, 300px\" \/><\/a><\/figure><\/div>\n\n\n<div class=\"wp-block-group is-nowrap is-layout-flex wp-container-core-group-is-layout-1 wp-block-group-is-layout-flex\">\n<figure class=\"wp-block-image size-medium\"><a href=\"https:\/\/agora.xtec.cat\/eeielrodo\/wp-content\/uploads\/usu2175\/2026\/03\/WhatsApp-Image-2026-03-06-at-09.39.49.jpeg\"><img loading=\"lazy\" decoding=\"async\" width=\"300\" height=\"225\" src=\"https:\/\/agora.xtec.cat\/eeielrodo\/wp-content\/uploads\/usu2175\/2026\/03\/WhatsApp-Image-2026-03-06-at-09.39.49-300x225.jpeg\" alt=\"\" class=\"wp-image-2552\" srcset=\"https:\/\/agora.xtec.cat\/eeielrodo\/wp-content\/uploads\/usu2175\/2026\/03\/WhatsApp-Image-2026-03-06-at-09.39.49-300x225.jpeg 300w, https:\/\/agora.xtec.cat\/eeielrodo\/wp-content\/uploads\/usu2175\/2026\/03\/WhatsApp-Image-2026-03-06-at-09.39.49-1024x768.jpeg 1024w, https:\/\/agora.xtec.cat\/eeielrodo\/wp-content\/uploads\/usu2175\/2026\/03\/WhatsApp-Image-2026-03-06-at-09.39.49-768x576.jpeg 768w, https:\/\/agora.xtec.cat\/eeielrodo\/wp-content\/uploads\/usu2175\/2026\/03\/WhatsApp-Image-2026-03-06-at-09.39.49-1536x1152.jpeg 1536w, https:\/\/agora.xtec.cat\/eeielrodo\/wp-content\/uploads\/usu2175\/2026\/03\/WhatsApp-Image-2026-03-06-at-09.39.49-200x150.jpeg 200w, https:\/\/agora.xtec.cat\/eeielrodo\/wp-content\/uploads\/usu2175\/2026\/03\/WhatsApp-Image-2026-03-06-at-09.39.49.jpeg 1600w\" sizes=\"auto, (max-width: 300px) 100vw, 300px\" \/><\/a><\/figure>\n<\/div>\n\n\n<div class=\"wp-block-image\">\n<figure class=\"aligncenter size-medium\"><a href=\"https:\/\/agora.xtec.cat\/eeielrodo\/wp-content\/uploads\/usu2175\/2026\/03\/WhatsApp-Image-2026-03-06-at-09.22.26-1.jpeg\"><img loading=\"lazy\" decoding=\"async\" width=\"300\" height=\"225\" src=\"https:\/\/agora.xtec.cat\/eeielrodo\/wp-content\/uploads\/usu2175\/2026\/03\/WhatsApp-Image-2026-03-06-at-09.22.26-1-300x225.jpeg\" alt=\"\" class=\"wp-image-2549\" srcset=\"https:\/\/agora.xtec.cat\/eeielrodo\/wp-content\/uploads\/usu2175\/2026\/03\/WhatsApp-Image-2026-03-06-at-09.22.26-1-300x225.jpeg 300w, https:\/\/agora.xtec.cat\/eeielrodo\/wp-content\/uploads\/usu2175\/2026\/03\/WhatsApp-Image-2026-03-06-at-09.22.26-1-1024x768.jpeg 1024w, https:\/\/agora.xtec.cat\/eeielrodo\/wp-content\/uploads\/usu2175\/2026\/03\/WhatsApp-Image-2026-03-06-at-09.22.26-1-768x576.jpeg 768w, https:\/\/agora.xtec.cat\/eeielrodo\/wp-content\/uploads\/usu2175\/2026\/03\/WhatsApp-Image-2026-03-06-at-09.22.26-1-1536x1152.jpeg 1536w, https:\/\/agora.xtec.cat\/eeielrodo\/wp-content\/uploads\/usu2175\/2026\/03\/WhatsApp-Image-2026-03-06-at-09.22.26-1-200x150.jpeg 200w, https:\/\/agora.xtec.cat\/eeielrodo\/wp-content\/uploads\/usu2175\/2026\/03\/WhatsApp-Image-2026-03-06-at-09.22.26-1.jpeg 1600w\" sizes=\"auto, (max-width: 300px) 100vw, 300px\" \/><\/a><\/figure><\/div><\/div>\n\n\n\n<p>A trav\u00e9s d\u2019aquesta proposta els infants tenen l\u2019oportunitat d\u2019explorar amb les mans i els sentits. Manipulen els materials, observen qu\u00e8 passa quan els mouen o els combinen i van construint petites hist\u00f2ries amb els animals. Alguns amaguen els animals sota la \u201cneu\u201d, altres els fan passar pels ponts o els col\u00b7loquen dins dels petits refugis que troben a la safata.<\/p>\n\n\n\n<p>Aquest tipus de joc \u00e9s molt important en aquesta etapa, ja que els infants aprenen principalment a trav\u00e9s de l\u2019experimentaci\u00f3 directa. Mentre juguen, desenvolupen la motricitat fina, la coordinaci\u00f3, la curiositat i la capacitat d\u2019observaci\u00f3. Tamb\u00e9 \u00e9s un bon moment per posar paraules al que fan, als animals que apareixen i a les sensacions que experimenten, afavorint aix\u00ed el desenvolupament del llenguatge.<\/p>\n\n\n\n<p>Propostes com aquesta tenen una clara intencionalitat educativa, per\u00f2 sempre parteixen del joc lliure i del respecte pel ritme de cada infant. L\u2019objectiu \u00e9s oferir un espai ric en est\u00edmuls on puguin investigar, provar, imaginar i gaudir.<\/p>\n\n\n\n<p><\/p>\n","protected":false},"excerpt":{"rendered":"<p>Aquests dies de pluja ens conviden a parlar amb els infants sobre el fred, l\u2019hivern i els paisatges on la neu i el gel s\u00f3n protagonistes. Aprofitant aquest ambient m\u00e9s hivernal, a l\u2019estan\u00e7a de I2 van preparar una proposta de joc i experimentaci\u00f3 inspirada en&hellip;  <a href=\"https:\/\/agora.xtec.cat\/eeielrodo\/general\/hivern-amb-els-sentits\/\" title=\"Read HIVERN AMB ELS SENTITS\">Llegeix m\u00e9s\u00bb<\/a><\/p>\n","protected":false},"author":1,"featured_media":2549,"comment_status":"open","ping_status":"open","sticky":false,"template":"","format":"standard","meta":{"_bbp_topic_count":0,"_bbp_reply_count":0,"_bbp_total_topic_count":0,"_bbp_total_reply_count":0,"_bbp_voice_count":0,"_bbp_anonymous_reply_count":0,"_bbp_topic_count_hidden":0,"_bbp_reply_count_hidden":0,"_bbp_forum_subforum_count":0,"footnotes":""},"categories":[1,4],"tags":[],"class_list":["post-2546","post","type-post","status-publish","format-standard","has-post-thumbnail","hentry","category-general","category-portada"],"post_mailing_queue_ids":[],"_links":{"self":[{"href":"https:\/\/agora.xtec.cat\/eeielrodo\/wp-json\/wp\/v2\/posts\/2546","targetHints":{"allow":["GET"]}}],"collection":[{"href":"https:\/\/agora.xtec.cat\/eeielrodo\/wp-json\/wp\/v2\/posts"}],"about":[{"href":"https:\/\/agora.xtec.cat\/eeielrodo\/wp-json\/wp\/v2\/types\/post"}],"author":[{"embeddable":true,"href":"https:\/\/agora.xtec.cat\/eeielrodo\/wp-json\/wp\/v2\/users\/1"}],"replies":[{"embeddable":true,"href":"https:\/\/agora.xtec.cat\/eeielrodo\/wp-json\/wp\/v2\/comments?post=2546"}],"version-history":[{"count":4,"href":"https:\/\/agora.xtec.cat\/eeielrodo\/wp-json\/wp\/v2\/posts\/2546\/revisions"}],"predecessor-version":[{"id":2555,"href":"https:\/\/agora.xtec.cat\/eeielrodo\/wp-json\/wp\/v2\/posts\/2546\/revisions\/2555"}],"wp:featuredmedia":[{"embeddable":true,"href":"https:\/\/agora.xtec.cat\/eeielrodo\/wp-json\/wp\/v2\/media\/2549"}],"wp:attachment":[{"href":"https:\/\/agora.xtec.cat\/eeielrodo\/wp-json\/wp\/v2\/media?parent=2546"}],"wp:term":[{"taxonomy":"category","embeddable":true,"href":"https:\/\/agora.xtec.cat\/eeielrodo\/wp-json\/wp\/v2\/categories?post=2546"},{"taxonomy":"post_tag","embeddable":true,"href":"https:\/\/agora.xtec.cat\/eeielrodo\/wp-json\/wp\/v2\/tags?post=2546"}],"curies":[{"name":"wp","href":"https:\/\/api.w.org\/{rel}","templated":true}]}}