{"id":2379,"date":"2026-02-11T11:14:44","date_gmt":"2026-02-11T10:14:44","guid":{"rendered":"https:\/\/agora.xtec.cat\/eeielrodo\/?p=2379"},"modified":"2026-03-05T12:43:32","modified_gmt":"2026-03-05T11:43:32","slug":"neix-la-bibliobressol","status":"publish","type":"post","link":"https:\/\/agora.xtec.cat\/eeielrodo\/general\/neix-la-bibliobressol\/","title":{"rendered":"NEIX LA BIBLIOBRESSOL"},"content":{"rendered":"<p data-start=\"201\" data-end=\"457\">A les escoles bressol municipals estrenem la BiblioBressol, un projecte que hem dut a terme conjuntament amb la Biblioteca Municipal, amb el suport del Negociat d\u2019Educaci\u00f3, i que s\u2019emmarca dins dels objectius del Pla Educatiu de Vila (PEV).<\/p>\n<p data-start=\"459\" data-end=\"775\">La BiblioBressol neix del treball compartit i de la il\u00b7lusi\u00f3 dels diferents agents educatius i culturals del municipi, amb una idea molt clara: apropar els llibres i la lectura als infants des dels primers anys de vida i facilitar a les fam\u00edlies recursos i orientacions que us puguin acompanyar en aquesta etapa.<\/p>\n<p><a href=\"https:\/\/agora.xtec.cat\/eeielrodo\/wp-content\/uploads\/usu2175\/2026\/02\/WhatsApp-Image-2026-02-11-at-11.00.37.jpeg\"><img loading=\"lazy\" decoding=\"async\" class=\"alignleft wp-image-2381\" src=\"https:\/\/agora.xtec.cat\/eeielrodo\/wp-content\/uploads\/usu2175\/2026\/02\/WhatsApp-Image-2026-02-11-at-11.00.37-187x300.jpeg\" alt=\"\" width=\"250\" height=\"401\" srcset=\"https:\/\/agora.xtec.cat\/eeielrodo\/wp-content\/uploads\/usu2175\/2026\/02\/WhatsApp-Image-2026-02-11-at-11.00.37-187x300.jpeg 187w, https:\/\/agora.xtec.cat\/eeielrodo\/wp-content\/uploads\/usu2175\/2026\/02\/WhatsApp-Image-2026-02-11-at-11.00.37-637x1024.jpeg 637w, https:\/\/agora.xtec.cat\/eeielrodo\/wp-content\/uploads\/usu2175\/2026\/02\/WhatsApp-Image-2026-02-11-at-11.00.37-768x1235.jpeg 768w, https:\/\/agora.xtec.cat\/eeielrodo\/wp-content\/uploads\/usu2175\/2026\/02\/WhatsApp-Image-2026-02-11-at-11.00.37-956x1536.jpeg 956w, https:\/\/agora.xtec.cat\/eeielrodo\/wp-content\/uploads\/usu2175\/2026\/02\/WhatsApp-Image-2026-02-11-at-11.00.37.jpeg 1274w\" sizes=\"auto, (max-width: 250px) 100vw, 250px\" \/><\/a>Qu\u00e8 hi trobareu?<\/p>\n<p data-start=\"799\" data-end=\"950\">La BiblioBressol \u00e9s un espai dins l\u2019escola que s\u2019actualitzar\u00e0 cada trimestre amb una selecci\u00f3 de llibres de consulta organitzats en tres blocs:<\/p>\n<p>&#8211; Llibres per a fam\u00edlies<\/p>\n<p>&#8211; Llibres per als infants<\/p>\n<p>&#8211; Llibres de suport per a les educadores<\/p>\n<p data-start=\"1066\" data-end=\"1302\">Hem fet una tria pensada amb cura, amb tem\u00e0tiques relacionades amb el desenvolupament infantil, l\u2019acompanyament emocional, la crian\u00e7a i, per descomptat, contes i propostes per compartir moments de lectura amb els vostres fills i filles.<\/p>\n<p>Com funciona?<\/p>\n<p data-start=\"1323\" data-end=\"1443\">Els llibres no es poden endur a casa, per\u00f2 els podeu fullejar tranquil\u00b7lament als espais habilitats de l\u2019escola. Si algun t\u00edtol us interessa especialment, el podreu trobar en pr\u00e9stec a la Biblioteca de Molins de Rei, refor\u00e7ant aix\u00ed el vincle entre l\u2019escola i la biblioteca del poble<\/p>\n<p data-start=\"1651\" data-end=\"1750\">Ens agradaria que la BiblioBressol fos un espai viu i compartit, que sentiu com a vostre. Per aix\u00f2 us animem a:<\/p>\n<ul>\n<li>Dedicar una estona a mirar els llibres<\/li>\n<li>Compartir suggeriments de tem\u00e0tiques o t\u00edtols que us interessin<\/li>\n<li>Fer de la lectura un moment compartit en fam\u00edlia<\/li>\n<\/ul>\n<p data-start=\"1917\" data-end=\"2065\">Amb la BiblioBressol volem continuar teixint xarxa entre escola, fam\u00edlies i biblioteca, i seguir despertant, des de ben petits, l\u2019amor pels llibres.<\/p>\n<p data-start=\"2067\" data-end=\"2101\">Us convidem a descobrir-la! \ud83c\udf3f<\/p>\n","protected":false},"excerpt":{"rendered":"<p>A les escoles bressol municipals estrenem la BiblioBressol, un projecte que hem dut a terme conjuntament amb la Biblioteca Municipal, amb el suport del Negociat d\u2019Educaci\u00f3, i que s\u2019emmarca dins dels objectius del Pla Educatiu de Vila (PEV).<br \/>\nLa BiblioBressol neix del treball compartit i de&hellip;  <a href=\"https:\/\/agora.xtec.cat\/eeielrodo\/general\/neix-la-bibliobressol\/\" title=\"Read NEIX LA BIBLIOBRESSOL\">Llegeix m\u00e9s\u00bb<\/a><\/p>\n","protected":false},"author":1,"featured_media":2383,"comment_status":"open","ping_status":"open","sticky":false,"template":"","format":"standard","meta":{"_bbp_topic_count":0,"_bbp_reply_count":0,"_bbp_total_topic_count":0,"_bbp_total_reply_count":0,"_bbp_voice_count":0,"_bbp_anonymous_reply_count":0,"_bbp_topic_count_hidden":0,"_bbp_reply_count_hidden":0,"_bbp_forum_subforum_count":0,"footnotes":""},"categories":[1,4],"tags":[],"class_list":["post-2379","post","type-post","status-publish","format-standard","has-post-thumbnail","hentry","category-general","category-portada"],"post_mailing_queue_ids":[],"_links":{"self":[{"href":"https:\/\/agora.xtec.cat\/eeielrodo\/wp-json\/wp\/v2\/posts\/2379","targetHints":{"allow":["GET"]}}],"collection":[{"href":"https:\/\/agora.xtec.cat\/eeielrodo\/wp-json\/wp\/v2\/posts"}],"about":[{"href":"https:\/\/agora.xtec.cat\/eeielrodo\/wp-json\/wp\/v2\/types\/post"}],"author":[{"embeddable":true,"href":"https:\/\/agora.xtec.cat\/eeielrodo\/wp-json\/wp\/v2\/users\/1"}],"replies":[{"embeddable":true,"href":"https:\/\/agora.xtec.cat\/eeielrodo\/wp-json\/wp\/v2\/comments?post=2379"}],"version-history":[{"count":5,"href":"https:\/\/agora.xtec.cat\/eeielrodo\/wp-json\/wp\/v2\/posts\/2379\/revisions"}],"predecessor-version":[{"id":2389,"href":"https:\/\/agora.xtec.cat\/eeielrodo\/wp-json\/wp\/v2\/posts\/2379\/revisions\/2389"}],"wp:featuredmedia":[{"embeddable":true,"href":"https:\/\/agora.xtec.cat\/eeielrodo\/wp-json\/wp\/v2\/media\/2383"}],"wp:attachment":[{"href":"https:\/\/agora.xtec.cat\/eeielrodo\/wp-json\/wp\/v2\/media?parent=2379"}],"wp:term":[{"taxonomy":"category","embeddable":true,"href":"https:\/\/agora.xtec.cat\/eeielrodo\/wp-json\/wp\/v2\/categories?post=2379"},{"taxonomy":"post_tag","embeddable":true,"href":"https:\/\/agora.xtec.cat\/eeielrodo\/wp-json\/wp\/v2\/tags?post=2379"}],"curies":[{"name":"wp","href":"https:\/\/api.w.org\/{rel}","templated":true}]}}