{"id":2334,"date":"2025-06-26T22:10:39","date_gmt":"2025-06-26T20:10:39","guid":{"rendered":"https:\/\/agora.xtec.cat\/eeielrodo\/?p=2334"},"modified":"2026-04-28T13:23:59","modified_gmt":"2026-04-28T11:23:59","slug":"comiat-curs-24-25","status":"publish","type":"post","link":"https:\/\/agora.xtec.cat\/eeielrodo\/general\/comiat-curs-24-25\/","title":{"rendered":"COMIAT CURS 24-25"},"content":{"rendered":"<p data-start=\"136\" data-end=\"158\">Fam\u00edlies, arribem a la recta final&#8230;i avui ha sigut un dia fant\u00e0stic! No hi ha millor manera de finalitzar-ho que amb unes paraules&#8230;<\/p>\n<p data-start=\"160\" data-end=\"616\">Volem expressar el nostre sincer agra\u00efment a la Junta de l\u2019AFA del Rod\u00f3 i a totes les fam\u00edlies que, de manera desinteressada, heu col\u00b7laborat en l&#8217;organitzaci\u00f3 de la festa de fi de curs. La vostra implicaci\u00f3 ha estat essencial: muntant i decorant els espais, fent viatges per recollir menjar, gots, taules, penjant banderoles&#8230; Cada detall ha contribu\u00eft a crear una celebraci\u00f3 plena de m\u00e0gia i calidesa. Gr\u00e0cies per fer-ho possible amb tanta generositat i entusiasme!<\/p>\n<p data-start=\"160\" data-end=\"616\"><a href=\"https:\/\/agora.xtec.cat\/eeielrodo\/wp-content\/uploads\/usu2175\/2025\/06\/20250626_165252-rotated.jpg\"><img loading=\"lazy\" decoding=\"async\" class=\"wp-image-2339 alignleft\" src=\"https:\/\/agora.xtec.cat\/eeielrodo\/wp-content\/uploads\/usu2175\/2025\/06\/20250626_165252-rotated-e1750967414381-300x225.jpg\" alt=\"\" width=\"256\" height=\"192\" srcset=\"https:\/\/agora.xtec.cat\/eeielrodo\/wp-content\/uploads\/usu2175\/2025\/06\/20250626_165252-rotated-e1750967414381-300x225.jpg 300w, https:\/\/agora.xtec.cat\/eeielrodo\/wp-content\/uploads\/usu2175\/2025\/06\/20250626_165252-rotated-e1750967414381-200x150.jpg 200w, https:\/\/agora.xtec.cat\/eeielrodo\/wp-content\/uploads\/usu2175\/2025\/06\/20250626_165252-rotated-e1750967414381.jpg 448w\" sizes=\"auto, (max-width: 256px) 100vw, 256px\" \/><\/a> <a href=\"https:\/\/agora.xtec.cat\/eeielrodo\/wp-content\/uploads\/usu2175\/2025\/06\/20250626_165139.jpg\"><img loading=\"lazy\" decoding=\"async\" class=\" wp-image-2340 alignleft\" src=\"https:\/\/agora.xtec.cat\/eeielrodo\/wp-content\/uploads\/usu2175\/2025\/06\/20250626_165139-300x225.jpg\" alt=\"\" width=\"254\" height=\"190\" srcset=\"https:\/\/agora.xtec.cat\/eeielrodo\/wp-content\/uploads\/usu2175\/2025\/06\/20250626_165139-300x225.jpg 300w, https:\/\/agora.xtec.cat\/eeielrodo\/wp-content\/uploads\/usu2175\/2025\/06\/20250626_165139-200x150.jpg 200w, https:\/\/agora.xtec.cat\/eeielrodo\/wp-content\/uploads\/usu2175\/2025\/06\/20250626_165139.jpg 448w\" sizes=\"auto, (max-width: 254px) 100vw, 254px\" \/><\/a><\/p>\n<p data-start=\"160\" data-end=\"616\"><span style=\"font-family: inherit; font-size: 1em;\">Tamb\u00e9 volem dedicar unes paraules a totes les fam\u00edlies que continueu amb nosaltres el curs vinent. Ens omple d\u2019alegria saber que seguirem compartint viv\u00e8ncies i descobertes. El vostre suport i la vostra pres\u00e8<\/span><span style=\"font-family: inherit; font-size: 1em;\">ncia activa ens animen a seguir treballant amb passi\u00f3 i dedicaci\u00f3. Ens fa molta il\u00b7lusi\u00f3 continuar creixent plegats amb els vostres infants i amb vosaltres.<\/span><\/p>\n<p data-start=\"968\" data-end=\"1456\">I finalment, acomiadem amb emoci\u00f3 les fam\u00edlies que acabeu aquesta etapa amb nosaltres. Algunes heu compartit dos anys intensos a la llar, altres nom\u00e9s un que han valgut com dos, i alguns tornareu a comen\u00e7ar el viatge amb un nou fill o filla, i moltes ens heu deixat una petjada inesborrable. Us agra\u00efm de tot cor l\u2019acollida, la col\u00b7laboraci\u00f3 i l\u2019estimaci\u00f3 que ens heu fet arribar dia rere dia. Ha estat un veritable privilegi acompanyar-vos. Us desitgem un nou cam\u00ed ple de llum i noves experi\u00e8ncies. Sempre formareu part del Rod\u00f3.<\/p>\n<p data-start=\"968\" data-end=\"1456\"><a href=\"https:\/\/agora.xtec.cat\/eeielrodo\/wp-content\/uploads\/usu2175\/2025\/06\/20250626_155926.jpg\"><img loading=\"lazy\" decoding=\"async\" class=\" wp-image-2337 alignleft\" src=\"https:\/\/agora.xtec.cat\/eeielrodo\/wp-content\/uploads\/usu2175\/2025\/06\/20250626_155926-300x222.jpg\" alt=\"\" width=\"220\" height=\"163\" srcset=\"https:\/\/agora.xtec.cat\/eeielrodo\/wp-content\/uploads\/usu2175\/2025\/06\/20250626_155926-300x222.jpg 300w, https:\/\/agora.xtec.cat\/eeielrodo\/wp-content\/uploads\/usu2175\/2025\/06\/20250626_155926.jpg 448w\" sizes=\"auto, (max-width: 220px) 100vw, 220px\" \/><\/a><a href=\"https:\/\/agora.xtec.cat\/eeielrodo\/wp-content\/uploads\/usu2175\/2025\/06\/20250626_180048.jpg\"><img loading=\"lazy\" decoding=\"async\" class=\" wp-image-2341 alignleft\" src=\"https:\/\/agora.xtec.cat\/eeielrodo\/wp-content\/uploads\/usu2175\/2025\/06\/20250626_180048-300x225.jpg\" alt=\"\" width=\"218\" height=\"163\" srcset=\"https:\/\/agora.xtec.cat\/eeielrodo\/wp-content\/uploads\/usu2175\/2025\/06\/20250626_180048-300x225.jpg 300w, https:\/\/agora.xtec.cat\/eeielrodo\/wp-content\/uploads\/usu2175\/2025\/06\/20250626_180048-200x150.jpg 200w, https:\/\/agora.xtec.cat\/eeielrodo\/wp-content\/uploads\/usu2175\/2025\/06\/20250626_180048.jpg 448w\" sizes=\"auto, (max-width: 218px) 100vw, 218px\" \/><\/a><a href=\"https:\/\/agora.xtec.cat\/eeielrodo\/wp-content\/uploads\/usu2175\/2025\/06\/20250626_160231.jpg\"><img loading=\"lazy\" decoding=\"async\" class=\"wp-image-2338 alignleft\" src=\"https:\/\/agora.xtec.cat\/eeielrodo\/wp-content\/uploads\/usu2175\/2025\/06\/20250626_160231-300x225.jpg\" alt=\"\" width=\"213\" height=\"159\" srcset=\"https:\/\/agora.xtec.cat\/eeielrodo\/wp-content\/uploads\/usu2175\/2025\/06\/20250626_160231-300x225.jpg 300w, https:\/\/agora.xtec.cat\/eeielrodo\/wp-content\/uploads\/usu2175\/2025\/06\/20250626_160231-200x150.jpg 200w, https:\/\/agora.xtec.cat\/eeielrodo\/wp-content\/uploads\/usu2175\/2025\/06\/20250626_160231.jpg 448w\" sizes=\"auto, (max-width: 213px) 100vw, 213px\" \/><\/a><\/p>\n<p data-start=\"968\" data-end=\"1456\">Per finalitzar, un reconeixement molt especial a l\u2019equip educatiu de la llar. Gr\u00e0cies per la vostra vocaci\u00f3, pel comprom\u00eds constant i per la delicadesa amb qu\u00e8 acompanyeu cada infant en el seu dia a dia. Sou el cor de la nostra llar, i la vostra mirada, paci\u00e8ncia i entrega fan possible un espai ple de respecte, alegria i aprenentatge. Sense vosaltres, res d\u2019aix\u00f2 no tindria sentit. Gr\u00e0cies per ser-hi, cada dia.<\/p>\n<p data-start=\"968\" data-end=\"1456\">Seguim sumant !!!<\/p>\n","protected":false},"excerpt":{"rendered":"<p>Fam\u00edlies, arribem a la recta final&#8230;i avui ha sigut un dia fant\u00e0stic! No hi ha millor manera de finalitzar-ho que amb unes paraules&#8230;<br \/>\nVolem expressar el nostre sincer agra\u00efment a la Junta de l\u2019AFA del Rod\u00f3 i a totes les fam\u00edlies que, de manera desinteressada, heu&hellip;  <a href=\"https:\/\/agora.xtec.cat\/eeielrodo\/general\/comiat-curs-24-25\/\" title=\"Read COMIAT CURS 24-25\">Llegeix m\u00e9s\u00bb<\/a><\/p>\n","protected":false},"author":1,"featured_media":2339,"comment_status":"open","ping_status":"open","sticky":false,"template":"","format":"standard","meta":{"_bbp_topic_count":0,"_bbp_reply_count":0,"_bbp_total_topic_count":0,"_bbp_total_reply_count":0,"_bbp_voice_count":0,"_bbp_anonymous_reply_count":0,"_bbp_topic_count_hidden":0,"_bbp_reply_count_hidden":0,"_bbp_forum_subforum_count":0,"footnotes":""},"categories":[7,1,4],"tags":[],"class_list":["post-2334","post","type-post","status-publish","format-standard","has-post-thumbnail","hentry","category-afa","category-general","category-portada"],"post_mailing_queue_ids":[],"_links":{"self":[{"href":"https:\/\/agora.xtec.cat\/eeielrodo\/wp-json\/wp\/v2\/posts\/2334","targetHints":{"allow":["GET"]}}],"collection":[{"href":"https:\/\/agora.xtec.cat\/eeielrodo\/wp-json\/wp\/v2\/posts"}],"about":[{"href":"https:\/\/agora.xtec.cat\/eeielrodo\/wp-json\/wp\/v2\/types\/post"}],"author":[{"embeddable":true,"href":"https:\/\/agora.xtec.cat\/eeielrodo\/wp-json\/wp\/v2\/users\/1"}],"replies":[{"embeddable":true,"href":"https:\/\/agora.xtec.cat\/eeielrodo\/wp-json\/wp\/v2\/comments?post=2334"}],"version-history":[{"count":6,"href":"https:\/\/agora.xtec.cat\/eeielrodo\/wp-json\/wp\/v2\/posts\/2334\/revisions"}],"predecessor-version":[{"id":2617,"href":"https:\/\/agora.xtec.cat\/eeielrodo\/wp-json\/wp\/v2\/posts\/2334\/revisions\/2617"}],"wp:featuredmedia":[{"embeddable":true,"href":"https:\/\/agora.xtec.cat\/eeielrodo\/wp-json\/wp\/v2\/media\/2339"}],"wp:attachment":[{"href":"https:\/\/agora.xtec.cat\/eeielrodo\/wp-json\/wp\/v2\/media?parent=2334"}],"wp:term":[{"taxonomy":"category","embeddable":true,"href":"https:\/\/agora.xtec.cat\/eeielrodo\/wp-json\/wp\/v2\/categories?post=2334"},{"taxonomy":"post_tag","embeddable":true,"href":"https:\/\/agora.xtec.cat\/eeielrodo\/wp-json\/wp\/v2\/tags?post=2334"}],"curies":[{"name":"wp","href":"https:\/\/api.w.org\/{rel}","templated":true}]}}