{"id":2294,"date":"2025-04-04T11:17:09","date_gmt":"2025-04-04T09:17:09","guid":{"rendered":"https:\/\/agora.xtec.cat\/eeielrodo\/?p=2294"},"modified":"2025-04-04T11:24:30","modified_gmt":"2025-04-04T09:24:30","slug":"portes-obertes-25-26","status":"publish","type":"post","link":"https:\/\/agora.xtec.cat\/eeielrodo\/general\/portes-obertes-25-26\/","title":{"rendered":"PORTES OBERTES 25-26"},"content":{"rendered":"<p>El per\u00edode de preinscripci\u00f3 per al curs 2025-2026 ja s&#8217;apropa, i amb ell arriba un moment clau per a les fam\u00edlies: les jornades de les Portes Obertes a les escoles bressols.<\/p>\n<p>Per assistir-hi, cal <strong>concertar cita pr\u00e8via<\/strong> mitjan\u00e7ant l&#8217;enlla\u00e7 disponible i omplint el formulari corresponent:<\/p>\n<p style=\"text-align: center;\"><a href=\"https:\/\/molinsderei.cat\/preinscripcioescolesbressol\/\">https:\/\/molinsderei.cat\/preinscripcioescolesbressol\/<\/a><\/p>\n<p>Entenem que el proc\u00e9s de tria d&#8217;una escola bressol pot generar moltes emocions i dubtes, escollir uns escola bressol que encaixi amb l&#8217;estil de crian\u00e7a de la fam\u00edlia \u00e9s clau per garantir una experi\u00e8ncia educativa coherent i satisfactoria. Aquestes trobades s\u00f3n essencials, per aix\u00f2, <strong>us recomenem visitar totes les escoles bressols<\/strong> de la vila i aix\u00ed tindreu l&#8217;oportunitat de:<\/p>\n<ul>\n<li>Explorar els espais educatius<\/li>\n<li>Entendre el projecte educatiu<\/li>\n<li>Parlar amb l&#8217;equip educatiu<\/li>\n<li>Resoldre dubtes<\/li>\n<\/ul>\n<p>Us aninem a participar a les Portes Obertes i a aprofitar aquesta oportunitat per descobrir l&#8217;entorn on els vostres fills i filles creixeran, aprendran i establiran els seus primers vincles. Us esperem amb il.lusi\u00f3 per comen\u00e7ar junts aquesta estapa tan especial.<\/p>\n","protected":false},"excerpt":{"rendered":"<p>El per\u00edode de preinscripci\u00f3 per al curs 2025-2026 ja s&#8217;apropa, i amb ell arriba un moment clau per a les fam\u00edlies: les jornades de les Portes Obertes a les escoles bressols.<br \/>\nPer assistir-hi, cal concertar cita pr\u00e8via mitjan\u00e7ant l&#8217;enlla\u00e7 disponible i omplint el formulari corresponent:<br \/>\n<a href=\"https:\/\/molinsderei.cat\/preinscripcioescolesbressol\/\">https:\/\/molinsderei.cat\/preinscripcioescolesbressol\/<\/a><br \/>\nEntenem&hellip;  <a href=\"https:\/\/agora.xtec.cat\/eeielrodo\/general\/portes-obertes-25-26\/\" title=\"Read PORTES OBERTES 25-26\">Llegeix m\u00e9s\u00bb<\/a><\/p>\n","protected":false},"author":1,"featured_media":2303,"comment_status":"open","ping_status":"closed","sticky":false,"template":"","format":"standard","meta":{"_bbp_topic_count":0,"_bbp_reply_count":0,"_bbp_total_topic_count":0,"_bbp_total_reply_count":0,"_bbp_voice_count":0,"_bbp_anonymous_reply_count":0,"_bbp_topic_count_hidden":0,"_bbp_reply_count_hidden":0,"_bbp_forum_subforum_count":0,"footnotes":""},"categories":[1,4],"tags":[],"class_list":["post-2294","post","type-post","status-publish","format-standard","has-post-thumbnail","hentry","category-general","category-portada"],"post_mailing_queue_ids":[],"_links":{"self":[{"href":"https:\/\/agora.xtec.cat\/eeielrodo\/wp-json\/wp\/v2\/posts\/2294","targetHints":{"allow":["GET"]}}],"collection":[{"href":"https:\/\/agora.xtec.cat\/eeielrodo\/wp-json\/wp\/v2\/posts"}],"about":[{"href":"https:\/\/agora.xtec.cat\/eeielrodo\/wp-json\/wp\/v2\/types\/post"}],"author":[{"embeddable":true,"href":"https:\/\/agora.xtec.cat\/eeielrodo\/wp-json\/wp\/v2\/users\/1"}],"replies":[{"embeddable":true,"href":"https:\/\/agora.xtec.cat\/eeielrodo\/wp-json\/wp\/v2\/comments?post=2294"}],"version-history":[{"count":5,"href":"https:\/\/agora.xtec.cat\/eeielrodo\/wp-json\/wp\/v2\/posts\/2294\/revisions"}],"predecessor-version":[{"id":2304,"href":"https:\/\/agora.xtec.cat\/eeielrodo\/wp-json\/wp\/v2\/posts\/2294\/revisions\/2304"}],"wp:featuredmedia":[{"embeddable":true,"href":"https:\/\/agora.xtec.cat\/eeielrodo\/wp-json\/wp\/v2\/media\/2303"}],"wp:attachment":[{"href":"https:\/\/agora.xtec.cat\/eeielrodo\/wp-json\/wp\/v2\/media?parent=2294"}],"wp:term":[{"taxonomy":"category","embeddable":true,"href":"https:\/\/agora.xtec.cat\/eeielrodo\/wp-json\/wp\/v2\/categories?post=2294"},{"taxonomy":"post_tag","embeddable":true,"href":"https:\/\/agora.xtec.cat\/eeielrodo\/wp-json\/wp\/v2\/tags?post=2294"}],"curies":[{"name":"wp","href":"https:\/\/api.w.org\/{rel}","templated":true}]}}