{"id":2278,"date":"2026-04-28T13:18:53","date_gmt":"2026-04-28T11:18:53","guid":{"rendered":"https:\/\/agora.xtec.cat\/eeielrodo\/?p=2278"},"modified":"2026-04-28T13:25:00","modified_gmt":"2026-04-28T11:25:00","slug":"calendari-preinscripcions-26-27","status":"publish","type":"post","link":"https:\/\/agora.xtec.cat\/eeielrodo\/general\/calendari-preinscripcions-26-27\/","title":{"rendered":"CALENDARI PREINSCRIPCIONS 26-27"},"content":{"rendered":"<p><a href=\"https:\/\/agora.xtec.cat\/eeielrodo\/wp-content\/uploads\/usu2175\/2022\/04\/Preinscripcio.jpg\"><img loading=\"lazy\" decoding=\"async\" class=\"aligncenter size-medium wp-image-1154\" src=\"https:\/\/agora.xtec.cat\/eeielrodo\/wp-content\/uploads\/usu2175\/2022\/04\/Preinscripcio-300x75.jpg\" alt=\"\" width=\"300\" height=\"75\" srcset=\"https:\/\/agora.xtec.cat\/eeielrodo\/wp-content\/uploads\/usu2175\/2022\/04\/Preinscripcio-300x75.jpg 300w, https:\/\/agora.xtec.cat\/eeielrodo\/wp-content\/uploads\/usu2175\/2022\/04\/Preinscripcio.jpg 705w\" sizes=\"auto, (max-width: 300px) 100vw, 300px\" \/><\/a><\/p>\n<p>Com a principal novetat, enguany el proc\u00e9s de preinscripci\u00f3 i matriculaci\u00f3 es dur\u00e0 a terme, tal com estableix el nou Reglament de les Escoles Bressol aprovat en el ple municipal ordinari del mes de novembre passat<strong>, a trav\u00e9s d\u2019una llista \u00fanica<\/strong>. Aix\u00ed, les sol\u00b7licituds deixaran d\u2019estar ordenades en funci\u00f3 que el centre triat sigui la primera, la segona o la tercera opci\u00f3 i passaran a ordenar-se segons la puntuaci\u00f3 obtinguda pels criteris prioritaris en primer lloc, pels complementaris en segon lloc i, finalment, es tindr\u00e0 en consideraci\u00f3 el n\u00famero de sorteig en els casos d\u2019empat.<\/p>\n<p>En la pr\u00e0ctica, aquest nou sistema haur\u00e0 de permetre una ordenaci\u00f3 objectiva de totes les sol\u00b7licituds alhora que\u00a0<strong>prioritzar\u00e0 les tries realitzades per les fam\u00edlies residents a Molins de Rei<\/strong>.<\/p>\n<p>Descarregar el dossier informatiu de la preinscripci\u00f3 fent\u00a0<strong><a href=\"https:\/\/molinsderei.cat\/wp-content\/uploads\/2026\/04\/Dossier-preinscripcio-Bressol-2026-2027v2.pdf\">clic aqu\u00ed<\/a><\/strong><\/p>\n<p>Pel que fa a les places, en aquesta ocasi\u00f3 s\u2019ofereixen un total de 139 vacants del total de les 268 places d\u2019escoles bressol municipals amb les quals es compta. L\u2019oferta es far\u00e0 en tot cas p\u00fablica de manera oficial el 6 de maig. La resta del\u00a0<strong>calendari de preinscripci\u00f3 i matriculaci\u00f3 <\/strong>\u00e9s:<\/p>\n<p><strong><u>CALENDARI PREINSCRIPCIONS I MATRICULES BRESSOL<\/u><\/strong><\/p>\n<ul>\n<li><strong>Per\u00edode de presentaci\u00f3 de sol\u00b7licituds<\/strong>: del 8 al 22 de maig de 2026, ambd\u00f3s inclosos<\/li>\n<li>Publicaci\u00f3 de la llista de sol\u00b7licituds de preinscripci\u00f3 al centre amb la <strong style=\"font-family: inherit; font-size: 1em;\">puntuaci\u00f3 provisional<\/strong><span style=\"font-family: inherit; font-size: 1em;\">: divendres 29 de maig de 2026<\/span><\/li>\n<li><strong style=\"font-family: inherit; font-size: 1em;\">Termini per presentar una reclamaci\u00f3:<\/strong><span style=\"font-family: inherit; font-size: 1em;\"> de l\u20191 al 5 de juny de 2026<\/span><\/li>\n<li><strong style=\"font-family: inherit; font-size: 1em;\">Sorteig del n\u00famero de desempat<\/strong><span style=\"font-family: inherit; font-size: 1em;\">: dimarts 9 de juny de 2026, a les 10 h<\/span><\/li>\n<li>Publicaci\u00f3 de la llista de sol\u00b7licituds de preinscripci\u00f3 al centre amb la puntuaci\u00f3 dels <strong style=\"font-family: inherit; font-size: 1em;\">infants admesos<\/strong><span style=\"font-family: inherit; font-size: 1em;\"> i, si escau, de la llista d&#8217;espera: divendres 12 de juny de 2026<\/span><\/li>\n<li><strong style=\"font-family: inherit; font-size: 1em;\">Per\u00edode de matr\u00edcula<\/strong><span style=\"font-family: inherit; font-size: 1em;\">: del 15 al 29 de juny de 2026, ambd\u00f3s inclosos<\/span><\/li>\n<\/ul>\n<p>Teniu informaci\u00f3 m\u00e9s general a la web de l\u2019Ajuntament\u00a0<a href=\"https:\/\/molinsderei.cat\/preinscripcioescolesbressol\/\">https:\/\/molinsderei.cat\/preinscripcioescolesbressol\/<\/a><\/p>\n","protected":false},"excerpt":{"rendered":"<p><a href=\"https:\/\/agora.xtec.cat\/eeielrodo\/wp-content\/uploads\/usu2175\/2022\/04\/Preinscripcio.jpg\"><\/a><br \/>\nCom a principal novetat, enguany el proc\u00e9s de preinscripci\u00f3 i matriculaci\u00f3 es dur\u00e0 a terme, tal com estableix el nou Reglament de les Escoles Bressol aprovat en el ple municipal ordinari del mes de novembre passat, a trav\u00e9s d\u2019una llista \u00fanica. Aix\u00ed, les sol\u00b7licituds&hellip;  <a href=\"https:\/\/agora.xtec.cat\/eeielrodo\/general\/calendari-preinscripcions-26-27\/\" title=\"Read CALENDARI PREINSCRIPCIONS 26-27\">Llegeix m\u00e9s\u00bb<\/a><\/p>\n","protected":false},"author":1,"featured_media":1154,"comment_status":"open","ping_status":"open","sticky":false,"template":"","format":"standard","meta":{"_bbp_topic_count":0,"_bbp_reply_count":0,"_bbp_total_topic_count":0,"_bbp_total_reply_count":0,"_bbp_voice_count":0,"_bbp_anonymous_reply_count":0,"_bbp_topic_count_hidden":0,"_bbp_reply_count_hidden":0,"_bbp_forum_subforum_count":0,"footnotes":""},"categories":[1,4,76],"tags":[],"class_list":["post-2278","post","type-post","status-publish","format-standard","has-post-thumbnail","hentry","category-general","category-portada","category-preinscripcio-26-27"],"post_mailing_queue_ids":[],"_links":{"self":[{"href":"https:\/\/agora.xtec.cat\/eeielrodo\/wp-json\/wp\/v2\/posts\/2278","targetHints":{"allow":["GET"]}}],"collection":[{"href":"https:\/\/agora.xtec.cat\/eeielrodo\/wp-json\/wp\/v2\/posts"}],"about":[{"href":"https:\/\/agora.xtec.cat\/eeielrodo\/wp-json\/wp\/v2\/types\/post"}],"author":[{"embeddable":true,"href":"https:\/\/agora.xtec.cat\/eeielrodo\/wp-json\/wp\/v2\/users\/1"}],"replies":[{"embeddable":true,"href":"https:\/\/agora.xtec.cat\/eeielrodo\/wp-json\/wp\/v2\/comments?post=2278"}],"version-history":[{"count":6,"href":"https:\/\/agora.xtec.cat\/eeielrodo\/wp-json\/wp\/v2\/posts\/2278\/revisions"}],"predecessor-version":[{"id":2616,"href":"https:\/\/agora.xtec.cat\/eeielrodo\/wp-json\/wp\/v2\/posts\/2278\/revisions\/2616"}],"wp:featuredmedia":[{"embeddable":true,"href":"https:\/\/agora.xtec.cat\/eeielrodo\/wp-json\/wp\/v2\/media\/1154"}],"wp:attachment":[{"href":"https:\/\/agora.xtec.cat\/eeielrodo\/wp-json\/wp\/v2\/media?parent=2278"}],"wp:term":[{"taxonomy":"category","embeddable":true,"href":"https:\/\/agora.xtec.cat\/eeielrodo\/wp-json\/wp\/v2\/categories?post=2278"},{"taxonomy":"post_tag","embeddable":true,"href":"https:\/\/agora.xtec.cat\/eeielrodo\/wp-json\/wp\/v2\/tags?post=2278"}],"curies":[{"name":"wp","href":"https:\/\/api.w.org\/{rel}","templated":true}]}}