{"id":2276,"date":"2025-03-21T10:30:35","date_gmt":"2025-03-21T09:30:35","guid":{"rendered":"https:\/\/agora.xtec.cat\/eeielrodo\/?p=2276"},"modified":"2025-03-21T10:34:43","modified_gmt":"2025-03-21T09:34:43","slug":"posant-nos-al-dia","status":"publish","type":"post","link":"https:\/\/agora.xtec.cat\/eeielrodo\/general\/posant-nos-al-dia\/","title":{"rendered":"POSANT-NOS AL DIA!"},"content":{"rendered":"<p>Ens hem endinsat tant en el curs 24-25 que, sense adonar-nos, hem deixat la web una mica desactualitzada. Per\u00f2 no patiu!! Ens comprometem a posar al dia tota la informaci\u00f3 el que queda de curs perqu\u00e8 pugueu estar al corrent de tot el que passa a l&#8217;escola. A m\u00e9s, anirem publicant articles amb altres propostes i informacions d&#8217;inter\u00e8s per a les fam\u00edlies. Estigueu atents i atentes!<\/p>\n<p>Aprofitem per compartir una gran noticia: Aquest any, l&#8217;AFA del Rod\u00f3 est\u00e0 hiper mega motivada i aix\u00f2 \u00e9s genial!! Tenen mil idees en ment i moltes ganes d&#8217;engrescar-vos! Podeu seguir les seves publicacions a trav\u00e9s del Instagram\u00a0<a style=\"color: #2795b6;\" href=\"https:\/\/www.instagram.com\/rodo_afa\/\">https:\/\/www.instagram.com\/rodo_afa\/<\/a><\/p>\n<p>Han organitzat varies xerrades, entre elles, una de fisioter\u00e0pia respirat\u00f2ria pedi\u00e0trica de la m\u00e0 d&#8217;Alfa Molins i, recentment, una xerrada sobre crian\u00e7a conscient per les fam\u00edlies. Ha estat tot un \u00e8xit! L&#8217;assist\u00e8ncia i l&#8217;inter\u00e8s han estat incre\u00efbles. Reflexions, eines i aprenentatges per acompanyar-vos en aquest viatge tant incre\u00efble i emocionant de la crian\u00e7a. Un agra\u00efment especial a l&#8217;Ona Vinyals de Reconecta, per compartir el seu coneixement i a totes les fam\u00edlies que van ser-hi!!<\/p>\n<p style=\"text-align: center;\"><em>(Spoiler) ja estan preparant una nova xerrada aviat. Us mantindrem informats perqu\u00e8 no us la perdeu!<\/em><\/p>\n<p>Gr\u00e0cies per ser part d&#8217;aquesta comunitat!<\/p>\n","protected":false},"excerpt":{"rendered":"<p>Ens hem endinsat tant en el curs 24-25 que, sense adonar-nos, hem deixat la web una mica desactualitzada. Per\u00f2 no patiu!! Ens comprometem a posar al dia tota la informaci\u00f3 el que queda de curs perqu\u00e8 pugueu estar al corrent de tot el que passa&hellip;  <a href=\"https:\/\/agora.xtec.cat\/eeielrodo\/general\/posant-nos-al-dia\/\" title=\"Read POSANT-NOS AL DIA!\">Llegeix m\u00e9s\u00bb<\/a><\/p>\n","protected":false},"author":1,"featured_media":0,"comment_status":"open","ping_status":"closed","sticky":false,"template":"","format":"standard","meta":{"_bbp_topic_count":0,"_bbp_reply_count":0,"_bbp_total_topic_count":0,"_bbp_total_reply_count":0,"_bbp_voice_count":0,"_bbp_anonymous_reply_count":0,"_bbp_topic_count_hidden":0,"_bbp_reply_count_hidden":0,"_bbp_forum_subforum_count":0,"footnotes":""},"categories":[1,4],"tags":[],"class_list":["post-2276","post","type-post","status-publish","format-standard","hentry","category-general","category-portada"],"post_mailing_queue_ids":[],"_links":{"self":[{"href":"https:\/\/agora.xtec.cat\/eeielrodo\/wp-json\/wp\/v2\/posts\/2276","targetHints":{"allow":["GET"]}}],"collection":[{"href":"https:\/\/agora.xtec.cat\/eeielrodo\/wp-json\/wp\/v2\/posts"}],"about":[{"href":"https:\/\/agora.xtec.cat\/eeielrodo\/wp-json\/wp\/v2\/types\/post"}],"author":[{"embeddable":true,"href":"https:\/\/agora.xtec.cat\/eeielrodo\/wp-json\/wp\/v2\/users\/1"}],"replies":[{"embeddable":true,"href":"https:\/\/agora.xtec.cat\/eeielrodo\/wp-json\/wp\/v2\/comments?post=2276"}],"version-history":[{"count":6,"href":"https:\/\/agora.xtec.cat\/eeielrodo\/wp-json\/wp\/v2\/posts\/2276\/revisions"}],"predecessor-version":[{"id":2293,"href":"https:\/\/agora.xtec.cat\/eeielrodo\/wp-json\/wp\/v2\/posts\/2276\/revisions\/2293"}],"wp:attachment":[{"href":"https:\/\/agora.xtec.cat\/eeielrodo\/wp-json\/wp\/v2\/media?parent=2276"}],"wp:term":[{"taxonomy":"category","embeddable":true,"href":"https:\/\/agora.xtec.cat\/eeielrodo\/wp-json\/wp\/v2\/categories?post=2276"},{"taxonomy":"post_tag","embeddable":true,"href":"https:\/\/agora.xtec.cat\/eeielrodo\/wp-json\/wp\/v2\/tags?post=2276"}],"curies":[{"name":"wp","href":"https:\/\/api.w.org\/{rel}","templated":true}]}}