{"id":2264,"date":"2024-07-19T11:05:45","date_gmt":"2024-07-19T09:05:45","guid":{"rendered":"https:\/\/agora.xtec.cat\/eeielrodo\/?p=2264"},"modified":"2026-02-11T11:58:35","modified_gmt":"2026-02-11T10:58:35","slug":"comiat","status":"publish","type":"post","link":"https:\/\/agora.xtec.cat\/eeielrodo\/general\/comiat\/","title":{"rendered":"COMIAT"},"content":{"rendered":"<p>Les emocions sempre van per sobre dels sentiments, s\u00f3n les que ens fan viure, espont\u00e0nies i autom\u00e0tiques. En unes hores l&#8217;alegria, el xivarri i les rialles que caracteritzen el Rod\u00f3 donar\u00e0 pas al silenci i soledat que deixaran els infants, les fam\u00edlies i les educadores. Endarrere deixem 11 mesos dif\u00edcils de resumir, 11 mesos que ens han fet cr\u00e9ixer com a persones, 11 emocions que ens descriuen: <em>alegria, tristesa, il\u00b7lusi\u00f3, sorpresa, inter\u00e8s, nost\u00e0lgia, esperan\u00e7a, admiraci\u00f3, amor, satisfacci\u00f3 <\/em>i sobretot,<em> gratitud!<\/em><\/p>\n<p><a href=\"https:\/\/agora.xtec.cat\/eeielrodo\/wp-content\/uploads\/usu2175\/2024\/07\/Tu-historia-Aviso-Vacaciones-aesthetic-marron-1.jpg\"><img loading=\"lazy\" decoding=\"async\" class=\"wp-image-2268 alignleft\" src=\"https:\/\/agora.xtec.cat\/eeielrodo\/wp-content\/uploads\/usu2175\/2024\/07\/Tu-historia-Aviso-Vacaciones-aesthetic-marron-1-169x300.jpg\" alt=\"\" width=\"187\" height=\"332\" srcset=\"https:\/\/agora.xtec.cat\/eeielrodo\/wp-content\/uploads\/usu2175\/2024\/07\/Tu-historia-Aviso-Vacaciones-aesthetic-marron-1-169x300.jpg 169w, https:\/\/agora.xtec.cat\/eeielrodo\/wp-content\/uploads\/usu2175\/2024\/07\/Tu-historia-Aviso-Vacaciones-aesthetic-marron-1.jpg 252w\" sizes=\"auto, (max-width: 187px) 100vw, 187px\" \/><\/a><em>Gratitud<\/em> per la confian\u00e7a que heu depositat en nosaltres dia a dia, any darrera any, per les petites coses, per enriquir els nostres dies, per fer-nos cr\u00e9ixer com a professionals i per acompanyar-nos en aquest\u00a0cam\u00ed de vida. Simplement gr\u00e0cies, gr\u00e0cies per estar, per cada paraula, per cada abra\u00e7ada i per cada somriure.<\/p>\n<p>Un cam\u00ed que hem fet conjuntament, pas a pas, compartint experi\u00e8ncies, ensopegant i aixecant-nos de nou, aprenent uns dels altres i la felicitat de veure cr\u00e9ixer als vostres fills i filles. Aquests dies s\u00f3n un garbuix d&#8217;emocions on les paraules d&#8217;agra\u00efment s\u00f3n la major satisfacci\u00f3 que podem rebre com escola, com educadores. Sense vosaltres no seria possible.<\/p>\n<p>Ara si, nom\u00e9s ens resta acomiadar-nos i desitjar-vos a les fam\u00edlies que marxeu, molta il\u00b7lusi\u00f3 en aquesta nova etapa. A les que continueu, ens veiem al setembre!<\/p>\n<p>&nbsp;<\/p>\n","protected":false},"excerpt":{"rendered":"<p>Les emocions sempre van per sobre dels sentiments, s\u00f3n les que ens fan viure, espont\u00e0nies i autom\u00e0tiques. En unes hores l&#8217;alegria, el xivarri i les rialles que caracteritzen el Rod\u00f3 donar\u00e0 pas al silenci i soledat que deixaran els infants, les fam\u00edlies i les educadores.&hellip;  <a href=\"https:\/\/agora.xtec.cat\/eeielrodo\/general\/comiat\/\" title=\"Read COMIAT\">Llegeix m\u00e9s\u00bb<\/a><\/p>\n","protected":false},"author":1,"featured_media":2268,"comment_status":"open","ping_status":"closed","sticky":false,"template":"","format":"standard","meta":{"_bbp_topic_count":0,"_bbp_reply_count":0,"_bbp_total_topic_count":0,"_bbp_total_reply_count":0,"_bbp_voice_count":0,"_bbp_anonymous_reply_count":0,"_bbp_topic_count_hidden":0,"_bbp_reply_count_hidden":0,"_bbp_forum_subforum_count":0,"footnotes":""},"categories":[1,4],"tags":[],"class_list":["post-2264","post","type-post","status-publish","format-standard","has-post-thumbnail","hentry","category-general","category-portada"],"post_mailing_queue_ids":[],"_links":{"self":[{"href":"https:\/\/agora.xtec.cat\/eeielrodo\/wp-json\/wp\/v2\/posts\/2264","targetHints":{"allow":["GET"]}}],"collection":[{"href":"https:\/\/agora.xtec.cat\/eeielrodo\/wp-json\/wp\/v2\/posts"}],"about":[{"href":"https:\/\/agora.xtec.cat\/eeielrodo\/wp-json\/wp\/v2\/types\/post"}],"author":[{"embeddable":true,"href":"https:\/\/agora.xtec.cat\/eeielrodo\/wp-json\/wp\/v2\/users\/1"}],"replies":[{"embeddable":true,"href":"https:\/\/agora.xtec.cat\/eeielrodo\/wp-json\/wp\/v2\/comments?post=2264"}],"version-history":[{"count":6,"href":"https:\/\/agora.xtec.cat\/eeielrodo\/wp-json\/wp\/v2\/posts\/2264\/revisions"}],"predecessor-version":[{"id":2404,"href":"https:\/\/agora.xtec.cat\/eeielrodo\/wp-json\/wp\/v2\/posts\/2264\/revisions\/2404"}],"wp:featuredmedia":[{"embeddable":true,"href":"https:\/\/agora.xtec.cat\/eeielrodo\/wp-json\/wp\/v2\/media\/2268"}],"wp:attachment":[{"href":"https:\/\/agora.xtec.cat\/eeielrodo\/wp-json\/wp\/v2\/media?parent=2264"}],"wp:term":[{"taxonomy":"category","embeddable":true,"href":"https:\/\/agora.xtec.cat\/eeielrodo\/wp-json\/wp\/v2\/categories?post=2264"},{"taxonomy":"post_tag","embeddable":true,"href":"https:\/\/agora.xtec.cat\/eeielrodo\/wp-json\/wp\/v2\/tags?post=2264"}],"curies":[{"name":"wp","href":"https:\/\/api.w.org\/{rel}","templated":true}]}}