{"id":2189,"date":"2024-07-17T14:53:14","date_gmt":"2024-07-17T12:53:14","guid":{"rendered":"https:\/\/agora.xtec.cat\/eeielrodo\/?p=2189"},"modified":"2024-07-17T14:53:14","modified_gmt":"2024-07-17T12:53:14","slug":"guardia-urbana","status":"publish","type":"post","link":"https:\/\/agora.xtec.cat\/eeielrodo\/general\/guardia-urbana\/","title":{"rendered":"GU\u00c0RDIA URBANA"},"content":{"rendered":"<p>El 3er trimestre ha sigut d&#8217;all\u00f2 m\u00e9s intens, quina emoci\u00f3!<\/p>\n<p>La visita de la Gu\u00e0rdia Urbana ja \u00e9s un cl\u00e0ssic \ud83d\ude42 \u00c9s una d&#8217;aquestes propostes imprescindibles en el nostre projecte educatiu, pels valors que proporciona, per la proximitat amb els infants i la seva seguretat.<\/p>\n<p>Aquesta vegada ha sigut l&#8217;Albert qui ens ha visitat, policia local de Barcelona i pare d&#8217;un infant de l&#8217;escola. La resta d&#8217;infants de la seva estan\u00e7a estan familiaritzats a veure&#8217;l cada dia, per\u00f2 aquesta vegada amb uniforme, ha sigut diferent&#8230;i estaven molt pendents del que ens explicava. Sobretot, feia \u00e8mfasis en que la policia est\u00e0 per ajudar i s\u00f3n amics i amigues que han de buscar en cas de p\u00e8rdua.<\/p>\n<p>Tamb\u00e9 ens va explicar la import\u00e0ncia d&#8217;anar correctament lligats a la cadireta del cotxe. Ho va fer amb el s\u00edmil dels <em>armadillos<\/em>, que com els eri\u00e7ons, tenen la facultat d&#8217;arraulir-se formant una bola, com a mesura defensiva. Estaven s\u00faper atents a tot el que deia.<\/p>\n<p>Finalment, els infants es van poder posar algunes de les camises i gorres. Gr\u00e0cies Albert per crear aquests <em>vincles enriquidors<\/em> amb els infants!<\/p>\n<p style=\"text-align: center;\">\r\n\t<div class=\"slideshow_container slideshow_container_style-light\" style=\"height: 300px; \" data-slideshow-id=\"2207\" data-style-name=\"style-light\" data-style-version=\"2.3.1\" >\r\n\r\n\t\t\t\t\t<div class=\"slideshow_loading_icon\"><\/div>\r\n\t\t\r\n\t\t<div class=\"slideshow_content\" style=\"display: none;\">\r\n\r\n\t\t\t<div class=\"slideshow_view\">\r\n\t\t\t\t<div class=\"slideshow_slide slideshow_slide_image\">\r\n\t\t\t\t\t\t\t\t\t\t\t<img src=\"https:\/\/agora.xtec.cat\/eeielrodo\/wp-content\/uploads\/usu2175\/2024\/07\/IMG-20240529-WA0036-2.jpg\" alt=\"IMG-20240529-WA0036\" width=\"481\" height=\"361\" \/>\r\n\t\t\t\t\t\t\t\t\t\t<div class=\"slideshow_description_box slideshow_transparent\">\r\n\t\t\t\t\t\t<div class=\"slideshow_title\">IMG-20240529-WA0036<\/div>\t\t\t\t\t\t\t\t\t\t\t<\/div>\r\n\t\t\t\t<\/div>\r\n\r\n\t\t\t\t\t\t<div style=\"clear: both;\"><\/div><\/div><div class=\"slideshow_view\">\r\n\t\t\t\t<div class=\"slideshow_slide slideshow_slide_image\">\r\n\t\t\t\t\t\t\t\t\t\t\t<img src=\"https:\/\/agora.xtec.cat\/eeielrodo\/wp-content\/uploads\/usu2175\/2024\/07\/IMG-20240529-WA0045-2.jpg\" alt=\"IMG-20240529-WA0045\" width=\"954\" height=\"716\" \/>\r\n\t\t\t\t\t\t\t\t\t\t<div class=\"slideshow_description_box slideshow_transparent\">\r\n\t\t\t\t\t\t<div class=\"slideshow_title\">IMG-20240529-WA0045<\/div>\t\t\t\t\t\t\t\t\t\t\t<\/div>\r\n\t\t\t\t<\/div>\r\n\r\n\t\t\t\t\t\t<div style=\"clear: both;\"><\/div><\/div><div class=\"slideshow_view\">\r\n\t\t\t\t<div class=\"slideshow_slide slideshow_slide_image\">\r\n\t\t\t\t\t\t\t\t\t\t\t<img src=\"https:\/\/agora.xtec.cat\/eeielrodo\/wp-content\/uploads\/usu2175\/2024\/07\/IMG-20240531-WA0017-3.jpg\" alt=\"IMG-20240531-WA0017\" width=\"1011\" height=\"759\" \/>\r\n\t\t\t\t\t\t\t\t\t\t<div class=\"slideshow_description_box slideshow_transparent\">\r\n\t\t\t\t\t\t<div class=\"slideshow_title\">IMG-20240531-WA0017<\/div>\t\t\t\t\t\t\t\t\t\t\t<\/div>\r\n\t\t\t\t<\/div>\r\n\r\n\t\t\t\t\t\t<div style=\"clear: both;\"><\/div><\/div><div class=\"slideshow_view\">\r\n\t\t\t\t<div class=\"slideshow_slide slideshow_slide_image\">\r\n\t\t\t\t\t\t\t\t\t\t\t<img src=\"https:\/\/agora.xtec.cat\/eeielrodo\/wp-content\/uploads\/usu2175\/2024\/07\/IMG-20240531-WA0011-1.jpg\" alt=\"IMG-20240531-WA0011\" width=\"1511\" height=\"1114\" \/>\r\n\t\t\t\t\t\t\t\t\t\t<div class=\"slideshow_description_box slideshow_transparent\">\r\n\t\t\t\t\t\t<div class=\"slideshow_title\">IMG-20240531-WA0011<\/div>\t\t\t\t\t\t\t\t\t\t\t<\/div>\r\n\t\t\t\t<\/div>\r\n\r\n\t\t\t\t\t\t<div style=\"clear: both;\"><\/div><\/div><div class=\"slideshow_view\">\r\n\t\t\t\t<div class=\"slideshow_slide slideshow_slide_image\">\r\n\t\t\t\t\t\t\t\t\t\t\t<img src=\"https:\/\/agora.xtec.cat\/eeielrodo\/wp-content\/uploads\/usu2175\/2024\/07\/IMG-20240529-WA0031.jpg\" alt=\"IMG-20240529-WA0031\" width=\"1172\" height=\"879\" \/>\r\n\t\t\t\t\t\t\t\t\t\t<div class=\"slideshow_description_box slideshow_transparent\">\r\n\t\t\t\t\t\t<div class=\"slideshow_title\">IMG-20240529-WA0031<\/div>\t\t\t\t\t\t\t\t\t\t\t<\/div>\r\n\t\t\t\t<\/div>\r\n\r\n\t\t\t\t\t\t<div style=\"clear: both;\"><\/div><\/div>\r\n\t\t<\/div>\r\n\r\n\t\t<div class=\"slideshow_controlPanel slideshow_transparent\" style=\"display: none;\"><ul><li class=\"slideshow_togglePlay\" data-play-text=\"Visualitza\" data-pause-text=\"Pausa\"><\/li><\/ul><\/div>\r\n\r\n\t\t<div class=\"slideshow_button slideshow_previous slideshow_transparent\" role=\"button\" data-previous-text=\"Anterior\" style=\"display: none;\"><\/div>\r\n\t\t<div class=\"slideshow_button slideshow_next slideshow_transparent\" role=\"button\" data-next-text=\"Seg\u00fcent\" style=\"display: none;\"><\/div>\r\n\r\n\t\t<div class=\"slideshow_pagination\" style=\"display: none;\" data-go-to-text=\"V\u00e9s a la diapositiva\"><div class=\"slideshow_pagination_center\"><\/div><\/div>\r\n\r\n\t\t<!-- WordPress Slideshow Version 2.3.1 -->\r\n\r\n\t\t\t<\/div>\r\n\r\n<\/p>\n","protected":false},"excerpt":{"rendered":"<p>El 3er trimestre ha sigut d&#8217;all\u00f2 m\u00e9s intens, quina emoci\u00f3!<br \/>\nLa visita de la Gu\u00e0rdia Urbana ja \u00e9s un cl\u00e0ssic \ud83d\ude42 \u00c9s una d&#8217;aquestes propostes imprescindibles en el nostre projecte educatiu, pels valors que proporciona, per la proximitat amb els infants i la seva seguretat.<br \/>\nAquesta vegada&hellip;  <a href=\"https:\/\/agora.xtec.cat\/eeielrodo\/general\/guardia-urbana\/\" title=\"Read GU\u00c0RDIA URBANA\">Llegeix m\u00e9s\u00bb<\/a><\/p>\n","protected":false},"author":1,"featured_media":2199,"comment_status":"open","ping_status":"closed","sticky":false,"template":"","format":"standard","meta":{"_bbp_topic_count":0,"_bbp_reply_count":0,"_bbp_total_topic_count":0,"_bbp_total_reply_count":0,"_bbp_voice_count":0,"_bbp_anonymous_reply_count":0,"_bbp_topic_count_hidden":0,"_bbp_reply_count_hidden":0,"_bbp_forum_subforum_count":0,"footnotes":""},"categories":[1,4],"tags":[],"class_list":["post-2189","post","type-post","status-publish","format-standard","has-post-thumbnail","hentry","category-general","category-portada"],"post_mailing_queue_ids":[],"_links":{"self":[{"href":"https:\/\/agora.xtec.cat\/eeielrodo\/wp-json\/wp\/v2\/posts\/2189","targetHints":{"allow":["GET"]}}],"collection":[{"href":"https:\/\/agora.xtec.cat\/eeielrodo\/wp-json\/wp\/v2\/posts"}],"about":[{"href":"https:\/\/agora.xtec.cat\/eeielrodo\/wp-json\/wp\/v2\/types\/post"}],"author":[{"embeddable":true,"href":"https:\/\/agora.xtec.cat\/eeielrodo\/wp-json\/wp\/v2\/users\/1"}],"replies":[{"embeddable":true,"href":"https:\/\/agora.xtec.cat\/eeielrodo\/wp-json\/wp\/v2\/comments?post=2189"}],"version-history":[{"count":6,"href":"https:\/\/agora.xtec.cat\/eeielrodo\/wp-json\/wp\/v2\/posts\/2189\/revisions"}],"predecessor-version":[{"id":2209,"href":"https:\/\/agora.xtec.cat\/eeielrodo\/wp-json\/wp\/v2\/posts\/2189\/revisions\/2209"}],"wp:featuredmedia":[{"embeddable":true,"href":"https:\/\/agora.xtec.cat\/eeielrodo\/wp-json\/wp\/v2\/media\/2199"}],"wp:attachment":[{"href":"https:\/\/agora.xtec.cat\/eeielrodo\/wp-json\/wp\/v2\/media?parent=2189"}],"wp:term":[{"taxonomy":"category","embeddable":true,"href":"https:\/\/agora.xtec.cat\/eeielrodo\/wp-json\/wp\/v2\/categories?post=2189"},{"taxonomy":"post_tag","embeddable":true,"href":"https:\/\/agora.xtec.cat\/eeielrodo\/wp-json\/wp\/v2\/tags?post=2189"}],"curies":[{"name":"wp","href":"https:\/\/api.w.org\/{rel}","templated":true}]}}