{"id":2182,"date":"2024-06-14T11:57:38","date_gmt":"2024-06-14T09:57:38","guid":{"rendered":"https:\/\/agora.xtec.cat\/eeielrodo\/?p=2182"},"modified":"2024-06-14T12:10:12","modified_gmt":"2024-06-14T10:10:12","slug":"admesos-i-llistes-despera","status":"publish","type":"post","link":"https:\/\/agora.xtec.cat\/eeielrodo\/general\/admesos-i-llistes-despera\/","title":{"rendered":"ADMESOS I LLISTES D&#8217;ESPERA 24-25"},"content":{"rendered":"<p>Benvinguts i Benvingudes!<\/p>\n<p>Avui s&#8217;han publicat les llistes d&#8217;admesos. Les podeu consultar a la web\u00a0<a href=\"https:\/\/molinsderei.cat\/preinscripcioescolesbressol\/\">https:\/\/molinsderei.cat\/preinscripcioescolesbressol\/<\/a><\/p>\n<p>La formalitzaci\u00f3 de la matr\u00edcula es far\u00e0 del <strong>17 al 26 de juny de 2024<\/strong>, de 9:00h del mat\u00ed a 17:00h de la tarda.<\/p>\n<p>Per tal d\u2019afavorir\u00a0 i agilitzar aquest tr\u00e0mit us proposem que\u00a0 <strong>demaneu cita pr\u00e8via<\/strong>, al llarg del dia d\u2019avui (de 9 a 17h) trucant al 691 82 17 74 o b\u00e9 al 93 668 22 26.<\/p>\n<p>Si voleu <strong>renunciar a la pla\u00e7a assignada<\/strong> tamb\u00e9 agrair\u00edem que ens ho comuniqu\u00e9ssiu al mateix tel\u00e8fon el m\u00e9s aviat possible, per poder oferir la pla\u00e7a tot respectant la llista d\u2019espera.<\/p>\n<p>Us avancem els <strong>documents<\/strong> que ens haureu de fer arribar, ja sigui en PDF o presencialment.<\/p>\n<ul>\n<li>Fotoc\u00f2pia del DNI dels\/les progenitors\/es o tutors\/es.<\/li>\n<li>Fotoc\u00f2pia de la Targeta sanit\u00e0ria de l\u2019infant (TSI).<\/li>\n<li>Fotoc\u00f2pia del Llibre de vacunes.<\/li>\n<li>Fotoc\u00f2pia del N\u00ba de compte bancari +IBAN<\/li>\n<li>Fotoc\u00f2pia del llibre de fam\u00edlia o certificat de naixement.<\/li>\n<\/ul>\n<p>AQUESTES DADES SON <strong>IMPRESCINDIBLES<\/strong> PER A PODER GENERAR LA MATR\u00cdCULA.<\/p>\n<p>Seguim en contacte, ens veiem la setmana vinent&#8230;<\/p>\n","protected":false},"excerpt":{"rendered":"<p>Benvinguts i Benvingudes!<br \/>\nAvui s&#8217;han publicat les llistes d&#8217;admesos. Les podeu consultar a la web\u00a0<a href=\"https:\/\/molinsderei.cat\/preinscripcioescolesbressol\/\">https:\/\/molinsderei.cat\/preinscripcioescolesbressol\/<\/a><br \/>\nLa formalitzaci\u00f3 de la matr\u00edcula es far\u00e0 del 17 al 26 de juny de 2024, de 9:00h del mat\u00ed a 17:00h de la tarda.<br \/>\nPer tal d\u2019afavorir\u00a0 i agilitzar aquest tr\u00e0mit us&hellip;  <a href=\"https:\/\/agora.xtec.cat\/eeielrodo\/general\/admesos-i-llistes-despera\/\" title=\"Read ADMESOS I LLISTES D&#8217;ESPERA 24-25\">Llegeix m\u00e9s\u00bb<\/a><\/p>\n","protected":false},"author":1,"featured_media":0,"comment_status":"open","ping_status":"closed","sticky":false,"template":"","format":"standard","meta":{"_bbp_topic_count":0,"_bbp_reply_count":0,"_bbp_total_topic_count":0,"_bbp_total_reply_count":0,"_bbp_voice_count":0,"_bbp_anonymous_reply_count":0,"_bbp_topic_count_hidden":0,"_bbp_reply_count_hidden":0,"_bbp_forum_subforum_count":0,"footnotes":""},"categories":[1,4],"tags":[],"class_list":["post-2182","post","type-post","status-publish","format-standard","hentry","category-general","category-portada"],"post_mailing_queue_ids":[],"_links":{"self":[{"href":"https:\/\/agora.xtec.cat\/eeielrodo\/wp-json\/wp\/v2\/posts\/2182","targetHints":{"allow":["GET"]}}],"collection":[{"href":"https:\/\/agora.xtec.cat\/eeielrodo\/wp-json\/wp\/v2\/posts"}],"about":[{"href":"https:\/\/agora.xtec.cat\/eeielrodo\/wp-json\/wp\/v2\/types\/post"}],"author":[{"embeddable":true,"href":"https:\/\/agora.xtec.cat\/eeielrodo\/wp-json\/wp\/v2\/users\/1"}],"replies":[{"embeddable":true,"href":"https:\/\/agora.xtec.cat\/eeielrodo\/wp-json\/wp\/v2\/comments?post=2182"}],"version-history":[{"count":6,"href":"https:\/\/agora.xtec.cat\/eeielrodo\/wp-json\/wp\/v2\/posts\/2182\/revisions"}],"predecessor-version":[{"id":2188,"href":"https:\/\/agora.xtec.cat\/eeielrodo\/wp-json\/wp\/v2\/posts\/2182\/revisions\/2188"}],"wp:attachment":[{"href":"https:\/\/agora.xtec.cat\/eeielrodo\/wp-json\/wp\/v2\/media?parent=2182"}],"wp:term":[{"taxonomy":"category","embeddable":true,"href":"https:\/\/agora.xtec.cat\/eeielrodo\/wp-json\/wp\/v2\/categories?post=2182"},{"taxonomy":"post_tag","embeddable":true,"href":"https:\/\/agora.xtec.cat\/eeielrodo\/wp-json\/wp\/v2\/tags?post=2182"}],"curies":[{"name":"wp","href":"https:\/\/api.w.org\/{rel}","templated":true}]}}