{"id":2156,"date":"2024-05-07T15:43:37","date_gmt":"2024-05-07T13:43:37","guid":{"rendered":"https:\/\/agora.xtec.cat\/eeielrodo\/?p=2156"},"modified":"2024-05-07T15:43:37","modified_gmt":"2024-05-07T13:43:37","slug":"inici-preinscripcions-24-25","status":"publish","type":"post","link":"https:\/\/agora.xtec.cat\/eeielrodo\/general\/inici-preinscripcions-24-25\/","title":{"rendered":"INICI PREINSCRIPCIONS 24-25"},"content":{"rendered":"<p><a href=\"https:\/\/agora.xtec.cat\/eeielrodo\/wp-content\/uploads\/usu2175\/2022\/04\/Preinscripcio.jpg\"><img loading=\"lazy\" decoding=\"async\" class=\"aligncenter size-medium wp-image-1154\" src=\"https:\/\/agora.xtec.cat\/eeielrodo\/wp-content\/uploads\/usu2175\/2022\/04\/Preinscripcio-300x75.jpg\" alt=\"\" width=\"300\" height=\"75\" srcset=\"https:\/\/agora.xtec.cat\/eeielrodo\/wp-content\/uploads\/usu2175\/2022\/04\/Preinscripcio-300x75.jpg 300w, https:\/\/agora.xtec.cat\/eeielrodo\/wp-content\/uploads\/usu2175\/2022\/04\/Preinscripcio.jpg 705w\" sizes=\"auto, (max-width: 300px) 100vw, 300px\" \/><\/a><\/p>\n<h3 style=\"text-align: center;\">Per\u00edode de presentaci\u00f3 de sol\u00b7licituds<\/h3>\n<p style=\"text-align: center;\">Del 8 al 21 de maig de 2024, ambd\u00f3s inclosos.<\/p>\n<p>Benvolgudes fam\u00edlies,<\/p>\n<p>Per fer la preinscripci\u00f3 on-line, cal que prepareu els arxius dels documents que es necessiten i accediu al formulari a trav\u00e9s d\u2019aquest enlla\u00e7 per fer la preinscripci\u00f3: <a href=\"https:\/\/molinsderei.cat\/preinscripcioescolesbressol\/\">https:\/\/molinsderei.cat\/preinscripcioescolesbressol\/<\/a><\/p>\n<p>En el dossier informatiu s&#8217;espec\u00edfica quins documents s&#8217;han d&#8217;aportar en cada cas (alguns d&#8217;ells s&#8217;han d&#8217;adjuntar obligat\u00f2riament) sin\u00f3, no us deixar\u00e0 avan\u00e7ar en la preinscripci\u00f3. En finalitzar-la, es generar\u00e0 un resguard que podreu descarregar.<\/p>\n<p>Us deixem els documents informatius sobre la Preinscripci\u00f3 i les Portes Obertes:<\/p>\n<p style=\"text-align: left;\"><a href=\"https:\/\/agora.xtec.cat\/eeielrodo\/wp-content\/uploads\/usu2175\/2024\/05\/2024.-Dossier-informatiu-Bressol-2024-2025_web.pdf\">2024. Dossier informatiu Bressol 2024-2025_web<\/a><\/p>\n<p style=\"text-align: left;\"><a href=\"https:\/\/agora.xtec.cat\/eeielrodo\/wp-content\/uploads\/usu2175\/2024\/05\/2024.-Portes-Obertes-Rodo-24-25.pdf\">2024. Portes Obertes Rod\u00f3 24-25<\/a><\/p>\n<p style=\"text-align: left;\">Recordeu que \u00e9s una \u00fanica preinscripci\u00f3 per infant i en ella podeu posar els centres en ordre de prefer\u00e8ncia. Molta sort en aquesta nova etapa que inicieu en breu \ud83d\ude42<\/p>\n","protected":false},"excerpt":{"rendered":"<p><a href=\"https:\/\/agora.xtec.cat\/eeielrodo\/wp-content\/uploads\/usu2175\/2022\/04\/Preinscripcio.jpg\"><\/a><br \/>\nPer\u00edode de presentaci\u00f3 de sol\u00b7licituds<br \/>\nDel 8 al 21 de maig de 2024, ambd\u00f3s inclosos.<br \/>\nBenvolgudes fam\u00edlies,<br \/>\nPer fer la preinscripci\u00f3 on-line, cal que prepareu els arxius dels documents que es necessiten i accediu al formulari a trav\u00e9s d\u2019aquest enlla\u00e7 per fer la preinscripci\u00f3: <a href=\"https:\/\/molinsderei.cat\/preinscripcioescolesbressol\/\">https:\/\/molinsderei.cat\/preinscripcioescolesbressol\/<\/a><br \/>\nEn el&hellip;  <a href=\"https:\/\/agora.xtec.cat\/eeielrodo\/general\/inici-preinscripcions-24-25\/\" title=\"Read INICI PREINSCRIPCIONS 24-25\">Llegeix m\u00e9s\u00bb<\/a><\/p>\n","protected":false},"author":1,"featured_media":1154,"comment_status":"open","ping_status":"closed","sticky":false,"template":"","format":"standard","meta":{"_bbp_topic_count":0,"_bbp_reply_count":0,"_bbp_total_topic_count":0,"_bbp_total_reply_count":0,"_bbp_voice_count":0,"_bbp_anonymous_reply_count":0,"_bbp_topic_count_hidden":0,"_bbp_reply_count_hidden":0,"_bbp_forum_subforum_count":0,"footnotes":""},"categories":[1,4],"tags":[],"class_list":["post-2156","post","type-post","status-publish","format-standard","has-post-thumbnail","hentry","category-general","category-portada"],"post_mailing_queue_ids":[],"_links":{"self":[{"href":"https:\/\/agora.xtec.cat\/eeielrodo\/wp-json\/wp\/v2\/posts\/2156","targetHints":{"allow":["GET"]}}],"collection":[{"href":"https:\/\/agora.xtec.cat\/eeielrodo\/wp-json\/wp\/v2\/posts"}],"about":[{"href":"https:\/\/agora.xtec.cat\/eeielrodo\/wp-json\/wp\/v2\/types\/post"}],"author":[{"embeddable":true,"href":"https:\/\/agora.xtec.cat\/eeielrodo\/wp-json\/wp\/v2\/users\/1"}],"replies":[{"embeddable":true,"href":"https:\/\/agora.xtec.cat\/eeielrodo\/wp-json\/wp\/v2\/comments?post=2156"}],"version-history":[{"count":6,"href":"https:\/\/agora.xtec.cat\/eeielrodo\/wp-json\/wp\/v2\/posts\/2156\/revisions"}],"predecessor-version":[{"id":2172,"href":"https:\/\/agora.xtec.cat\/eeielrodo\/wp-json\/wp\/v2\/posts\/2156\/revisions\/2172"}],"wp:featuredmedia":[{"embeddable":true,"href":"https:\/\/agora.xtec.cat\/eeielrodo\/wp-json\/wp\/v2\/media\/1154"}],"wp:attachment":[{"href":"https:\/\/agora.xtec.cat\/eeielrodo\/wp-json\/wp\/v2\/media?parent=2156"}],"wp:term":[{"taxonomy":"category","embeddable":true,"href":"https:\/\/agora.xtec.cat\/eeielrodo\/wp-json\/wp\/v2\/categories?post=2156"},{"taxonomy":"post_tag","embeddable":true,"href":"https:\/\/agora.xtec.cat\/eeielrodo\/wp-json\/wp\/v2\/tags?post=2156"}],"curies":[{"name":"wp","href":"https:\/\/api.w.org\/{rel}","templated":true}]}}