{"id":2154,"date":"2024-04-30T11:00:47","date_gmt":"2024-04-30T09:00:47","guid":{"rendered":"https:\/\/agora.xtec.cat\/eeielrodo\/?p=2154"},"modified":"2024-04-30T11:00:47","modified_gmt":"2024-04-30T09:00:47","slug":"sant-jordi-24","status":"publish","type":"post","link":"https:\/\/agora.xtec.cat\/eeielrodo\/general\/sant-jordi-24\/","title":{"rendered":"SANT JORDI &#8217;24"},"content":{"rendered":"<p style=\"text-align: center;\">La setmana passada v\u00e0rem celebrar la Diada de Sant Jordi \ud83d\ude42<\/p>\n<p>Va ser una setmana de propostes molt intenses relacionada amb la Llegenda de Sant Jordi, on no podien faltar ni els contes ni les titelles, entre d&#8217;altres&#8230;<\/p>\n<p>Ten\u00edem una sorpresa preparada, l\u2019\u00e0via i l\u2019avi d\u2019una nena de l\u2019escola van venir a explicar-nos diferents contes representats: els infants els miraven \u00a0i escoltaven s\u00faper atents. <em>De qu\u00e8 fa gust la Lluna?<\/em> va ser un \u00e8xit! Molt\u00edssimes gr\u00e0cies pels dos matins que ens v\u00e0reu regalar amb la vostra companyia i dedicaci\u00f3!<\/p>\n<p>D\u2019altre banda, seguint la tradici\u00f3, l\u2019AFA va regalar a l&#8217;escola contes per ampliar la col\u00b7lecci\u00f3:<\/p>\n<ul>\n<li><em>El petit llibre dels animalons<\/em><\/li>\n<li><em>Necessito una abra\u00e7ada<\/em><\/li>\n<li><em>Els mil colors del fil invisible<\/em><\/li>\n<li><em>Sensibles<\/em><\/li>\n<li><em>Tinc un volc\u00e0 i no vull respirar<\/em><\/li>\n<li><em>El petit llibre de la casa<\/em><\/li>\n<li><em>Toca, toca animals de granja<\/em><\/li>\n<\/ul>\n<p>Gr\u00e0cies a tots i totes per fer-ho possible. Seguim sumant!!<\/p>\n<p style=\"text-align: center;\">\r\n\t<div class=\"slideshow_container slideshow_container_style-light\" style=\"height: 300px; \" data-slideshow-id=\"2147\" data-style-name=\"style-light\" data-style-version=\"2.3.1\" >\r\n\r\n\t\t\t\t\t<div class=\"slideshow_loading_icon\"><\/div>\r\n\t\t\r\n\t\t<div class=\"slideshow_content\" style=\"display: none;\">\r\n\r\n\t\t\t<div class=\"slideshow_view\">\r\n\t\t\t\t<div class=\"slideshow_slide slideshow_slide_image\">\r\n\t\t\t\t\t\t\t\t\t\t\t<img src=\"https:\/\/agora.xtec.cat\/eeielrodo\/wp-content\/uploads\/usu2175\/2024\/04\/2024.-Sant-Jordi-23-24-7.jpg\" alt=\"2024. Sant Jordi 23-24 (7)\" width=\"1129\" height=\"847\" \/>\r\n\t\t\t\t\t\t\t\t\t\t<div class=\"slideshow_description_box slideshow_transparent\">\r\n\t\t\t\t\t\t<div class=\"slideshow_title\">2024. Sant Jordi 23-24 (7)<\/div>\t\t\t\t\t\t\t\t\t\t\t<\/div>\r\n\t\t\t\t<\/div>\r\n\r\n\t\t\t\t\t\t<div style=\"clear: both;\"><\/div><\/div><div class=\"slideshow_view\">\r\n\t\t\t\t<div class=\"slideshow_slide slideshow_slide_image\">\r\n\t\t\t\t\t\t\t\t\t\t\t<img src=\"https:\/\/agora.xtec.cat\/eeielrodo\/wp-content\/uploads\/usu2175\/2024\/04\/2024.-Sant-Jordi-23-24-6.jpg\" alt=\"2024. Sant Jordi 23-24 (6)\" width=\"982\" height=\"736\" \/>\r\n\t\t\t\t\t\t\t\t\t\t<div class=\"slideshow_description_box slideshow_transparent\">\r\n\t\t\t\t\t\t<div class=\"slideshow_title\">2024. Sant Jordi 23-24 (6)<\/div>\t\t\t\t\t\t\t\t\t\t\t<\/div>\r\n\t\t\t\t<\/div>\r\n\r\n\t\t\t\t\t\t<div style=\"clear: both;\"><\/div><\/div><div class=\"slideshow_view\">\r\n\t\t\t\t<div class=\"slideshow_slide slideshow_slide_image\">\r\n\t\t\t\t\t\t\t\t\t\t\t<img src=\"https:\/\/agora.xtec.cat\/eeielrodo\/wp-content\/uploads\/usu2175\/2024\/04\/2024.-Sant-Jordi-23-24-5.jpg\" alt=\"2024. Sant Jordi 23-24 (5)\" width=\"1600\" height=\"1200\" \/>\r\n\t\t\t\t\t\t\t\t\t\t<div class=\"slideshow_description_box slideshow_transparent\">\r\n\t\t\t\t\t\t<div class=\"slideshow_title\">2024. Sant Jordi 23-24 (5)<\/div>\t\t\t\t\t\t\t\t\t\t\t<\/div>\r\n\t\t\t\t<\/div>\r\n\r\n\t\t\t\t\t\t<div style=\"clear: both;\"><\/div><\/div><div class=\"slideshow_view\">\r\n\t\t\t\t<div class=\"slideshow_slide slideshow_slide_image\">\r\n\t\t\t\t\t\t\t\t\t\t\t<img src=\"https:\/\/agora.xtec.cat\/eeielrodo\/wp-content\/uploads\/usu2175\/2024\/04\/2024.-Sant-Jordi-23-24-4.jpg\" alt=\"2024. Sant Jordi 23-24 (4)\" width=\"1409\" height=\"1057\" \/>\r\n\t\t\t\t\t\t\t\t\t\t<div class=\"slideshow_description_box slideshow_transparent\">\r\n\t\t\t\t\t\t<div class=\"slideshow_title\">2024. Sant Jordi 23-24 (4)<\/div>\t\t\t\t\t\t\t\t\t\t\t<\/div>\r\n\t\t\t\t<\/div>\r\n\r\n\t\t\t\t\t\t<div style=\"clear: both;\"><\/div><\/div><div class=\"slideshow_view\">\r\n\t\t\t\t<div class=\"slideshow_slide slideshow_slide_image\">\r\n\t\t\t\t\t\t\t\t\t\t\t<img src=\"https:\/\/agora.xtec.cat\/eeielrodo\/wp-content\/uploads\/usu2175\/2024\/04\/2024.-Sant-Jordi-23-24-1-scaled.jpg\" alt=\"2024. Sant Jordi 23-24 (1)\" width=\"2560\" height=\"1920\" \/>\r\n\t\t\t\t\t\t\t\t\t\t<div class=\"slideshow_description_box slideshow_transparent\">\r\n\t\t\t\t\t\t<div class=\"slideshow_title\">2024. Sant Jordi 23-24 (1)<\/div>\t\t\t\t\t\t\t\t\t\t\t<\/div>\r\n\t\t\t\t<\/div>\r\n\r\n\t\t\t\t\t\t<div style=\"clear: both;\"><\/div><\/div><div class=\"slideshow_view\">\r\n\t\t\t\t<div class=\"slideshow_slide slideshow_slide_image\">\r\n\t\t\t\t\t\t\t\t\t\t\t<img src=\"https:\/\/agora.xtec.cat\/eeielrodo\/wp-content\/uploads\/usu2175\/2024\/04\/2024.-Sant-Jordi-23-24-8.jpg\" alt=\"2024. Sant Jordi 23-24 (8)\" width=\"1198\" height=\"898\" \/>\r\n\t\t\t\t\t\t\t\t\t\t<div class=\"slideshow_description_box slideshow_transparent\">\r\n\t\t\t\t\t\t<div class=\"slideshow_title\">2024. Sant Jordi 23-24 (8)<\/div>\t\t\t\t\t\t\t\t\t\t\t<\/div>\r\n\t\t\t\t<\/div>\r\n\r\n\t\t\t\t\t\t<div style=\"clear: both;\"><\/div><\/div>\r\n\t\t<\/div>\r\n\r\n\t\t<div class=\"slideshow_controlPanel slideshow_transparent\" style=\"display: none;\"><ul><li class=\"slideshow_togglePlay\" data-play-text=\"Visualitza\" data-pause-text=\"Pausa\"><\/li><\/ul><\/div>\r\n\r\n\t\t<div class=\"slideshow_button slideshow_previous slideshow_transparent\" role=\"button\" data-previous-text=\"Anterior\" style=\"display: none;\"><\/div>\r\n\t\t<div class=\"slideshow_button slideshow_next slideshow_transparent\" role=\"button\" data-next-text=\"Seg\u00fcent\" style=\"display: none;\"><\/div>\r\n\r\n\t\t<div class=\"slideshow_pagination\" style=\"display: none;\" data-go-to-text=\"V\u00e9s a la diapositiva\"><div class=\"slideshow_pagination_center\"><\/div><\/div>\r\n\r\n\t\t<!-- WordPress Slideshow Version 2.3.1 -->\r\n\r\n\t\t\t<\/div>\r\n\r\n<\/p>\n","protected":false},"excerpt":{"rendered":"<p>La setmana passada v\u00e0rem celebrar la Diada de Sant Jordi \ud83d\ude42<br \/>\nVa ser una setmana de propostes molt intenses relacionada amb la Llegenda de Sant Jordi, on no podien faltar ni els contes ni les titelles, entre d&#8217;altres&#8230;<br \/>\nTen\u00edem una sorpresa preparada, l\u2019\u00e0via i l\u2019avi d\u2019una nena&hellip;  <a href=\"https:\/\/agora.xtec.cat\/eeielrodo\/general\/sant-jordi-24\/\" title=\"Read SANT JORDI &#8217;24\">Llegeix m\u00e9s\u00bb<\/a><\/p>\n","protected":false},"author":1,"featured_media":2153,"comment_status":"open","ping_status":"closed","sticky":false,"template":"","format":"standard","meta":{"_bbp_topic_count":0,"_bbp_reply_count":0,"_bbp_total_topic_count":0,"_bbp_total_reply_count":0,"_bbp_voice_count":0,"_bbp_anonymous_reply_count":0,"_bbp_topic_count_hidden":0,"_bbp_reply_count_hidden":0,"_bbp_forum_subforum_count":0,"footnotes":""},"categories":[7,1,4],"tags":[],"class_list":["post-2154","post","type-post","status-publish","format-standard","has-post-thumbnail","hentry","category-afa","category-general","category-portada"],"post_mailing_queue_ids":[],"_links":{"self":[{"href":"https:\/\/agora.xtec.cat\/eeielrodo\/wp-json\/wp\/v2\/posts\/2154","targetHints":{"allow":["GET"]}}],"collection":[{"href":"https:\/\/agora.xtec.cat\/eeielrodo\/wp-json\/wp\/v2\/posts"}],"about":[{"href":"https:\/\/agora.xtec.cat\/eeielrodo\/wp-json\/wp\/v2\/types\/post"}],"author":[{"embeddable":true,"href":"https:\/\/agora.xtec.cat\/eeielrodo\/wp-json\/wp\/v2\/users\/1"}],"replies":[{"embeddable":true,"href":"https:\/\/agora.xtec.cat\/eeielrodo\/wp-json\/wp\/v2\/comments?post=2154"}],"version-history":[{"count":1,"href":"https:\/\/agora.xtec.cat\/eeielrodo\/wp-json\/wp\/v2\/posts\/2154\/revisions"}],"predecessor-version":[{"id":2155,"href":"https:\/\/agora.xtec.cat\/eeielrodo\/wp-json\/wp\/v2\/posts\/2154\/revisions\/2155"}],"wp:featuredmedia":[{"embeddable":true,"href":"https:\/\/agora.xtec.cat\/eeielrodo\/wp-json\/wp\/v2\/media\/2153"}],"wp:attachment":[{"href":"https:\/\/agora.xtec.cat\/eeielrodo\/wp-json\/wp\/v2\/media?parent=2154"}],"wp:term":[{"taxonomy":"category","embeddable":true,"href":"https:\/\/agora.xtec.cat\/eeielrodo\/wp-json\/wp\/v2\/categories?post=2154"},{"taxonomy":"post_tag","embeddable":true,"href":"https:\/\/agora.xtec.cat\/eeielrodo\/wp-json\/wp\/v2\/tags?post=2154"}],"curies":[{"name":"wp","href":"https:\/\/api.w.org\/{rel}","templated":true}]}}