{"id":2143,"date":"2024-04-16T11:27:10","date_gmt":"2024-04-16T09:27:10","guid":{"rendered":"https:\/\/agora.xtec.cat\/eeielrodo\/?p=2143"},"modified":"2024-04-16T11:27:10","modified_gmt":"2024-04-16T09:27:10","slug":"criatures-petites-emocions-gegants","status":"publish","type":"post","link":"https:\/\/agora.xtec.cat\/eeielrodo\/general\/criatures-petites-emocions-gegants\/","title":{"rendered":"CRIATURES PETITES, EMOCIONS GEGANTS:"},"content":{"rendered":"<p><a href=\"https:\/\/agora.xtec.cat\/eeielrodo\/wp-content\/uploads\/usu2175\/2024\/04\/Cartell-Papacitat-per-bressol_Molins-de-Rei.png\"><img loading=\"lazy\" decoding=\"async\" class=\"size-medium wp-image-2144 alignleft\" src=\"https:\/\/agora.xtec.cat\/eeielrodo\/wp-content\/uploads\/usu2175\/2024\/04\/Cartell-Papacitat-per-bressol_Molins-de-Rei-212x300.png\" alt=\"\" width=\"212\" height=\"300\" srcset=\"https:\/\/agora.xtec.cat\/eeielrodo\/wp-content\/uploads\/usu2175\/2024\/04\/Cartell-Papacitat-per-bressol_Molins-de-Rei-212x300.png 212w, https:\/\/agora.xtec.cat\/eeielrodo\/wp-content\/uploads\/usu2175\/2024\/04\/Cartell-Papacitat-per-bressol_Molins-de-Rei-724x1024.png 724w, https:\/\/agora.xtec.cat\/eeielrodo\/wp-content\/uploads\/usu2175\/2024\/04\/Cartell-Papacitat-per-bressol_Molins-de-Rei-768x1086.png 768w, https:\/\/agora.xtec.cat\/eeielrodo\/wp-content\/uploads\/usu2175\/2024\/04\/Cartell-Papacitat-per-bressol_Molins-de-Rei.png 842w\" sizes=\"auto, (max-width: 212px) 100vw, 212px\" \/><\/a><\/p>\n<p><span style=\"font-family: tahoma, sans-serif;\">Ens dirigim a vosaltres perqu\u00e8, juntament amb l&#8217;aFFaC, hem organitzat el taller <\/span><b>&#8220;Criatures petites, emocions grans: com acompanyem en la gesti\u00f3 de les emocions&#8221;<\/b>,\u00a0que tindr\u00e0 lloc el\u00a0<b>dilluns, 29<\/b>\u00a0<b>d&#8217;abril a les 17.30h, a la Federaci\u00f3 Obrera de Molins de Rei<\/b>. En aquest taller tractarem com\u00a0podem acompanyar la gesti\u00f3 de les emocions per ajudar els infants a relacionar-se amb l&#8217;entorn de manera equilibrada i saludable. Per poder fer aquest acompanyament, segurament ens caldr\u00e0 navegar dins de les nostres pr\u00f2pies emocions, identificar-les, recon\u00e8ixer-les i saber validar-les. L&#8217;activitat ser\u00e0\u00a0impartida per\u00a0l&#8217;entitat\u00a0<a href=\"https:\/\/dae.cat\/\" target=\"_blank\" rel=\"noopener\" data-saferedirecturl=\"https:\/\/www.google.com\/url?q=https:\/\/dae.cat\/&amp;source=gmail&amp;ust=1713343481023000&amp;usg=AOvVaw2YUvMswvsQcqvTlfyCEEQA\">Dones amb empenta<\/a>.<\/p>\n<p dir=\"ltr\"><span style=\"font-family: tahoma, sans-serif;\">Aquest taller s\u2019engloba en la l\u00ednia d&#8217;intervenci\u00f3 \u201c<a href=\"https:\/\/affac.cat\/affac\/papacitat-per-bressol\/\" target=\"_blank\" rel=\"noopener\" data-saferedirecturl=\"https:\/\/www.google.com\/url?q=https:\/\/affac.cat\/affac\/papacitat-per-bressol\/&amp;source=gmail&amp;ust=1713343481023000&amp;usg=AOvVaw1HLDSx4rrHphlf1pXYMcZs\">Papacita\u2019t per Bressol<\/a>\u201d del projecte \u201c<a href=\"https:\/\/affac.cat\/affac\/homes-afa\/?portfolioCats=104\" target=\"_blank\" rel=\"noopener\" data-saferedirecturl=\"https:\/\/www.google.com\/url?q=https:\/\/affac.cat\/affac\/homes-afa\/?portfolioCats%3D104&amp;source=gmail&amp;ust=1713343481023000&amp;usg=AOvVaw35oxVduAnscnNkOW3Y4off\">Homes-AFA:Programa de formaci\u00f3 per a la corresponsabilitat dels homes vers les cures a trav\u00e9s de les AFA<\/a>\u201d que l&#8217;aFFaC lidera amb col\u00b7laboraci\u00f3 del Departament d\u2019Igualtat i Feminismes de la Generalitat de Catalunya.\u00a0\u00a0<\/span><\/p>\n<p dir=\"ltr\"><span style=\"font-family: tahoma, sans-serif;\">El projecte es desenvolupa a totes les comarques de Catalunya duent a terme\u00a0<b>tallers dirigits\u00a0<\/b><\/span><b>principalment a\u00a0h<\/b><strong>omes pares amb fills\/es a les Escoles Bressol<\/strong>, per poder treballar per unes masculinitats i paternitats igualit\u00e0ries, la corresponsabilitat en les cures i per afavorir un canvi de cultura de g\u00e8nere.\u00a0Poden assistir, per\u00f2, totes les persones que hi estiguin interessades.<\/p>\n<p dir=\"ltr\">Us fem arribar el cartell del taller i el\u00a0<a href=\"https:\/\/affac.cat\/affac\/papacitat-per-bressol\/\" target=\"_blank\" rel=\"noopener\" data-saferedirecturl=\"https:\/\/www.google.com\/url?q=https:\/\/affac.cat\/affac\/papacitat-per-bressol\/&amp;source=gmail&amp;ust=1713343481023000&amp;usg=AOvVaw1HLDSx4rrHphlf1pXYMcZs\">formulari d\u2019inscripci\u00f3<\/a>\u00a0(<a href=\"https:\/\/affac.cat\/affac\/papacitat-per-bressol\/\" target=\"_blank\" rel=\"noopener\" data-saferedirecturl=\"https:\/\/www.google.com\/url?q=https:\/\/affac.cat\/affac\/papacitat-per-bressol\/&amp;source=gmail&amp;ust=1713343481023000&amp;usg=AOvVaw1HLDSx4rrHphlf1pXYMcZs\">https:\/\/affac.<wbr \/>cat\/affac\/papacitat-per-<wbr \/>bressol\/<\/a>)\u00a0 i us animem a fer-ne difusi\u00f3 \ud83d\ude42<\/p>\n","protected":false},"excerpt":{"rendered":"<p><a href=\"https:\/\/agora.xtec.cat\/eeielrodo\/wp-content\/uploads\/usu2175\/2024\/04\/Cartell-Papacitat-per-bressol_Molins-de-Rei.png\"><\/a><br \/>\nEns dirigim a vosaltres perqu\u00e8, juntament amb l&#8217;aFFaC, hem organitzat el taller &#8220;Criatures petites, emocions grans: com acompanyem en la gesti\u00f3 de les emocions&#8221;,\u00a0que tindr\u00e0 lloc el\u00a0dilluns, 29\u00a0d&#8217;abril a les 17.30h, a la Federaci\u00f3 Obrera de Molins de Rei. En aquest taller tractarem com\u00a0podem&hellip;  <a href=\"https:\/\/agora.xtec.cat\/eeielrodo\/general\/criatures-petites-emocions-gegants\/\" title=\"Read CRIATURES PETITES, EMOCIONS GEGANTS:\">Llegeix m\u00e9s\u00bb<\/a><\/p>\n","protected":false},"author":1,"featured_media":2144,"comment_status":"open","ping_status":"closed","sticky":false,"template":"","format":"standard","meta":{"_bbp_topic_count":0,"_bbp_reply_count":0,"_bbp_total_topic_count":0,"_bbp_total_reply_count":0,"_bbp_voice_count":0,"_bbp_anonymous_reply_count":0,"_bbp_topic_count_hidden":0,"_bbp_reply_count_hidden":0,"_bbp_forum_subforum_count":0,"footnotes":""},"categories":[7,1,4],"tags":[],"class_list":["post-2143","post","type-post","status-publish","format-standard","has-post-thumbnail","hentry","category-afa","category-general","category-portada"],"post_mailing_queue_ids":[],"_links":{"self":[{"href":"https:\/\/agora.xtec.cat\/eeielrodo\/wp-json\/wp\/v2\/posts\/2143","targetHints":{"allow":["GET"]}}],"collection":[{"href":"https:\/\/agora.xtec.cat\/eeielrodo\/wp-json\/wp\/v2\/posts"}],"about":[{"href":"https:\/\/agora.xtec.cat\/eeielrodo\/wp-json\/wp\/v2\/types\/post"}],"author":[{"embeddable":true,"href":"https:\/\/agora.xtec.cat\/eeielrodo\/wp-json\/wp\/v2\/users\/1"}],"replies":[{"embeddable":true,"href":"https:\/\/agora.xtec.cat\/eeielrodo\/wp-json\/wp\/v2\/comments?post=2143"}],"version-history":[{"count":2,"href":"https:\/\/agora.xtec.cat\/eeielrodo\/wp-json\/wp\/v2\/posts\/2143\/revisions"}],"predecessor-version":[{"id":2146,"href":"https:\/\/agora.xtec.cat\/eeielrodo\/wp-json\/wp\/v2\/posts\/2143\/revisions\/2146"}],"wp:featuredmedia":[{"embeddable":true,"href":"https:\/\/agora.xtec.cat\/eeielrodo\/wp-json\/wp\/v2\/media\/2144"}],"wp:attachment":[{"href":"https:\/\/agora.xtec.cat\/eeielrodo\/wp-json\/wp\/v2\/media?parent=2143"}],"wp:term":[{"taxonomy":"category","embeddable":true,"href":"https:\/\/agora.xtec.cat\/eeielrodo\/wp-json\/wp\/v2\/categories?post=2143"},{"taxonomy":"post_tag","embeddable":true,"href":"https:\/\/agora.xtec.cat\/eeielrodo\/wp-json\/wp\/v2\/tags?post=2143"}],"curies":[{"name":"wp","href":"https:\/\/api.w.org\/{rel}","templated":true}]}}