{"id":2132,"date":"2024-04-09T09:22:19","date_gmt":"2024-04-09T07:22:19","guid":{"rendered":"https:\/\/agora.xtec.cat\/eeielrodo\/?p=2132"},"modified":"2024-04-15T10:49:04","modified_gmt":"2024-04-15T08:49:04","slug":"portes-obertes-24-25","status":"publish","type":"post","link":"https:\/\/agora.xtec.cat\/eeielrodo\/general\/portes-obertes-24-25\/","title":{"rendered":"PORTES OBERTES 24-25"},"content":{"rendered":"<p style=\"text-align: center;\">Benvolgudes fam\u00edlies,<\/p>\n<p style=\"text-align: center;\">Comen\u00e7a el compte endarrere&#8230;comencem de nou amb les <strong>Portes Obertes 24-25<\/strong> !!<\/p>\n<p style=\"text-align: center;\"><a href=\"https:\/\/agora.xtec.cat\/eeielrodo\/wp-content\/uploads\/usu2175\/2024\/04\/Facebook.jpg\"><img loading=\"lazy\" decoding=\"async\" class=\"aligncenter size-medium wp-image-2140\" src=\"https:\/\/agora.xtec.cat\/eeielrodo\/wp-content\/uploads\/usu2175\/2024\/04\/Facebook-300x158.jpg\" alt=\"\" width=\"300\" height=\"158\" srcset=\"https:\/\/agora.xtec.cat\/eeielrodo\/wp-content\/uploads\/usu2175\/2024\/04\/Facebook-300x158.jpg 300w, https:\/\/agora.xtec.cat\/eeielrodo\/wp-content\/uploads\/usu2175\/2024\/04\/Facebook-1024x538.jpg 1024w, https:\/\/agora.xtec.cat\/eeielrodo\/wp-content\/uploads\/usu2175\/2024\/04\/Facebook-768x403.jpg 768w, https:\/\/agora.xtec.cat\/eeielrodo\/wp-content\/uploads\/usu2175\/2024\/04\/Facebook.jpg 1200w\" sizes=\"auto, (max-width: 300px) 100vw, 300px\" \/><\/a><\/p>\n<p>Les portes obertes estan pensades perqu\u00e8 pugueu parlar amb el personal educador, resoldre dubtes, con\u00e8ixer els espais i el projecte educatiu. Per tant, <strong>\u00e9s essencial que hi assistiu sense els vostres fills i filles,<\/strong> escolliu el torn que escolliu.<\/p>\n<p>Les portes obertes del mat\u00ed es realitzen mentre els infants estan a l\u2019escola i per tant, l\u2019aforament i l\u2019acc\u00e9s als espais \u00e9s limitat. Es faran grups de 12 i nom\u00e9s podran entrar aquells adults que s\u2019hagin inscrit i figurin a la llista. A mesura que es vagin omplint els torns, desapareixer\u00e0 l\u2019opci\u00f3 en el formulari.<\/p>\n<p>A les portes obertes de la tarda es faran grups en funci\u00f3 de les persones inscrites i en aquest cas podreu accedir a totes les aules i els espais.<\/p>\n<p><strong>Inscripci\u00f3 a les portes obertes 2024-2025<\/strong> de les Escoles Bressol Municipals del 16 d\u2019abril \u00a0a partir de les 8.00h fins al 26 d\u2019abril a les 17.00h.<\/p>\n<p>Mitjan\u00e7ant el seguent enlla\u00e7:<\/p>\n<p style=\"text-align: center;\"><a href=\"https:\/\/molinsderei.cat\/preinscripcioescolesbressol\/\">https:\/\/molinsderei.cat\/preinscripcioescolesbressol\/<\/a><\/p>\n<p style=\"text-align: left;\">Hi haur\u00e0 diferents torns:<\/p>\n<ul>\n<li style=\"text-align: left;\"><strong>Torn A:<\/strong>\u00a09:45h (visita guiada redu\u00efda)<\/li>\n<li style=\"text-align: left;\"><strong>Torn B<\/strong>: 10:45h (visita guiada redu\u00efda)<\/li>\n<li style=\"text-align: left;\"><strong>Torn C:<\/strong>\u00a017:30h (visita guiada instal\u00b7lacions).<\/li>\n<\/ul>\n<p>Us recordem que les inscripcions s\u00f3n nominals, \u00e9s a dir, una per adult que vulgui assistir.<\/p>\n<p>Qualsevol dubte, restem a la vostra disposici\u00f3 \ud83d\ude42<\/p>\n<p>Fins aviat!!<\/p>\n","protected":false},"excerpt":{"rendered":"<p>Benvolgudes fam\u00edlies,<br \/>\nComen\u00e7a el compte endarrere&#8230;comencem de nou amb les Portes Obertes 24-25 !!<br \/>\n<a href=\"https:\/\/agora.xtec.cat\/eeielrodo\/wp-content\/uploads\/usu2175\/2024\/04\/Facebook.jpg\"><\/a><br \/>\nLes portes obertes estan pensades perqu\u00e8 pugueu parlar amb el personal educador, resoldre dubtes, con\u00e8ixer els espais i el projecte educatiu. Per tant, \u00e9s essencial que hi assistiu sense els vostres fills&hellip;  <a href=\"https:\/\/agora.xtec.cat\/eeielrodo\/general\/portes-obertes-24-25\/\" title=\"Read PORTES OBERTES 24-25\">Llegeix m\u00e9s\u00bb<\/a><\/p>\n","protected":false},"author":1,"featured_media":2140,"comment_status":"open","ping_status":"closed","sticky":false,"template":"","format":"standard","meta":{"_bbp_topic_count":0,"_bbp_reply_count":0,"_bbp_total_topic_count":0,"_bbp_total_reply_count":0,"_bbp_voice_count":0,"_bbp_anonymous_reply_count":0,"_bbp_topic_count_hidden":0,"_bbp_reply_count_hidden":0,"_bbp_forum_subforum_count":0,"footnotes":""},"categories":[1,4],"tags":[],"class_list":["post-2132","post","type-post","status-publish","format-standard","has-post-thumbnail","hentry","category-general","category-portada"],"post_mailing_queue_ids":[],"_links":{"self":[{"href":"https:\/\/agora.xtec.cat\/eeielrodo\/wp-json\/wp\/v2\/posts\/2132","targetHints":{"allow":["GET"]}}],"collection":[{"href":"https:\/\/agora.xtec.cat\/eeielrodo\/wp-json\/wp\/v2\/posts"}],"about":[{"href":"https:\/\/agora.xtec.cat\/eeielrodo\/wp-json\/wp\/v2\/types\/post"}],"author":[{"embeddable":true,"href":"https:\/\/agora.xtec.cat\/eeielrodo\/wp-json\/wp\/v2\/users\/1"}],"replies":[{"embeddable":true,"href":"https:\/\/agora.xtec.cat\/eeielrodo\/wp-json\/wp\/v2\/comments?post=2132"}],"version-history":[{"count":7,"href":"https:\/\/agora.xtec.cat\/eeielrodo\/wp-json\/wp\/v2\/posts\/2132\/revisions"}],"predecessor-version":[{"id":2142,"href":"https:\/\/agora.xtec.cat\/eeielrodo\/wp-json\/wp\/v2\/posts\/2132\/revisions\/2142"}],"wp:featuredmedia":[{"embeddable":true,"href":"https:\/\/agora.xtec.cat\/eeielrodo\/wp-json\/wp\/v2\/media\/2140"}],"wp:attachment":[{"href":"https:\/\/agora.xtec.cat\/eeielrodo\/wp-json\/wp\/v2\/media?parent=2132"}],"wp:term":[{"taxonomy":"category","embeddable":true,"href":"https:\/\/agora.xtec.cat\/eeielrodo\/wp-json\/wp\/v2\/categories?post=2132"},{"taxonomy":"post_tag","embeddable":true,"href":"https:\/\/agora.xtec.cat\/eeielrodo\/wp-json\/wp\/v2\/tags?post=2132"}],"curies":[{"name":"wp","href":"https:\/\/api.w.org\/{rel}","templated":true}]}}