{"id":2084,"date":"2024-02-14T15:45:06","date_gmt":"2024-02-14T14:45:06","guid":{"rendered":"https:\/\/agora.xtec.cat\/eeielrodo\/?p=2084"},"modified":"2024-02-14T16:02:56","modified_gmt":"2024-02-14T15:02:56","slug":"rodo-alzina-24","status":"publish","type":"post","link":"https:\/\/agora.xtec.cat\/eeielrodo\/general\/rodo-alzina-24\/","title":{"rendered":"ROD\u00d3 &#038; ALZINA &#8217;24"},"content":{"rendered":"<p>Les\u00a0tradicions<strong>\u00a0<\/strong>han estat presents des del principi dels temps; la major part de la nostra cultura ha perdurat gr\u00e0cies als costums i la transmissi\u00f3 de coneixement generaci\u00f3 rere generaci\u00f3. Cada escola, vila i cada fam\u00edlia t\u00e9 les seves tradicions pr\u00f2pies, la qual cosa ens fa especials, \u00fanics i irrepetibles.<\/p>\n<p>Des de fa molts anys, quan s\u2019apropa la Candelera, \u00a0mantenim la tradici\u00f3 d\u2019organitzar una trobada conjunta amb els alumnes d\u2019 I5 de l\u2019escola Alzina. \u00c9s una trobada gratificant per grans i petits at\u00e8s que els alumnes d\u2019 I5 ajuden als infants d\u2019 I2 a plantar les plantetes de la Candelera.<\/p>\n<p>Aquest any, arrel de les restriccions per sequera que estem patint, les dues escoles v\u00e0rem valorar donar continu\u00eftat i mantenir aquesta trobada conjunta, per\u00f2 amb una visi\u00f3 diferent. No tenia cap sentit pedag\u00f2gic ni \u00e8tic fer la plantada si no pod\u00edem regar despr\u00e9s les plantes per veure la seva floraci\u00f3 ni el seu olor.<\/p>\n<p style=\"text-align: center;\">L\u2019equip educatiu de l\u2019Alzina va tenir una idea meravellosa: reinventar la tradici\u00f3 !!<\/p>\n<p style=\"text-align: center;\"><a href=\"https:\/\/agora.xtec.cat\/eeielrodo\/wp-content\/uploads\/usu2175\/2024\/02\/2024.-Alzina-I5-14.02-10.jpg\"><img loading=\"lazy\" decoding=\"async\" class=\"aligncenter size-medium wp-image-2068\" src=\"https:\/\/agora.xtec.cat\/eeielrodo\/wp-content\/uploads\/usu2175\/2024\/02\/2024.-Alzina-I5-14.02-10-300x225.jpg\" alt=\"\" width=\"300\" height=\"225\" srcset=\"https:\/\/agora.xtec.cat\/eeielrodo\/wp-content\/uploads\/usu2175\/2024\/02\/2024.-Alzina-I5-14.02-10-300x225.jpg 300w, https:\/\/agora.xtec.cat\/eeielrodo\/wp-content\/uploads\/usu2175\/2024\/02\/2024.-Alzina-I5-14.02-10-1024x768.jpg 1024w, https:\/\/agora.xtec.cat\/eeielrodo\/wp-content\/uploads\/usu2175\/2024\/02\/2024.-Alzina-I5-14.02-10-768x576.jpg 768w, https:\/\/agora.xtec.cat\/eeielrodo\/wp-content\/uploads\/usu2175\/2024\/02\/2024.-Alzina-I5-14.02-10-1536x1152.jpg 1536w, https:\/\/agora.xtec.cat\/eeielrodo\/wp-content\/uploads\/usu2175\/2024\/02\/2024.-Alzina-I5-14.02-10-2048x1536.jpg 2048w, https:\/\/agora.xtec.cat\/eeielrodo\/wp-content\/uploads\/usu2175\/2024\/02\/2024.-Alzina-I5-14.02-10-200x150.jpg 200w\" sizes=\"auto, (max-width: 300px) 100vw, 300px\" \/><\/a><\/p>\n<p>Aquest mat\u00ed han arribat els alumnes d\u2019 I5 carregats d\u2019energia i de plantes arom\u00e0tiques que pr\u00e8viament havien recollit, olorat i preparat per fer unes bossetes arom\u00e0tics amb els infants de la Prunera i del Mandariner. D\u2019aquesta manera li han donat una nova missi\u00f3 a la trobada i conjuntament amb els infants que han volgut participar, han omplert les bossetes arom\u00e0tiques que quedaran pel record de tots i totes.<\/p>\n<p>No oblidem que les tradicions, siguin les que siguin, s\u00f3n vida i cultura, s\u00f3n reflexos d\u2019una educaci\u00f3 i d\u2019uns valors. En un m\u00f3n en constat evoluci\u00f3, les tradicions s\u00f3n un far que guien el nostre cam\u00ed, ens connecten amb les nostres arrels alhora que creem un sentiment de comunitat.<\/p>\n<p>Exalumnes que han retornat de nou al seu jard\u00ed, s\u2019han retrobat amb les que varen ser les seves educadores i que avui han acompanyat als m\u00e9s petits. Fomentant i enriquint l\u2019educaci\u00f3 compartida, creant nous records i nous vincles. I com era d\u2019esperar, tamb\u00e9 hi ha hagut temps per esmorzar i gaudir de les estructures del jard\u00ed!<\/p>\n<p>Moltes gr\u00e0cies per la vostra visita! Aviat serem nosaltres qui us vinguem a veure a l\u2019escola de grans \ud83d\ude42<\/p>\n<p style=\"text-align: center;\">\r\n\t<div class=\"slideshow_container slideshow_container_style-light\" style=\"height: 300px; \" data-slideshow-id=\"2063\" data-style-name=\"style-light\" data-style-version=\"2.3.1\" >\r\n\r\n\t\t\t\t\t<div class=\"slideshow_loading_icon\"><\/div>\r\n\t\t\r\n\t\t<div class=\"slideshow_content\" style=\"display: none;\">\r\n\r\n\t\t\t<div class=\"slideshow_view\">\r\n\t\t\t\t<div class=\"slideshow_slide slideshow_slide_image\">\r\n\t\t\t\t\t\t\t\t\t\t\t<img src=\"https:\/\/agora.xtec.cat\/eeielrodo\/wp-content\/uploads\/usu2175\/2024\/02\/2024.-Alzina-I5-14.02-5.jpg\" alt=\"2024. Alzina I5 14.02 (5)\" width=\"2398\" height=\"1798\" \/>\r\n\t\t\t\t\t\t\t\t\t\t<div class=\"slideshow_description_box slideshow_transparent\">\r\n\t\t\t\t\t\t<div class=\"slideshow_title\">2024. Alzina I5 14.02 (5)<\/div>\t\t\t\t\t\t\t\t\t\t\t<\/div>\r\n\t\t\t\t<\/div>\r\n\r\n\t\t\t\t\t\t<div style=\"clear: both;\"><\/div><\/div><div class=\"slideshow_view\">\r\n\t\t\t\t<div class=\"slideshow_slide slideshow_slide_image\">\r\n\t\t\t\t\t\t\t\t\t\t\t<img src=\"https:\/\/agora.xtec.cat\/eeielrodo\/wp-content\/uploads\/usu2175\/2024\/02\/2024.-Alzina-I5-14.02-4.jpg\" alt=\"2024. Alzina I5 14.02 (4)\" width=\"2398\" height=\"1798\" \/>\r\n\t\t\t\t\t\t\t\t\t\t<div class=\"slideshow_description_box slideshow_transparent\">\r\n\t\t\t\t\t\t<div class=\"slideshow_title\">2024. Alzina I5 14.02 (4)<\/div>\t\t\t\t\t\t\t\t\t\t\t<\/div>\r\n\t\t\t\t<\/div>\r\n\r\n\t\t\t\t\t\t<div style=\"clear: both;\"><\/div><\/div><div class=\"slideshow_view\">\r\n\t\t\t\t<div class=\"slideshow_slide slideshow_slide_image\">\r\n\t\t\t\t\t\t\t\t\t\t\t<img src=\"https:\/\/agora.xtec.cat\/eeielrodo\/wp-content\/uploads\/usu2175\/2024\/02\/2024.-Alzina-I5-14.02-3.jpg\" alt=\"2024. Alzina I5 14.02 (3)\" width=\"2398\" height=\"1798\" \/>\r\n\t\t\t\t\t\t\t\t\t\t<div class=\"slideshow_description_box slideshow_transparent\">\r\n\t\t\t\t\t\t<div class=\"slideshow_title\">2024. Alzina I5 14.02 (3)<\/div>\t\t\t\t\t\t\t\t\t\t\t<\/div>\r\n\t\t\t\t<\/div>\r\n\r\n\t\t\t\t\t\t<div style=\"clear: both;\"><\/div><\/div><div class=\"slideshow_view\">\r\n\t\t\t\t<div class=\"slideshow_slide slideshow_slide_image\">\r\n\t\t\t\t\t\t\t\t\t\t\t<img src=\"https:\/\/agora.xtec.cat\/eeielrodo\/wp-content\/uploads\/usu2175\/2024\/02\/2024.-Alzina-I5-14.02-2.jpg\" alt=\"2024. Alzina I5 14.02 (2)\" width=\"2399\" height=\"1800\" \/>\r\n\t\t\t\t\t\t\t\t\t\t<div class=\"slideshow_description_box slideshow_transparent\">\r\n\t\t\t\t\t\t<div class=\"slideshow_title\">2024. Alzina I5 14.02 (2)<\/div>\t\t\t\t\t\t\t\t\t\t\t<\/div>\r\n\t\t\t\t<\/div>\r\n\r\n\t\t\t\t\t\t<div style=\"clear: both;\"><\/div><\/div><div class=\"slideshow_view\">\r\n\t\t\t\t<div class=\"slideshow_slide slideshow_slide_image\">\r\n\t\t\t\t\t\t\t\t\t\t\t<img src=\"https:\/\/agora.xtec.cat\/eeielrodo\/wp-content\/uploads\/usu2175\/2024\/02\/2024.-Alzina-I5-14.02-1.jpg\" alt=\"2024. Alzina I5 14.02 (1)\" width=\"2399\" height=\"1800\" \/>\r\n\t\t\t\t\t\t\t\t\t\t<div class=\"slideshow_description_box slideshow_transparent\">\r\n\t\t\t\t\t\t<div class=\"slideshow_title\">2024. Alzina I5 14.02 (1)<\/div>\t\t\t\t\t\t\t\t\t\t\t<\/div>\r\n\t\t\t\t<\/div>\r\n\r\n\t\t\t\t\t\t<div style=\"clear: both;\"><\/div><\/div><div class=\"slideshow_view\">\r\n\t\t\t\t<div class=\"slideshow_slide slideshow_slide_image\">\r\n\t\t\t\t\t\t\t\t\t\t\t<img src=\"https:\/\/agora.xtec.cat\/eeielrodo\/wp-content\/uploads\/usu2175\/2024\/02\/2024.-Alzina-I5-14.02-10.jpg\" alt=\"2024. Alzina I5 14.02 (10)\" width=\"2398\" height=\"1798\" \/>\r\n\t\t\t\t\t\t\t\t\t\t<div class=\"slideshow_description_box slideshow_transparent\">\r\n\t\t\t\t\t\t<div class=\"slideshow_title\">2024. Alzina I5 14.02 (10)<\/div>\t\t\t\t\t\t\t\t\t\t\t<\/div>\r\n\t\t\t\t<\/div>\r\n\r\n\t\t\t\t\t\t<div style=\"clear: both;\"><\/div><\/div><div class=\"slideshow_view\">\r\n\t\t\t\t<div class=\"slideshow_slide slideshow_slide_image\">\r\n\t\t\t\t\t\t\t\t\t\t\t<img src=\"https:\/\/agora.xtec.cat\/eeielrodo\/wp-content\/uploads\/usu2175\/2024\/02\/2024.-Alzina-I5-14.02-9.jpg\" alt=\"2024. Alzina I5 14.02 (9)\" width=\"2398\" height=\"1798\" \/>\r\n\t\t\t\t\t\t\t\t\t\t<div class=\"slideshow_description_box slideshow_transparent\">\r\n\t\t\t\t\t\t<div class=\"slideshow_title\">2024. Alzina I5 14.02 (9)<\/div>\t\t\t\t\t\t\t\t\t\t\t<\/div>\r\n\t\t\t\t<\/div>\r\n\r\n\t\t\t\t\t\t<div style=\"clear: both;\"><\/div><\/div><div class=\"slideshow_view\">\r\n\t\t\t\t<div class=\"slideshow_slide slideshow_slide_image\">\r\n\t\t\t\t\t\t\t\t\t\t\t<img src=\"https:\/\/agora.xtec.cat\/eeielrodo\/wp-content\/uploads\/usu2175\/2024\/02\/2024.-Alzina-I5-14.02-8.jpg\" alt=\"2024. Alzina I5 14.02 (8)\" width=\"2398\" height=\"1798\" \/>\r\n\t\t\t\t\t\t\t\t\t\t<div class=\"slideshow_description_box slideshow_transparent\">\r\n\t\t\t\t\t\t<div class=\"slideshow_title\">2024. Alzina I5 14.02 (8)<\/div>\t\t\t\t\t\t\t\t\t\t\t<\/div>\r\n\t\t\t\t<\/div>\r\n\r\n\t\t\t\t\t\t<div style=\"clear: both;\"><\/div><\/div><div class=\"slideshow_view\">\r\n\t\t\t\t<div class=\"slideshow_slide slideshow_slide_image\">\r\n\t\t\t\t\t\t\t\t\t\t\t<img src=\"https:\/\/agora.xtec.cat\/eeielrodo\/wp-content\/uploads\/usu2175\/2024\/02\/2024.-Alzina-I5-14.02-7.jpg\" alt=\"2024. Alzina I5 14.02 (7)\" width=\"2398\" height=\"1798\" \/>\r\n\t\t\t\t\t\t\t\t\t\t<div class=\"slideshow_description_box slideshow_transparent\">\r\n\t\t\t\t\t\t<div class=\"slideshow_title\">2024. Alzina I5 14.02 (7)<\/div>\t\t\t\t\t\t\t\t\t\t\t<\/div>\r\n\t\t\t\t<\/div>\r\n\r\n\t\t\t\t\t\t<div style=\"clear: both;\"><\/div><\/div><div class=\"slideshow_view\">\r\n\t\t\t\t<div class=\"slideshow_slide slideshow_slide_image\">\r\n\t\t\t\t\t\t\t\t\t\t\t<img src=\"https:\/\/agora.xtec.cat\/eeielrodo\/wp-content\/uploads\/usu2175\/2024\/02\/2024.-Alzina-I5-14.02-6.jpg\" alt=\"2024. Alzina I5 14.02 (6)\" width=\"2398\" height=\"1798\" \/>\r\n\t\t\t\t\t\t\t\t\t\t<div class=\"slideshow_description_box slideshow_transparent\">\r\n\t\t\t\t\t\t<div class=\"slideshow_title\">2024. Alzina I5 14.02 (6)<\/div>\t\t\t\t\t\t\t\t\t\t\t<\/div>\r\n\t\t\t\t<\/div>\r\n\r\n\t\t\t\t\t\t<div style=\"clear: both;\"><\/div><\/div>\r\n\t\t<\/div>\r\n\r\n\t\t<div class=\"slideshow_controlPanel slideshow_transparent\" style=\"display: none;\"><ul><li class=\"slideshow_togglePlay\" data-play-text=\"Visualitza\" data-pause-text=\"Pausa\"><\/li><\/ul><\/div>\r\n\r\n\t\t<div class=\"slideshow_button slideshow_previous slideshow_transparent\" role=\"button\" data-previous-text=\"Anterior\" style=\"display: none;\"><\/div>\r\n\t\t<div class=\"slideshow_button slideshow_next slideshow_transparent\" role=\"button\" data-next-text=\"Seg\u00fcent\" style=\"display: none;\"><\/div>\r\n\r\n\t\t<div class=\"slideshow_pagination\" style=\"display: none;\" data-go-to-text=\"V\u00e9s a la diapositiva\"><div class=\"slideshow_pagination_center\"><\/div><\/div>\r\n\r\n\t\t<!-- WordPress Slideshow Version 2.3.1 -->\r\n\r\n\t\t\t<\/div>\r\n\r\n<\/p>\n","protected":false},"excerpt":{"rendered":"<p>Les\u00a0tradicions\u00a0han estat presents des del principi dels temps; la major part de la nostra cultura ha perdurat gr\u00e0cies als costums i la transmissi\u00f3 de coneixement generaci\u00f3 rere generaci\u00f3. Cada escola, vila i cada fam\u00edlia t\u00e9 les seves tradicions pr\u00f2pies, la qual cosa ens fa especials,&hellip;  <a href=\"https:\/\/agora.xtec.cat\/eeielrodo\/general\/rodo-alzina-24\/\" title=\"Read ROD\u00d3 &#038; ALZINA &#8217;24\">Llegeix m\u00e9s\u00bb<\/a><\/p>\n","protected":false},"author":1,"featured_media":2068,"comment_status":"open","ping_status":"closed","sticky":false,"template":"","format":"standard","meta":{"_bbp_topic_count":0,"_bbp_reply_count":0,"_bbp_total_topic_count":0,"_bbp_total_reply_count":0,"_bbp_voice_count":0,"_bbp_anonymous_reply_count":0,"_bbp_topic_count_hidden":0,"_bbp_reply_count_hidden":0,"_bbp_forum_subforum_count":0,"footnotes":""},"categories":[1,4],"tags":[],"class_list":["post-2084","post","type-post","status-publish","format-standard","has-post-thumbnail","hentry","category-general","category-portada"],"post_mailing_queue_ids":[],"_links":{"self":[{"href":"https:\/\/agora.xtec.cat\/eeielrodo\/wp-json\/wp\/v2\/posts\/2084","targetHints":{"allow":["GET"]}}],"collection":[{"href":"https:\/\/agora.xtec.cat\/eeielrodo\/wp-json\/wp\/v2\/posts"}],"about":[{"href":"https:\/\/agora.xtec.cat\/eeielrodo\/wp-json\/wp\/v2\/types\/post"}],"author":[{"embeddable":true,"href":"https:\/\/agora.xtec.cat\/eeielrodo\/wp-json\/wp\/v2\/users\/1"}],"replies":[{"embeddable":true,"href":"https:\/\/agora.xtec.cat\/eeielrodo\/wp-json\/wp\/v2\/comments?post=2084"}],"version-history":[{"count":4,"href":"https:\/\/agora.xtec.cat\/eeielrodo\/wp-json\/wp\/v2\/posts\/2084\/revisions"}],"predecessor-version":[{"id":2088,"href":"https:\/\/agora.xtec.cat\/eeielrodo\/wp-json\/wp\/v2\/posts\/2084\/revisions\/2088"}],"wp:featuredmedia":[{"embeddable":true,"href":"https:\/\/agora.xtec.cat\/eeielrodo\/wp-json\/wp\/v2\/media\/2068"}],"wp:attachment":[{"href":"https:\/\/agora.xtec.cat\/eeielrodo\/wp-json\/wp\/v2\/media?parent=2084"}],"wp:term":[{"taxonomy":"category","embeddable":true,"href":"https:\/\/agora.xtec.cat\/eeielrodo\/wp-json\/wp\/v2\/categories?post=2084"},{"taxonomy":"post_tag","embeddable":true,"href":"https:\/\/agora.xtec.cat\/eeielrodo\/wp-json\/wp\/v2\/tags?post=2084"}],"curies":[{"name":"wp","href":"https:\/\/api.w.org\/{rel}","templated":true}]}}