{"id":2041,"date":"2024-01-24T12:43:22","date_gmt":"2024-01-24T11:43:22","guid":{"rendered":"https:\/\/agora.xtec.cat\/eeielrodo\/?p=2041"},"modified":"2024-01-24T12:59:05","modified_gmt":"2024-01-24T11:59:05","slug":"dia-internacional-de-leducacio","status":"publish","type":"post","link":"https:\/\/agora.xtec.cat\/eeielrodo\/general\/dia-internacional-de-leducacio\/","title":{"rendered":"DIA INTERNACIONAL DE L&#8217;EDUCACI\u00d3"},"content":{"rendered":"<p>EL desembre de l&#8217;any 2018, l&#8217;Assemblea General de les Nacions Unides va proclamar el 24 de gener <b>Dia Internacional de l&#8217;Educaci\u00f3<\/b> en commemoraci\u00f3 del paper que l&#8217; educaci\u00f3 exerceix en la pau i el desenvolupament, reafirmant el fet que l&#8217;educaci\u00f3 \u00e9s un dret hum\u00e0, un b\u00e9 p\u00fablic i una responsabilitat col\u00b7lectiva.<\/p>\n<p><a href=\"https:\/\/agora.xtec.cat\/eeielrodo\/wp-content\/uploads\/usu2175\/2024\/01\/Blanco-Cuadrado-Ciudad-Generico-Blog-de-viaje-Titulo-iPhone-Diseno_20240124_120356_0000.png\"><img loading=\"lazy\" decoding=\"async\" class=\"size-medium wp-image-2042 aligncenter\" src=\"https:\/\/agora.xtec.cat\/eeielrodo\/wp-content\/uploads\/usu2175\/2024\/01\/Blanco-Cuadrado-Ciudad-Generico-Blog-de-viaje-Titulo-iPhone-Diseno_20240124_120356_0000-300x300.png\" alt=\"\" width=\"300\" height=\"300\" srcset=\"https:\/\/agora.xtec.cat\/eeielrodo\/wp-content\/uploads\/usu2175\/2024\/01\/Blanco-Cuadrado-Ciudad-Generico-Blog-de-viaje-Titulo-iPhone-Diseno_20240124_120356_0000-300x300.png 300w, https:\/\/agora.xtec.cat\/eeielrodo\/wp-content\/uploads\/usu2175\/2024\/01\/Blanco-Cuadrado-Ciudad-Generico-Blog-de-viaje-Titulo-iPhone-Diseno_20240124_120356_0000-1024x1024.png 1024w, https:\/\/agora.xtec.cat\/eeielrodo\/wp-content\/uploads\/usu2175\/2024\/01\/Blanco-Cuadrado-Ciudad-Generico-Blog-de-viaje-Titulo-iPhone-Diseno_20240124_120356_0000-150x150.png 150w, https:\/\/agora.xtec.cat\/eeielrodo\/wp-content\/uploads\/usu2175\/2024\/01\/Blanco-Cuadrado-Ciudad-Generico-Blog-de-viaje-Titulo-iPhone-Diseno_20240124_120356_0000-768x768.png 768w, https:\/\/agora.xtec.cat\/eeielrodo\/wp-content\/uploads\/usu2175\/2024\/01\/Blanco-Cuadrado-Ciudad-Generico-Blog-de-viaje-Titulo-iPhone-Diseno_20240124_120356_0000.png 1080w\" sizes=\"auto, (max-width: 300px) 100vw, 300px\" \/><\/a><\/p>\n<p style=\"text-align: center;\"><em>&#8220;El m\u00e9s meravell\u00f3s de la inf\u00e0ncia \u00e9s que qualsevol cosa \u00e9s meravellosa! &#8220;<\/em>\u00a0 Gilbert Keith Chesterton<\/p>\n<p>La petita inf\u00e0ncia \u00e9s el moment en que es basteixen les bases dels aprenentatges posteriors i, per tant, ens cal generar un ambient enriquidor. I dic aix\u00f2, perqu\u00e8 tot i que \u00e9s una etapa en la que s\u2019aprenen moltes coses importants, mai no seran coneixements que es podran enumerar en un futur. I \u00e9s que ning\u00fa no recorda res abans dels tres anys, per tant, no cal atapeir-los d\u2019ensenyances sin\u00f3 proporcionar-los un espai en el que puguin explorar lliurement, on tinguin jocs, acc\u00e9s a la natura, contes\u2026i relacions socials amb els companys. I aqu\u00ed ve la gr\u00e0cia de l\u2019escola bressol.<\/p>\n<p>David Bueno, genetista i divulgador sobre neuroci\u00e8ncia i educaci\u00f3, parla sobre l\u2019aprenentatge a la primera inf\u00e0ncia i la import\u00e0ncia d\u2019estimular els nens i nenes per\u00f2 sempre respectant els ritmes per a no convertir l\u2019educaci\u00f3 en una imposici\u00f3 desagradable. En els primers anys de vida dels infants, s&#8217;estableixen molt\u00edssimes connexions neuronals i \u00e9s per aix\u00f2 que David Bueno refor\u00e7a la idea de que &#8220;la bressol \u00e9s insubstitu\u00efble&#8221;.<\/p>\n<p>Feli\u00e7 Dia Internacional de l&#8217;Educaci\u00f3 \ud83d\ude42<\/p>\n<p>Us deixem l&#8217;article sencer per si li voleu fer una ullada:<\/p>\n<p><a href=\"https:\/\/diarisanitat.cat\/el-que-no-sapren-a-primer-saprendra-a-segon-anar-amb-calma-no-es-perdre-temps-es-respectar-el-ritme-del-cervell\/\">https:\/\/diarisanitat.cat\/el-que-no-sapren-a-primer-saprendra-a-segon-anar-amb-calma-no-es-perdre-temps-es-respectar-el-ritme-del-cervell\/<\/a><\/p>\n<p>&nbsp;<\/p>\n","protected":false},"excerpt":{"rendered":"<p>EL desembre de l&#8217;any 2018, l&#8217;Assemblea General de les Nacions Unides va proclamar el 24 de gener Dia Internacional de l&#8217;Educaci\u00f3 en commemoraci\u00f3 del paper que l&#8217; educaci\u00f3 exerceix en la pau i el desenvolupament, reafirmant el fet que l&#8217;educaci\u00f3 \u00e9s un dret hum\u00e0, un&hellip;  <a href=\"https:\/\/agora.xtec.cat\/eeielrodo\/general\/dia-internacional-de-leducacio\/\" title=\"Read DIA INTERNACIONAL DE L&#8217;EDUCACI\u00d3\">Llegeix m\u00e9s\u00bb<\/a><\/p>\n","protected":false},"author":1,"featured_media":2042,"comment_status":"open","ping_status":"closed","sticky":false,"template":"","format":"standard","meta":{"_bbp_topic_count":0,"_bbp_reply_count":0,"_bbp_total_topic_count":0,"_bbp_total_reply_count":0,"_bbp_voice_count":0,"_bbp_anonymous_reply_count":0,"_bbp_topic_count_hidden":0,"_bbp_reply_count_hidden":0,"_bbp_forum_subforum_count":0,"footnotes":""},"categories":[1,4],"tags":[],"class_list":["post-2041","post","type-post","status-publish","format-standard","has-post-thumbnail","hentry","category-general","category-portada"],"post_mailing_queue_ids":[],"_links":{"self":[{"href":"https:\/\/agora.xtec.cat\/eeielrodo\/wp-json\/wp\/v2\/posts\/2041","targetHints":{"allow":["GET"]}}],"collection":[{"href":"https:\/\/agora.xtec.cat\/eeielrodo\/wp-json\/wp\/v2\/posts"}],"about":[{"href":"https:\/\/agora.xtec.cat\/eeielrodo\/wp-json\/wp\/v2\/types\/post"}],"author":[{"embeddable":true,"href":"https:\/\/agora.xtec.cat\/eeielrodo\/wp-json\/wp\/v2\/users\/1"}],"replies":[{"embeddable":true,"href":"https:\/\/agora.xtec.cat\/eeielrodo\/wp-json\/wp\/v2\/comments?post=2041"}],"version-history":[{"count":5,"href":"https:\/\/agora.xtec.cat\/eeielrodo\/wp-json\/wp\/v2\/posts\/2041\/revisions"}],"predecessor-version":[{"id":2047,"href":"https:\/\/agora.xtec.cat\/eeielrodo\/wp-json\/wp\/v2\/posts\/2041\/revisions\/2047"}],"wp:featuredmedia":[{"embeddable":true,"href":"https:\/\/agora.xtec.cat\/eeielrodo\/wp-json\/wp\/v2\/media\/2042"}],"wp:attachment":[{"href":"https:\/\/agora.xtec.cat\/eeielrodo\/wp-json\/wp\/v2\/media?parent=2041"}],"wp:term":[{"taxonomy":"category","embeddable":true,"href":"https:\/\/agora.xtec.cat\/eeielrodo\/wp-json\/wp\/v2\/categories?post=2041"},{"taxonomy":"post_tag","embeddable":true,"href":"https:\/\/agora.xtec.cat\/eeielrodo\/wp-json\/wp\/v2\/tags?post=2041"}],"curies":[{"name":"wp","href":"https:\/\/api.w.org\/{rel}","templated":true}]}}