{"id":2029,"date":"2024-01-16T09:46:47","date_gmt":"2024-01-16T08:46:47","guid":{"rendered":"https:\/\/agora.xtec.cat\/eeielrodo\/?p=2029"},"modified":"2024-01-16T09:54:24","modified_gmt":"2024-01-16T08:54:24","slug":"un-nou-dia","status":"publish","type":"post","link":"https:\/\/agora.xtec.cat\/eeielrodo\/general\/un-nou-dia\/","title":{"rendered":"UN NOU DIA&#8230;"},"content":{"rendered":"<p><a href=\"https:\/\/agora.xtec.cat\/eeielrodo\/wp-content\/uploads\/usu2175\/2024\/01\/Foto-de-EBM-Rodo-2.jpg\"><img loading=\"lazy\" decoding=\"async\" class=\"wp-image-2030 aligncenter\" src=\"https:\/\/agora.xtec.cat\/eeielrodo\/wp-content\/uploads\/usu2175\/2024\/01\/Foto-de-EBM-Rodo-2-225x300.jpg\" alt=\"\" width=\"215\" height=\"287\" srcset=\"https:\/\/agora.xtec.cat\/eeielrodo\/wp-content\/uploads\/usu2175\/2024\/01\/Foto-de-EBM-Rodo-2-225x300.jpg 225w, https:\/\/agora.xtec.cat\/eeielrodo\/wp-content\/uploads\/usu2175\/2024\/01\/Foto-de-EBM-Rodo-2-768x1025.jpg 768w, https:\/\/agora.xtec.cat\/eeielrodo\/wp-content\/uploads\/usu2175\/2024\/01\/Foto-de-EBM-Rodo-2.jpg 898w\" sizes=\"auto, (max-width: 215px) 100vw, 215px\" \/><\/a><\/p>\n<p>Per fiiii hem pogut recuperar la web!! \ud83d\ude42<\/p>\n<p>Hem iniciat el 2\u00ba trimestre del curs 2023-2024 amb la mateixa motivaci\u00f3 i il\u00b7lusi\u00f3 que v\u00e0rem tancar l&#8217;any i avui volem compartir aquest moment amb vosaltres&#8230;<\/p>\n<p>Quan tot \u00e9s fosc i comen\u00e7a a sortir el sol, l&#8217;engranatge del Rod\u00f3 comen\u00e7a a funcionar amb la m\u00e0gia d&#8217;un nou dia, un nou aprenentatge i noves propostes per descobrir. Cada dia a l&#8217;escola \u00e9s diferent a l&#8217;anterior, com un nou dia que comen\u00e7a a clarejar. Les educadores preparen les estances, els infants van arribant al seu ritme i des de la cuina ens arriba l&#8217;oloreta del bon menjar que ens convida a entrar.<\/p>\n<p>Ens voleu acompanyar \ud83d\ude42 ?<\/p>\n<p>&nbsp;<\/p>\n","protected":false},"excerpt":{"rendered":"<p><a href=\"https:\/\/agora.xtec.cat\/eeielrodo\/wp-content\/uploads\/usu2175\/2024\/01\/Foto-de-EBM-Rodo-2.jpg\"><\/a><br \/>\nPer fiiii hem pogut recuperar la web!! \ud83d\ude42<br \/>\nHem iniciat el 2\u00ba trimestre del curs 2023-2024 amb la mateixa motivaci\u00f3 i il\u00b7lusi\u00f3 que v\u00e0rem tancar l&#8217;any i avui volem compartir aquest moment amb vosaltres&#8230;<br \/>\nQuan tot \u00e9s fosc i comen\u00e7a a sortir el sol, l&#8217;engranatge del&hellip;  <a href=\"https:\/\/agora.xtec.cat\/eeielrodo\/general\/un-nou-dia\/\" title=\"Read UN NOU DIA&#8230;\">Llegeix m\u00e9s\u00bb<\/a><\/p>\n","protected":false},"author":1,"featured_media":2030,"comment_status":"open","ping_status":"closed","sticky":false,"template":"","format":"standard","meta":{"_bbp_topic_count":0,"_bbp_reply_count":0,"_bbp_total_topic_count":0,"_bbp_total_reply_count":0,"_bbp_voice_count":0,"_bbp_anonymous_reply_count":0,"_bbp_topic_count_hidden":0,"_bbp_reply_count_hidden":0,"_bbp_forum_subforum_count":0,"footnotes":""},"categories":[1,4],"tags":[],"class_list":["post-2029","post","type-post","status-publish","format-standard","has-post-thumbnail","hentry","category-general","category-portada"],"post_mailing_queue_ids":[],"_links":{"self":[{"href":"https:\/\/agora.xtec.cat\/eeielrodo\/wp-json\/wp\/v2\/posts\/2029","targetHints":{"allow":["GET"]}}],"collection":[{"href":"https:\/\/agora.xtec.cat\/eeielrodo\/wp-json\/wp\/v2\/posts"}],"about":[{"href":"https:\/\/agora.xtec.cat\/eeielrodo\/wp-json\/wp\/v2\/types\/post"}],"author":[{"embeddable":true,"href":"https:\/\/agora.xtec.cat\/eeielrodo\/wp-json\/wp\/v2\/users\/1"}],"replies":[{"embeddable":true,"href":"https:\/\/agora.xtec.cat\/eeielrodo\/wp-json\/wp\/v2\/comments?post=2029"}],"version-history":[{"count":6,"href":"https:\/\/agora.xtec.cat\/eeielrodo\/wp-json\/wp\/v2\/posts\/2029\/revisions"}],"predecessor-version":[{"id":2040,"href":"https:\/\/agora.xtec.cat\/eeielrodo\/wp-json\/wp\/v2\/posts\/2029\/revisions\/2040"}],"wp:featuredmedia":[{"embeddable":true,"href":"https:\/\/agora.xtec.cat\/eeielrodo\/wp-json\/wp\/v2\/media\/2030"}],"wp:attachment":[{"href":"https:\/\/agora.xtec.cat\/eeielrodo\/wp-json\/wp\/v2\/media?parent=2029"}],"wp:term":[{"taxonomy":"category","embeddable":true,"href":"https:\/\/agora.xtec.cat\/eeielrodo\/wp-json\/wp\/v2\/categories?post=2029"},{"taxonomy":"post_tag","embeddable":true,"href":"https:\/\/agora.xtec.cat\/eeielrodo\/wp-json\/wp\/v2\/tags?post=2029"}],"curies":[{"name":"wp","href":"https:\/\/api.w.org\/{rel}","templated":true}]}}