{"id":1997,"date":"2023-07-21T09:42:43","date_gmt":"2023-07-21T07:42:43","guid":{"rendered":"https:\/\/agora.xtec.cat\/eeielrodo\/?p=1997"},"modified":"2023-07-21T09:45:54","modified_gmt":"2023-07-21T07:45:54","slug":"comiat-i-bones-vacances-2","status":"publish","type":"post","link":"https:\/\/agora.xtec.cat\/eeielrodo\/general\/comiat-i-bones-vacances-2\/","title":{"rendered":"COMIAT I BONES VACANCES"},"content":{"rendered":"<p>Els comiats sempre s\u00f3n dif\u00edcils, voldr\u00edem dir tantes coses que no sabem per on comen\u00e7ar&#8230;, per sort, hi ha una frase de Teresa de Calcuta que ho resumeix molt b\u00e9:<\/p>\n<blockquote><p>&#8220;Que nadie se acerque a ti sin que al irse se sienta un poco mejor y m\u00e1s feliz&#8221;<\/p><\/blockquote>\n<p>Esperem que durant la vostra estada, tant grans com petits us h\u00e0giu sentit acollits, acompanyats, respectats, escoltats, feli\u00e7os i presents en tot moment. I que d&#8217;ara en endavant, un trosset del Rod\u00f3 formi part de la vostra hist\u00f2ria igual que ho \u00e9s de la nostra.<\/p>\n<p><a href=\"https:\/\/agora.xtec.cat\/eeielrodo\/wp-content\/uploads\/usu2175\/2023\/07\/20230717_104003-3.jpg\"><img loading=\"lazy\" decoding=\"async\" class=\"aligncenter wp-image-2002 size-full\" src=\"https:\/\/agora.xtec.cat\/eeielrodo\/wp-content\/uploads\/usu2175\/2023\/07\/20230717_104003-3.jpg\" alt=\"\" width=\"448\" height=\"263\" srcset=\"https:\/\/agora.xtec.cat\/eeielrodo\/wp-content\/uploads\/usu2175\/2023\/07\/20230717_104003-3.jpg 448w, https:\/\/agora.xtec.cat\/eeielrodo\/wp-content\/uploads\/usu2175\/2023\/07\/20230717_104003-3-300x176.jpg 300w\" sizes=\"auto, (max-width: 448px) 100vw, 448px\" \/><\/a><\/p>\n<p>Amb aquest <em>Scrabble del Rod\u00f3<\/em>, tot l&#8217;equip educatiu us vol donar les gr\u00e0cies per la confian\u00e7a, col\u00b7laboraci\u00f3, generositat, sinceritat i complicitat que us ha caracteritzat tot aquest temps. Agrair-vos cada paraula al llarg dels curs, paraules d&#8217;agra\u00efment, motivadores i boniques. Paraules que ens recorden la finalitat del nostre dia a dia i que ens acompanyen a seguir endavant. Agrair-vos tamb\u00e9 l&#8217;assertivitat de dir-nos les coses quan ens hem equivocat at\u00e8s nom\u00e9s aix\u00ed podem seguir millorant. Dels errors, s&#8217;obtenen aprenentatges molt grans i dels aprenentatges s&#8217;assoleixen nous coneixements i oportunitats.<\/p>\n<p>Ara si, estem arribant al final del viatge, un viatge que ha durat 11 mesos i ara arriba a port. Ancorem l&#8217;ancla i tanquem les portes de l&#8217;escola fins setembre, on un nou curs ens espera amb il\u00b7lusi\u00f3 i ganes. Us desitgem unes bones vacances a tothom.<\/p>\n<p>Amb algunes fam\u00edlies \u00e9s un <em>fins setembre<\/em>, amb d&#8217;altres, un <em>fins aviat<\/em>, per\u00f2 sigui com sigui, gaudiu. Gaudiu molt: de la fam\u00edlia, dels amics, de la desconnexi\u00f3, i de tot all\u00f2 que us aporti felicitat \ud83d\ude42 Cuideu-vos!!<\/p>\n","protected":false},"excerpt":{"rendered":"<p>Els comiats sempre s\u00f3n dif\u00edcils, voldr\u00edem dir tantes coses que no sabem per on comen\u00e7ar&#8230;, per sort, hi ha una frase de Teresa de Calcuta que ho resumeix molt b\u00e9:<br \/>\n&#8220;Que nadie se acerque a ti sin que al irse se sienta un poco mejor y&hellip;  <a href=\"https:\/\/agora.xtec.cat\/eeielrodo\/general\/comiat-i-bones-vacances-2\/\" title=\"Read COMIAT I BONES VACANCES\">Llegeix m\u00e9s\u00bb<\/a><\/p>\n","protected":false},"author":1,"featured_media":2002,"comment_status":"open","ping_status":"closed","sticky":false,"template":"","format":"standard","meta":{"_bbp_topic_count":0,"_bbp_reply_count":0,"_bbp_total_topic_count":0,"_bbp_total_reply_count":0,"_bbp_voice_count":0,"_bbp_anonymous_reply_count":0,"_bbp_topic_count_hidden":0,"_bbp_reply_count_hidden":0,"_bbp_forum_subforum_count":0,"footnotes":""},"categories":[1,4],"tags":[],"class_list":["post-1997","post","type-post","status-publish","format-standard","has-post-thumbnail","hentry","category-general","category-portada"],"post_mailing_queue_ids":[],"_links":{"self":[{"href":"https:\/\/agora.xtec.cat\/eeielrodo\/wp-json\/wp\/v2\/posts\/1997","targetHints":{"allow":["GET"]}}],"collection":[{"href":"https:\/\/agora.xtec.cat\/eeielrodo\/wp-json\/wp\/v2\/posts"}],"about":[{"href":"https:\/\/agora.xtec.cat\/eeielrodo\/wp-json\/wp\/v2\/types\/post"}],"author":[{"embeddable":true,"href":"https:\/\/agora.xtec.cat\/eeielrodo\/wp-json\/wp\/v2\/users\/1"}],"replies":[{"embeddable":true,"href":"https:\/\/agora.xtec.cat\/eeielrodo\/wp-json\/wp\/v2\/comments?post=1997"}],"version-history":[{"count":3,"href":"https:\/\/agora.xtec.cat\/eeielrodo\/wp-json\/wp\/v2\/posts\/1997\/revisions"}],"predecessor-version":[{"id":2012,"href":"https:\/\/agora.xtec.cat\/eeielrodo\/wp-json\/wp\/v2\/posts\/1997\/revisions\/2012"}],"wp:featuredmedia":[{"embeddable":true,"href":"https:\/\/agora.xtec.cat\/eeielrodo\/wp-json\/wp\/v2\/media\/2002"}],"wp:attachment":[{"href":"https:\/\/agora.xtec.cat\/eeielrodo\/wp-json\/wp\/v2\/media?parent=1997"}],"wp:term":[{"taxonomy":"category","embeddable":true,"href":"https:\/\/agora.xtec.cat\/eeielrodo\/wp-json\/wp\/v2\/categories?post=1997"},{"taxonomy":"post_tag","embeddable":true,"href":"https:\/\/agora.xtec.cat\/eeielrodo\/wp-json\/wp\/v2\/tags?post=1997"}],"curies":[{"name":"wp","href":"https:\/\/api.w.org\/{rel}","templated":true}]}}