{"id":1995,"date":"2023-07-17T13:03:21","date_gmt":"2023-07-17T11:03:21","guid":{"rendered":"https:\/\/agora.xtec.cat\/eeielrodo\/?p=1995"},"modified":"2023-07-17T13:08:03","modified_gmt":"2023-07-17T11:08:03","slug":"fi-de-curs-2022-2023","status":"publish","type":"post","link":"https:\/\/agora.xtec.cat\/eeielrodo\/general\/fi-de-curs-2022-2023\/","title":{"rendered":"FI DE CURS 2022-2023"},"content":{"rendered":"<p>El passat <em>30 de juny de 2023<\/em> es va celebrar el final de curs al Rod\u00f3 amb una festa on grans i petits v\u00e0rem trobar el nostre espai.<\/p>\n<p>Una festa pensada per les fam\u00edlies que es coordinaven mitjan\u00e7ant comissions. On cadascuna aportava el seu granet de sorra particular. I sabeu que passa quan cadasc\u00fa aporta un granet de sorra? Aconseguim una gran festa amb l&#8217;esfor\u00e7 de tots i totes. Berenar, beguda,m\u00fasica, bombolles, maquillatge, decoraci\u00f3, alguna sorpresa i un immens photocall de color i globus !! Podem demanar alguna cosa m\u00e9s? Impossible!! Amb vosaltres ho tenim tot.<\/p>\n<p style=\"text-align: center;\">\r\n\t<div class=\"slideshow_container slideshow_container_style-light\" style=\"height: 300px; \" data-slideshow-id=\"1988\" data-style-name=\"style-light\" data-style-version=\"2.3.1\" >\r\n\r\n\t\t\t\t\t<div class=\"slideshow_loading_icon\"><\/div>\r\n\t\t\r\n\t\t<div class=\"slideshow_content\" style=\"display: none;\">\r\n\r\n\t\t\t<div class=\"slideshow_view\">\r\n\t\t\t\t<div class=\"slideshow_slide slideshow_slide_image\">\r\n\t\t\t\t\t\t\t\t\t\t\t<img src=\"https:\/\/agora.xtec.cat\/eeielrodo\/wp-content\/uploads\/usu2175\/2023\/07\/2023.-Fi-curs-22-23-6.jpg\" alt=\"2023. Fi curs 22-23 (6)\" width=\"448\" height=\"252\" \/>\r\n\t\t\t\t\t\t\t\t\t\t<div class=\"slideshow_description_box slideshow_transparent\">\r\n\t\t\t\t\t\t<div class=\"slideshow_title\">2023. Fi curs 22-23 (6)<\/div>\t\t\t\t\t\t\t\t\t\t\t<\/div>\r\n\t\t\t\t<\/div>\r\n\r\n\t\t\t\t\t\t<div style=\"clear: both;\"><\/div><\/div><div class=\"slideshow_view\">\r\n\t\t\t\t<div class=\"slideshow_slide slideshow_slide_image\">\r\n\t\t\t\t\t\t\t\t\t\t\t<img src=\"https:\/\/agora.xtec.cat\/eeielrodo\/wp-content\/uploads\/usu2175\/2023\/07\/2023.-Fi-curs-22-23-5.jpg\" alt=\"2023. Fi curs 22-23 (5)\" width=\"448\" height=\"232\" \/>\r\n\t\t\t\t\t\t\t\t\t\t<div class=\"slideshow_description_box slideshow_transparent\">\r\n\t\t\t\t\t\t<div class=\"slideshow_title\">2023. Fi curs 22-23 (5)<\/div>\t\t\t\t\t\t\t\t\t\t\t<\/div>\r\n\t\t\t\t<\/div>\r\n\r\n\t\t\t\t\t\t<div style=\"clear: both;\"><\/div><\/div><div class=\"slideshow_view\">\r\n\t\t\t\t<div class=\"slideshow_slide slideshow_slide_image\">\r\n\t\t\t\t\t\t\t\t\t\t\t<img src=\"https:\/\/agora.xtec.cat\/eeielrodo\/wp-content\/uploads\/usu2175\/2023\/07\/2023.-Fi-curs-22-23-4.jpg\" alt=\"2023. Fi curs 22-23 (4)\" width=\"448\" height=\"253\" \/>\r\n\t\t\t\t\t\t\t\t\t\t<div class=\"slideshow_description_box slideshow_transparent\">\r\n\t\t\t\t\t\t<div class=\"slideshow_title\">2023. Fi curs 22-23 (4)<\/div>\t\t\t\t\t\t\t\t\t\t\t<\/div>\r\n\t\t\t\t<\/div>\r\n\r\n\t\t\t\t\t\t<div style=\"clear: both;\"><\/div><\/div><div class=\"slideshow_view\">\r\n\t\t\t\t<div class=\"slideshow_slide slideshow_slide_image\">\r\n\t\t\t\t\t\t\t\t\t\t\t<img src=\"https:\/\/agora.xtec.cat\/eeielrodo\/wp-content\/uploads\/usu2175\/2023\/07\/2023.-Fi-curs-22-23-3.jpg\" alt=\"2023. Fi curs 22-23 (3)\" width=\"448\" height=\"252\" \/>\r\n\t\t\t\t\t\t\t\t\t\t<div class=\"slideshow_description_box slideshow_transparent\">\r\n\t\t\t\t\t\t<div class=\"slideshow_title\">2023. Fi curs 22-23 (3)<\/div>\t\t\t\t\t\t\t\t\t\t\t<\/div>\r\n\t\t\t\t<\/div>\r\n\r\n\t\t\t\t\t\t<div style=\"clear: both;\"><\/div><\/div><div class=\"slideshow_view\">\r\n\t\t\t\t<div class=\"slideshow_slide slideshow_slide_image\">\r\n\t\t\t\t\t\t\t\t\t\t\t<img src=\"https:\/\/agora.xtec.cat\/eeielrodo\/wp-content\/uploads\/usu2175\/2023\/07\/2023.-Fi-curs-22-23-2.jpg\" alt=\"2023. Fi curs 22-23 (2)\" width=\"448\" height=\"241\" \/>\r\n\t\t\t\t\t\t\t\t\t\t<div class=\"slideshow_description_box slideshow_transparent\">\r\n\t\t\t\t\t\t<div class=\"slideshow_title\">2023. Fi curs 22-23 (2)<\/div>\t\t\t\t\t\t\t\t\t\t\t<\/div>\r\n\t\t\t\t<\/div>\r\n\r\n\t\t\t\t\t\t<div style=\"clear: both;\"><\/div><\/div><div class=\"slideshow_view\">\r\n\t\t\t\t<div class=\"slideshow_slide slideshow_slide_image\">\r\n\t\t\t\t\t\t\t\t\t\t\t<img src=\"https:\/\/agora.xtec.cat\/eeielrodo\/wp-content\/uploads\/usu2175\/2023\/07\/2023.-Fi-curs-22-23-1.jpg\" alt=\"2023. Fi curs 22-23 (1)\" width=\"448\" height=\"252\" \/>\r\n\t\t\t\t\t\t\t\t\t\t<div class=\"slideshow_description_box slideshow_transparent\">\r\n\t\t\t\t\t\t<div class=\"slideshow_title\">2023. Fi curs 22-23 (1)<\/div>\t\t\t\t\t\t\t\t\t\t\t<\/div>\r\n\t\t\t\t<\/div>\r\n\r\n\t\t\t\t\t\t<div style=\"clear: both;\"><\/div><\/div>\r\n\t\t<\/div>\r\n\r\n\t\t<div class=\"slideshow_controlPanel slideshow_transparent\" style=\"display: none;\"><ul><li class=\"slideshow_togglePlay\" data-play-text=\"Visualitza\" data-pause-text=\"Pausa\"><\/li><\/ul><\/div>\r\n\r\n\t\t<div class=\"slideshow_button slideshow_previous slideshow_transparent\" role=\"button\" data-previous-text=\"Anterior\" style=\"display: none;\"><\/div>\r\n\t\t<div class=\"slideshow_button slideshow_next slideshow_transparent\" role=\"button\" data-next-text=\"Seg\u00fcent\" style=\"display: none;\"><\/div>\r\n\r\n\t\t<div class=\"slideshow_pagination\" style=\"display: none;\" data-go-to-text=\"V\u00e9s a la diapositiva\"><div class=\"slideshow_pagination_center\"><\/div><\/div>\r\n\r\n\t\t<!-- WordPress Slideshow Version 2.3.1 -->\r\n\r\n\t\t\t<\/div>\r\n\r\n<\/p>\n<p>Sabeu que va ser el millor? Amb una mare v\u00e0rem seure en una de les cadiretes, les dues mir\u00e0vem al nostre voltant i entre ll\u00e0grima i ll\u00e0grima, parl\u00e0vem de com de r\u00e0pid havia passat el temps. Va ser un gran moment, observar des de la distancia, des de la prud\u00e8ncia i el respecte, observant com tothom gaudia del moment. Grans i petits ballaven, xerraven, reien, ploraven, mil emocions concentrades i temps compartit \ud83d\ude42<\/p>\n<p>Moltes gr\u00e0cies a tots i totes per fer-ho possible. Sense la vostra dedicaci\u00f3, temps i aportaci\u00f3 a l&#8217;AFA, tot aix\u00f2 no seria possible!!<\/p>\n","protected":false},"excerpt":{"rendered":"<p>El passat 30 de juny de 2023 es va celebrar el final de curs al Rod\u00f3 amb una festa on grans i petits v\u00e0rem trobar el nostre espai.<br \/>\nUna festa pensada per les fam\u00edlies que es coordinaven mitjan\u00e7ant comissions. On cadascuna aportava el seu granet de&hellip;  <a href=\"https:\/\/agora.xtec.cat\/eeielrodo\/general\/fi-de-curs-2022-2023\/\" title=\"Read FI DE CURS 2022-2023\">Llegeix m\u00e9s\u00bb<\/a><\/p>\n","protected":false},"author":1,"featured_media":1994,"comment_status":"open","ping_status":"closed","sticky":false,"template":"","format":"standard","meta":{"_bbp_topic_count":0,"_bbp_reply_count":0,"_bbp_total_topic_count":0,"_bbp_total_reply_count":0,"_bbp_voice_count":0,"_bbp_anonymous_reply_count":0,"_bbp_topic_count_hidden":0,"_bbp_reply_count_hidden":0,"_bbp_forum_subforum_count":0,"footnotes":""},"categories":[7,1,4],"tags":[],"class_list":["post-1995","post","type-post","status-publish","format-standard","has-post-thumbnail","hentry","category-afa","category-general","category-portada"],"post_mailing_queue_ids":[],"_links":{"self":[{"href":"https:\/\/agora.xtec.cat\/eeielrodo\/wp-json\/wp\/v2\/posts\/1995","targetHints":{"allow":["GET"]}}],"collection":[{"href":"https:\/\/agora.xtec.cat\/eeielrodo\/wp-json\/wp\/v2\/posts"}],"about":[{"href":"https:\/\/agora.xtec.cat\/eeielrodo\/wp-json\/wp\/v2\/types\/post"}],"author":[{"embeddable":true,"href":"https:\/\/agora.xtec.cat\/eeielrodo\/wp-json\/wp\/v2\/users\/1"}],"replies":[{"embeddable":true,"href":"https:\/\/agora.xtec.cat\/eeielrodo\/wp-json\/wp\/v2\/comments?post=1995"}],"version-history":[{"count":1,"href":"https:\/\/agora.xtec.cat\/eeielrodo\/wp-json\/wp\/v2\/posts\/1995\/revisions"}],"predecessor-version":[{"id":1996,"href":"https:\/\/agora.xtec.cat\/eeielrodo\/wp-json\/wp\/v2\/posts\/1995\/revisions\/1996"}],"wp:featuredmedia":[{"embeddable":true,"href":"https:\/\/agora.xtec.cat\/eeielrodo\/wp-json\/wp\/v2\/media\/1994"}],"wp:attachment":[{"href":"https:\/\/agora.xtec.cat\/eeielrodo\/wp-json\/wp\/v2\/media?parent=1995"}],"wp:term":[{"taxonomy":"category","embeddable":true,"href":"https:\/\/agora.xtec.cat\/eeielrodo\/wp-json\/wp\/v2\/categories?post=1995"},{"taxonomy":"post_tag","embeddable":true,"href":"https:\/\/agora.xtec.cat\/eeielrodo\/wp-json\/wp\/v2\/tags?post=1995"}],"curies":[{"name":"wp","href":"https:\/\/api.w.org\/{rel}","templated":true}]}}