{"id":1920,"date":"2023-06-26T20:27:36","date_gmt":"2023-06-26T18:27:36","guid":{"rendered":"https:\/\/agora.xtec.cat\/eeielrodo\/?p=1920"},"modified":"2023-06-27T08:29:14","modified_gmt":"2023-06-27T06:29:14","slug":"taller-com-i-des-don-acompanyo-els-sentiments-dels-meus-fills","status":"publish","type":"post","link":"https:\/\/agora.xtec.cat\/eeielrodo\/general\/taller-com-i-des-don-acompanyo-els-sentiments-dels-meus-fills\/","title":{"rendered":"TALLER: COM I DES D&#8217;ON ACOMPANYO ELS SENTIMENTS DELS MEUS FILLS?"},"content":{"rendered":"<p><em>Ho s\u00e9 ho s\u00e9&#8230;, amb les matr\u00edcules, hem abandonat una mica la web, per\u00f2 ens posarem al dia aviat o aix\u00f2 espero <\/em>\ud83d\ude42<\/p>\n<p><a href=\"https:\/\/agora.xtec.cat\/eeielrodo\/wp-content\/uploads\/usu2175\/2023\/06\/20230614_172851.jpg\"><img loading=\"lazy\" decoding=\"async\" class=\"aligncenter size-medium wp-image-1924\" src=\"https:\/\/agora.xtec.cat\/eeielrodo\/wp-content\/uploads\/usu2175\/2023\/06\/20230614_172851-300x169.jpg\" alt=\"\" width=\"300\" height=\"169\" srcset=\"https:\/\/agora.xtec.cat\/eeielrodo\/wp-content\/uploads\/usu2175\/2023\/06\/20230614_172851-300x169.jpg 300w, https:\/\/agora.xtec.cat\/eeielrodo\/wp-content\/uploads\/usu2175\/2023\/06\/20230614_172851.jpg 448w\" sizes=\"auto, (max-width: 300px) 100vw, 300px\" \/><\/a><\/p>\n<p>Fa unes setmanes, l&#8217;AFA va organitzar una xerrada dirigida a les fam\u00edlies, un taller vivencial a c\u00e0rrec de l&#8217;Arantxa Mareny\u00e0.<\/p>\n<p>Una tarda en petit comit\u00e8 que ens va permetre resoldre dubtes sobre els diferents estils de crian\u00e7a i com ens sent\u00edem davant determinades situacions.<\/p>\n<p>Personalment, m&#8217;he emportat una reflexi\u00f3 que ara em repeteixo di\u00e0riament&#8230;<em>&#8221; l\u00edmits que em cuiden, l\u00edmits que us cuiden&#8221;.<\/em><\/p>\n<p>A continuaci\u00f3 us deixem alguna de les formacions que t\u00e9 programades per si alguna fam\u00edlia s&#8217;ha quedat amb ganes de m\u00e9s:<\/p>\n<p><strong>Taller Com Parlar als infants i adolescents INTENSIU ONLINE<\/strong>\u00a0<a href=\"https:\/\/docs.google.com\/forms\/d\/e\/1FAIpQLSeAJcEoGlJFKcnT8XU9aimNquwRL32zUp3MGOcPeDYVyLE4Jw\/viewform?usp=sf_link\">https:\/\/docs.google.com\/forms\/d\/e\/1FAIpQLSeAJcEoGlJFKcnT8XU9aimNquwRL32zUp3MGOcPeDYVyLE4Jw\/viewform?usp=sf_link<\/a><\/p>\n<p><strong>CONNECTA(&#8216;T).Formaci\u00f3 anual presencial en CNV a Girona.\u00a0<\/strong>Octubre- juny un cop al mes. M\u00e9s informaci\u00f3\u00a0<a href=\"https:\/\/www.setestrelles.com\/cursos-i-tallers\/\">https:\/\/www.setestrelles.com\/cursos-i-tallers\/<\/a><\/p>\n<p><strong>CONNECTA(&#8216;T) ONLINE. Formaci\u00f3 anual online en CNV.\u00a0<\/strong>Octubre-juny un dimecres al mat\u00ed al mes\u00a0<a href=\"https:\/\/forms.gle\/obhzGL4eQezDd3XM7\">https:\/\/forms.gle\/obhzGL4eQezDd3XM7<\/a><\/p>\n<p>I tamb\u00e9 est\u00e0 programant un <strong>retir\u00a0<\/strong>d&#8217;un dia per a mares el dia 2 de juliol a una masia preciosa d&#8217;Espinelves:\u00a0<a href=\"https:\/\/docs.google.com\/forms\/d\/e\/1FAIpQLScHiTenrvbZnpelNFWKIYKThOBFHlPVXCCXAakWwpoRGu2YXw\/viewform?usp=sf_link\">https:\/\/docs.google.com\/forms\/d\/e\/1FAIpQLScHiTenrvbZnpelNFWKIYKThOBFHlPVXCCXAakWwpoRGu2YXw\/viewform?usp=sf_link<\/a><\/p>\n<p>La seva web \u00e9s <a href=\"http:\/\/arantxamarenya.cat\/\">arantxamarenya.cat<\/a>\u00a0 i a Instagram comparteix contingut gratu\u00eft que podeu consultar.<\/p>\n<p>Agrair, com sempre, que l&#8217;AFA la seva implicaci\u00f3 dins la comunitat educativa \ud83d\ude42 en benefici d&#8217;infants, fam\u00edlies i l&#8217;escola.<\/p>\n","protected":false},"excerpt":{"rendered":"<p>Ho s\u00e9 ho s\u00e9&#8230;, amb les matr\u00edcules, hem abandonat una mica la web, per\u00f2 ens posarem al dia aviat o aix\u00f2 espero \ud83d\ude42<br \/>\n<a href=\"https:\/\/agora.xtec.cat\/eeielrodo\/wp-content\/uploads\/usu2175\/2023\/06\/20230614_172851.jpg\"><\/a><br \/>\nFa unes setmanes, l&#8217;AFA va organitzar una xerrada dirigida a les fam\u00edlies, un taller vivencial a c\u00e0rrec de l&#8217;Arantxa Mareny\u00e0.<br \/>\nUna tarda en&hellip;  <a href=\"https:\/\/agora.xtec.cat\/eeielrodo\/general\/taller-com-i-des-don-acompanyo-els-sentiments-dels-meus-fills\/\" title=\"Read TALLER: COM I DES D&#8217;ON ACOMPANYO ELS SENTIMENTS DELS MEUS FILLS?\">Llegeix m\u00e9s\u00bb<\/a><\/p>\n","protected":false},"author":1,"featured_media":1937,"comment_status":"open","ping_status":"closed","sticky":false,"template":"","format":"standard","meta":{"_bbp_topic_count":0,"_bbp_reply_count":0,"_bbp_total_topic_count":0,"_bbp_total_reply_count":0,"_bbp_voice_count":0,"_bbp_anonymous_reply_count":0,"_bbp_topic_count_hidden":0,"_bbp_reply_count_hidden":0,"_bbp_forum_subforum_count":0,"footnotes":""},"categories":[7,1,4],"tags":[],"class_list":["post-1920","post","type-post","status-publish","format-standard","has-post-thumbnail","hentry","category-afa","category-general","category-portada"],"post_mailing_queue_ids":[],"_links":{"self":[{"href":"https:\/\/agora.xtec.cat\/eeielrodo\/wp-json\/wp\/v2\/posts\/1920","targetHints":{"allow":["GET"]}}],"collection":[{"href":"https:\/\/agora.xtec.cat\/eeielrodo\/wp-json\/wp\/v2\/posts"}],"about":[{"href":"https:\/\/agora.xtec.cat\/eeielrodo\/wp-json\/wp\/v2\/types\/post"}],"author":[{"embeddable":true,"href":"https:\/\/agora.xtec.cat\/eeielrodo\/wp-json\/wp\/v2\/users\/1"}],"replies":[{"embeddable":true,"href":"https:\/\/agora.xtec.cat\/eeielrodo\/wp-json\/wp\/v2\/comments?post=1920"}],"version-history":[{"count":3,"href":"https:\/\/agora.xtec.cat\/eeielrodo\/wp-json\/wp\/v2\/posts\/1920\/revisions"}],"predecessor-version":[{"id":1956,"href":"https:\/\/agora.xtec.cat\/eeielrodo\/wp-json\/wp\/v2\/posts\/1920\/revisions\/1956"}],"wp:featuredmedia":[{"embeddable":true,"href":"https:\/\/agora.xtec.cat\/eeielrodo\/wp-json\/wp\/v2\/media\/1937"}],"wp:attachment":[{"href":"https:\/\/agora.xtec.cat\/eeielrodo\/wp-json\/wp\/v2\/media?parent=1920"}],"wp:term":[{"taxonomy":"category","embeddable":true,"href":"https:\/\/agora.xtec.cat\/eeielrodo\/wp-json\/wp\/v2\/categories?post=1920"},{"taxonomy":"post_tag","embeddable":true,"href":"https:\/\/agora.xtec.cat\/eeielrodo\/wp-json\/wp\/v2\/tags?post=1920"}],"curies":[{"name":"wp","href":"https:\/\/api.w.org\/{rel}","templated":true}]}}