{"id":1901,"date":"2023-06-12T10:41:55","date_gmt":"2023-06-12T08:41:55","guid":{"rendered":"https:\/\/agora.xtec.cat\/eeielrodo\/?p=1901"},"modified":"2023-06-12T10:45:11","modified_gmt":"2023-06-12T08:45:11","slug":"formalitzacio-de-matricula-23-24","status":"publish","type":"post","link":"https:\/\/agora.xtec.cat\/eeielrodo\/general\/formalitzacio-de-matricula-23-24\/","title":{"rendered":"FORMALITZACI\u00d3 DE MATR\u00cdCULA 23-24"},"content":{"rendered":"<p style=\"font-weight: 400;\">Benvolgudes fam\u00edlies,<\/p>\n<p>Avui s&#8217;han publicat la llista d&#8217;admesos, aix\u00ed com les llistes d&#8217;espera.<\/p>\n<table style=\"border-collapse: collapse; width: 100%;\">\n<tbody>\n<tr>\n<td style=\"width: 50%; text-align: center;\"><strong>LLISTA D&#8217;ADMESOS EL ROD\u00d3<\/strong><\/td>\n<td style=\"width: 50%; text-align: center;\"><strong>LLISTA D&#8217;ESPERA EL ROD\u00d3<\/strong><\/td>\n<\/tr>\n<tr>\n<td style=\"width: 50%;\"><a href=\"https:\/\/agora.xtec.cat\/eeielrodo\/wp-content\/uploads\/usu2175\/2023\/06\/2023.-Rodo-admesos-1-2-public.pdf\">2023. Rodo-admesos-1-2-public<\/a><\/td>\n<td style=\"width: 50%;\"><a href=\"https:\/\/agora.xtec.cat\/eeielrodo\/wp-content\/uploads\/usu2175\/2023\/06\/2023.-Rodo-espera-1-2-public.pdf\">2023. Rodo-espera-1-2-public<\/a><\/td>\n<\/tr>\n<tr>\n<td style=\"width: 50%;\"><a href=\"https:\/\/agora.xtec.cat\/eeielrodo\/wp-content\/uploads\/usu2175\/2023\/06\/2023.-Rodo-admesos-2-3-public.pdf\">2023. Rodo-admesos-2-3-public<\/a><\/td>\n<td style=\"width: 50%;\"><a href=\"https:\/\/agora.xtec.cat\/eeielrodo\/wp-content\/uploads\/usu2175\/2023\/06\/2023.-Rodo-espera-2-3-public.pdf\">2023. Rodo-espera-2-3-public<\/a><\/td>\n<\/tr>\n<\/tbody>\n<\/table>\n<p style=\"font-weight: 400;\">El seg\u00fcent\u00a0pas, \u00e9s la\u00a0<strong>formalitzaci\u00f3 de la matr\u00edcula<\/strong>\u00a0es far\u00e0 del\u00a0<strong>14 al 22 de juny de 2023<\/strong>, de 8:00h del mat\u00ed a 17:00h de la tarda. La podem fer presencial o telem\u00e0ticament segons la vostra disponibilitat.<\/p>\n<p style=\"font-weight: 400;\">Per tal afavorir\u00a0 i agilitzar aquest tr\u00e0mit us proposem que\u00a0 <strong>demaneu cita pr\u00e8via<\/strong>, via mail (<a href=\"mailto:ebmrodo@gmail.com\">ebmrodo@gmail.com<\/a>\u00a0) o b\u00e9 trucant al\u00a0<strong>691 82 17 74<\/strong>\u00a0o b\u00e9 al 93 668 22 26.<\/p>\n<p style=\"font-weight: 400;\">Si voleu <strong>renunciar a la pla\u00e7a assignada<\/strong>\u00a0tamb\u00e9 agrair\u00edem que ens ho comuniqu\u00e9ssiu al mateix tel\u00e8fon el\u00a0<strong>m\u00e9s aviat possible<\/strong>, per poder oferir la pla\u00e7a a una altre fam\u00edlia, tot respectant la llista d&#8217;espera.<\/p>\n<p style=\"font-weight: 400;\">Us avancem els\u00a0<strong>documents<\/strong>\u00a0que ens haureu de fer arribar, ja sigui en PDF o presencialment:<\/p>\n<ul>\n<li style=\"font-weight: 400;\">Fotoc\u00f2pia del DNI dels\/les\u00a0 progenitors\/es o tutors\/es.<\/li>\n<li>\u00a0Fotoc\u00f2pia de la Targeta sanit\u00e0ria de l&#8217;infant (TSI).<\/li>\n<li>Fotoc\u00f2pia o pdf (de La meva Salut) del Llibre de vacunacions.<\/li>\n<li>Fotoc\u00f2pia del N\u00ba de compte bancari +IBAN<\/li>\n<li>Fotoc\u00f2pia del llibre de fam\u00edlia.<\/li>\n<\/ul>\n<p style=\"font-weight: 400; text-align: center;\">AQUESTES DADES SON\u00a0<strong>IMPRESCINDIBLES<\/strong>\u00a0PER A PODER GENERAR LA MATR\u00cdCULA.<\/p>\n","protected":false},"excerpt":{"rendered":"<p>Benvolgudes fam\u00edlies,<br \/>\nAvui s&#8217;han publicat la llista d&#8217;admesos, aix\u00ed com les llistes d&#8217;espera.<\/p>\n<p>LLISTA D&#8217;ADMESOS EL ROD\u00d3<br \/>\nLLISTA D&#8217;ESPERA EL ROD\u00d3<\/p>\n<p><a href=\"https:\/\/agora.xtec.cat\/eeielrodo\/wp-content\/uploads\/usu2175\/2023\/06\/2023.-Rodo-admesos-1-2-public.pdf\">2023. Rodo-admesos-1-2-public<\/a><br \/>\n<a href=\"https:\/\/agora.xtec.cat\/eeielrodo\/wp-content\/uploads\/usu2175\/2023\/06\/2023.-Rodo-espera-1-2-public.pdf\">2023. Rodo-espera-1-2-public<\/a><\/p>\n<p><a href=\"https:\/\/agora.xtec.cat\/eeielrodo\/wp-content\/uploads\/usu2175\/2023\/06\/2023.-Rodo-admesos-2-3-public.pdf\">2023. Rodo-admesos-2-3-public<\/a><br \/>\n<a href=\"https:\/\/agora.xtec.cat\/eeielrodo\/wp-content\/uploads\/usu2175\/2023\/06\/2023.-Rodo-espera-2-3-public.pdf\">2023. Rodo-espera-2-3-public<\/a><\/p>\n<p>El seg\u00fcent\u00a0pas, \u00e9s la\u00a0formalitzaci\u00f3 de la matr\u00edcula\u00a0es far\u00e0 del\u00a014 al 22 de juny de 2023, de 8:00h del mat\u00ed a&hellip;  <a href=\"https:\/\/agora.xtec.cat\/eeielrodo\/general\/formalitzacio-de-matricula-23-24\/\" title=\"Read FORMALITZACI\u00d3 DE MATR\u00cdCULA 23-24\">Llegeix m\u00e9s\u00bb<\/a><\/p>\n","protected":false},"author":1,"featured_media":1919,"comment_status":"open","ping_status":"closed","sticky":false,"template":"","format":"standard","meta":{"_bbp_topic_count":0,"_bbp_reply_count":0,"_bbp_total_topic_count":0,"_bbp_total_reply_count":0,"_bbp_voice_count":0,"_bbp_anonymous_reply_count":0,"_bbp_topic_count_hidden":0,"_bbp_reply_count_hidden":0,"_bbp_forum_subforum_count":0,"footnotes":""},"categories":[7,1,4,71],"tags":[],"class_list":["post-1901","post","type-post","status-publish","format-standard","has-post-thumbnail","hentry","category-afa","category-general","category-portada","category-preinscripcio-23-24"],"post_mailing_queue_ids":[],"_links":{"self":[{"href":"https:\/\/agora.xtec.cat\/eeielrodo\/wp-json\/wp\/v2\/posts\/1901","targetHints":{"allow":["GET"]}}],"collection":[{"href":"https:\/\/agora.xtec.cat\/eeielrodo\/wp-json\/wp\/v2\/posts"}],"about":[{"href":"https:\/\/agora.xtec.cat\/eeielrodo\/wp-json\/wp\/v2\/types\/post"}],"author":[{"embeddable":true,"href":"https:\/\/agora.xtec.cat\/eeielrodo\/wp-json\/wp\/v2\/users\/1"}],"replies":[{"embeddable":true,"href":"https:\/\/agora.xtec.cat\/eeielrodo\/wp-json\/wp\/v2\/comments?post=1901"}],"version-history":[{"count":3,"href":"https:\/\/agora.xtec.cat\/eeielrodo\/wp-json\/wp\/v2\/posts\/1901\/revisions"}],"predecessor-version":[{"id":1911,"href":"https:\/\/agora.xtec.cat\/eeielrodo\/wp-json\/wp\/v2\/posts\/1901\/revisions\/1911"}],"wp:featuredmedia":[{"embeddable":true,"href":"https:\/\/agora.xtec.cat\/eeielrodo\/wp-json\/wp\/v2\/media\/1919"}],"wp:attachment":[{"href":"https:\/\/agora.xtec.cat\/eeielrodo\/wp-json\/wp\/v2\/media?parent=1901"}],"wp:term":[{"taxonomy":"category","embeddable":true,"href":"https:\/\/agora.xtec.cat\/eeielrodo\/wp-json\/wp\/v2\/categories?post=1901"},{"taxonomy":"post_tag","embeddable":true,"href":"https:\/\/agora.xtec.cat\/eeielrodo\/wp-json\/wp\/v2\/tags?post=1901"}],"curies":[{"name":"wp","href":"https:\/\/api.w.org\/{rel}","templated":true}]}}