{"id":1645,"date":"2023-02-15T10:49:18","date_gmt":"2023-02-15T09:49:18","guid":{"rendered":"https:\/\/agora.xtec.cat\/eeielrodo\/?p=1645"},"modified":"2023-02-15T10:49:18","modified_gmt":"2023-02-15T09:49:18","slug":"la-plantada","status":"publish","type":"post","link":"https:\/\/agora.xtec.cat\/eeielrodo\/general\/la-plantada\/","title":{"rendered":"LA PLANTADA"},"content":{"rendered":"<p>Poc a poc, anem recuperant les petites propostes d&#8217;intercanvi amb altres escoles de la Vila, que per motius de les restriccions de la Pand\u00e8mia, v\u00e0rem tenir que deixar de realitzar&#8230;<\/p>\n<p>En aquest cas, els infants d&#8217;I5 de l&#8217;escola Alzina varen venir a passar el mat\u00ed amb nosaltres. Van ajudar als m\u00e9s petits a plantar les plantetes de la Candelera, esmorzar i temps de joc. Sembla ser que s&#8217;ho van passar tant b\u00e9, que no volien marxar \ud83d\ude42 Ens va fer molta il\u00b7lusi\u00f3 retrobar-nos amb ex-alumnes de l&#8217;escola, estaven s\u00faper grans, encara recordaven el seu pas per l&#8217;escola i van saludar a les seves educadores de fa 3 anys.<\/p>\n<p>Aprofitem per fer un agra\u00efment doble: primer de tot a la Raquel, per gestionar i fer de nexe en aquesta experi\u00e8ncia; i per l&#8217;altre, a l&#8217;AFA, que es va encarregar de comprar plantetes per si algun infant de l&#8217;escola no en tenia. Gr\u00e0cies per la implicaci\u00f3 a tothom!<\/p>\n<p style=\"text-align: center;\">\r\n\t<div class=\"slideshow_container slideshow_container_style-light\" style=\"height: 300px; \" data-slideshow-id=\"1655\" data-style-name=\"style-light\" data-style-version=\"2.3.1\" >\r\n\r\n\t\t\t\t\t<div class=\"slideshow_loading_icon\"><\/div>\r\n\t\t\r\n\t\t<div class=\"slideshow_content\" style=\"display: none;\">\r\n\r\n\t\t\t<div class=\"slideshow_view\">\r\n\t\t\t\t<div class=\"slideshow_slide slideshow_slide_image\">\r\n\t\t\t\t\t\t\t\t\t\t\t<img src=\"https:\/\/agora.xtec.cat\/eeielrodo\/wp-content\/uploads\/usu2175\/2023\/02\/Foto-de-EBM-Rodo2.jpg\" alt=\"Foto de EBM Rod\u00f3(2)\" width=\"448\" height=\"336\" \/>\r\n\t\t\t\t\t\t\t\t\t\t<div class=\"slideshow_description_box slideshow_transparent\">\r\n\t\t\t\t\t\t<div class=\"slideshow_title\">Foto de EBM Rod\u00f3(2)<\/div>\t\t\t\t\t\t\t\t\t\t\t<\/div>\r\n\t\t\t\t<\/div>\r\n\r\n\t\t\t\t\t\t<div style=\"clear: both;\"><\/div><\/div><div class=\"slideshow_view\">\r\n\t\t\t\t<div class=\"slideshow_slide slideshow_slide_image\">\r\n\t\t\t\t\t\t\t\t\t\t\t<img src=\"https:\/\/agora.xtec.cat\/eeielrodo\/wp-content\/uploads\/usu2175\/2023\/02\/Foto-de-EBM-Rodo.jpg\" alt=\"Foto de EBM Rod\u00f3\" width=\"448\" height=\"336\" \/>\r\n\t\t\t\t\t\t\t\t\t\t<div class=\"slideshow_description_box slideshow_transparent\">\r\n\t\t\t\t\t\t<div class=\"slideshow_title\">Foto de EBM Rod\u00f3<\/div>\t\t\t\t\t\t\t\t\t\t\t<\/div>\r\n\t\t\t\t<\/div>\r\n\r\n\t\t\t\t\t\t<div style=\"clear: both;\"><\/div><\/div><div class=\"slideshow_view\">\r\n\t\t\t\t<div class=\"slideshow_slide slideshow_slide_image\">\r\n\t\t\t\t\t\t\t\t\t\t\t<img src=\"https:\/\/agora.xtec.cat\/eeielrodo\/wp-content\/uploads\/usu2175\/2023\/02\/Foto-de-EBM-Rodo3.jpg\" alt=\"Foto de EBM Rod\u00f3(3)\" width=\"406\" height=\"336\" \/>\r\n\t\t\t\t\t\t\t\t\t\t<div class=\"slideshow_description_box slideshow_transparent\">\r\n\t\t\t\t\t\t<div class=\"slideshow_title\">Foto de EBM Rod\u00f3(3)<\/div>\t\t\t\t\t\t\t\t\t\t\t<\/div>\r\n\t\t\t\t<\/div>\r\n\r\n\t\t\t\t\t\t<div style=\"clear: both;\"><\/div><\/div><div class=\"slideshow_view\">\r\n\t\t\t\t<div class=\"slideshow_slide slideshow_slide_image\">\r\n\t\t\t\t\t\t\t\t\t\t\t<img src=\"https:\/\/agora.xtec.cat\/eeielrodo\/wp-content\/uploads\/usu2175\/2023\/02\/IMG-20230210-WA0027.jpg\" alt=\"IMG-20230210-WA0027\" width=\"448\" height=\"336\" \/>\r\n\t\t\t\t\t\t\t\t\t\t<div class=\"slideshow_description_box slideshow_transparent\">\r\n\t\t\t\t\t\t<div class=\"slideshow_title\">IMG-20230210-WA0027<\/div>\t\t\t\t\t\t\t\t\t\t\t<\/div>\r\n\t\t\t\t<\/div>\r\n\r\n\t\t\t\t\t\t<div style=\"clear: both;\"><\/div><\/div><div class=\"slideshow_view\">\r\n\t\t\t\t<div class=\"slideshow_slide slideshow_slide_image\">\r\n\t\t\t\t\t\t\t\t\t\t\t<img src=\"https:\/\/agora.xtec.cat\/eeielrodo\/wp-content\/uploads\/usu2175\/2023\/02\/IMG-20230210-WA0037.jpg\" alt=\"IMG-20230210-WA0037\" width=\"448\" height=\"336\" \/>\r\n\t\t\t\t\t\t\t\t\t\t<div class=\"slideshow_description_box slideshow_transparent\">\r\n\t\t\t\t\t\t<div class=\"slideshow_title\">IMG-20230210-WA0037<\/div>\t\t\t\t\t\t\t\t\t\t\t<\/div>\r\n\t\t\t\t<\/div>\r\n\r\n\t\t\t\t\t\t<div style=\"clear: both;\"><\/div><\/div><div class=\"slideshow_view\">\r\n\t\t\t\t<div class=\"slideshow_slide slideshow_slide_image\">\r\n\t\t\t\t\t\t\t\t\t\t\t<img src=\"https:\/\/agora.xtec.cat\/eeielrodo\/wp-content\/uploads\/usu2175\/2023\/02\/IMG-20230210-WA0035.jpg\" alt=\"IMG-20230210-WA0035\" width=\"447\" height=\"336\" \/>\r\n\t\t\t\t\t\t\t\t\t\t<div class=\"slideshow_description_box slideshow_transparent\">\r\n\t\t\t\t\t\t<div class=\"slideshow_title\">IMG-20230210-WA0035<\/div>\t\t\t\t\t\t\t\t\t\t\t<\/div>\r\n\t\t\t\t<\/div>\r\n\r\n\t\t\t\t\t\t<div style=\"clear: both;\"><\/div><\/div><div class=\"slideshow_view\">\r\n\t\t\t\t<div class=\"slideshow_slide slideshow_slide_image\">\r\n\t\t\t\t\t\t\t\t\t\t\t<img src=\"https:\/\/agora.xtec.cat\/eeielrodo\/wp-content\/uploads\/usu2175\/2023\/02\/Foto-de-EBM-Rodo1.jpg\" alt=\"Foto de EBM Rod\u00f3(1)\" width=\"447\" height=\"336\" \/>\r\n\t\t\t\t\t\t\t\t\t\t<div class=\"slideshow_description_box slideshow_transparent\">\r\n\t\t\t\t\t\t<div class=\"slideshow_title\">Foto de EBM Rod\u00f3(1)<\/div>\t\t\t\t\t\t\t\t\t\t\t<\/div>\r\n\t\t\t\t<\/div>\r\n\r\n\t\t\t\t\t\t<div style=\"clear: both;\"><\/div><\/div><div class=\"slideshow_view\">\r\n\t\t\t\t<div class=\"slideshow_slide slideshow_slide_image\">\r\n\t\t\t\t\t\t\t\t\t\t\t<img src=\"https:\/\/agora.xtec.cat\/eeielrodo\/wp-content\/uploads\/usu2175\/2023\/02\/IMG-20230210-WA0035.jpg\" alt=\"IMG-20230210-WA0035\" width=\"447\" height=\"336\" \/>\r\n\t\t\t\t\t\t\t\t\t\t<div class=\"slideshow_description_box slideshow_transparent\">\r\n\t\t\t\t\t\t<div class=\"slideshow_title\">IMG-20230210-WA0035<\/div>\t\t\t\t\t\t\t\t\t\t\t<\/div>\r\n\t\t\t\t<\/div>\r\n\r\n\t\t\t\t\t\t<div style=\"clear: both;\"><\/div><\/div><div class=\"slideshow_view\">\r\n\t\t\t\t<div class=\"slideshow_slide slideshow_slide_image\">\r\n\t\t\t\t\t\t\t\t\t\t\t<img src=\"https:\/\/agora.xtec.cat\/eeielrodo\/wp-content\/uploads\/usu2175\/2023\/02\/IMG-20230210-WA0037.jpg\" alt=\"IMG-20230210-WA0037\" width=\"448\" height=\"336\" \/>\r\n\t\t\t\t\t\t\t\t\t\t<div class=\"slideshow_description_box slideshow_transparent\">\r\n\t\t\t\t\t\t<div class=\"slideshow_title\">IMG-20230210-WA0037<\/div>\t\t\t\t\t\t\t\t\t\t\t<\/div>\r\n\t\t\t\t<\/div>\r\n\r\n\t\t\t\t\t\t<div style=\"clear: both;\"><\/div><\/div>\r\n\t\t<\/div>\r\n\r\n\t\t<div class=\"slideshow_controlPanel slideshow_transparent\" style=\"display: none;\"><ul><li class=\"slideshow_togglePlay\" data-play-text=\"Visualitza\" data-pause-text=\"Pausa\"><\/li><\/ul><\/div>\r\n\r\n\t\t<div class=\"slideshow_button slideshow_previous slideshow_transparent\" role=\"button\" data-previous-text=\"Anterior\" style=\"display: none;\"><\/div>\r\n\t\t<div class=\"slideshow_button slideshow_next slideshow_transparent\" role=\"button\" data-next-text=\"Seg\u00fcent\" style=\"display: none;\"><\/div>\r\n\r\n\t\t<div class=\"slideshow_pagination\" style=\"display: none;\" data-go-to-text=\"V\u00e9s a la diapositiva\"><div class=\"slideshow_pagination_center\"><\/div><\/div>\r\n\r\n\t\t<!-- WordPress Slideshow Version 2.3.1 -->\r\n\r\n\t\t\t<\/div>\r\n\r\n<\/p>\n","protected":false},"excerpt":{"rendered":"<p>Poc a poc, anem recuperant les petites propostes d&#8217;intercanvi amb altres escoles de la Vila, que per motius de les restriccions de la Pand\u00e8mia, v\u00e0rem tenir que deixar de realitzar&#8230;<br \/>\nEn aquest cas, els infants d&#8217;I5 de l&#8217;escola Alzina varen venir a passar el mat\u00ed amb&hellip;  <a href=\"https:\/\/agora.xtec.cat\/eeielrodo\/general\/la-plantada\/\" title=\"Read LA PLANTADA\">Llegeix m\u00e9s\u00bb<\/a><\/p>\n","protected":false},"author":1,"featured_media":1649,"comment_status":"open","ping_status":"closed","sticky":false,"template":"","format":"standard","meta":{"_bbp_topic_count":0,"_bbp_reply_count":0,"_bbp_total_topic_count":0,"_bbp_total_reply_count":0,"_bbp_voice_count":0,"_bbp_anonymous_reply_count":0,"_bbp_topic_count_hidden":0,"_bbp_reply_count_hidden":0,"_bbp_forum_subforum_count":0,"footnotes":""},"categories":[7,1,4],"tags":[],"class_list":["post-1645","post","type-post","status-publish","format-standard","has-post-thumbnail","hentry","category-afa","category-general","category-portada"],"post_mailing_queue_ids":[],"_links":{"self":[{"href":"https:\/\/agora.xtec.cat\/eeielrodo\/wp-json\/wp\/v2\/posts\/1645","targetHints":{"allow":["GET"]}}],"collection":[{"href":"https:\/\/agora.xtec.cat\/eeielrodo\/wp-json\/wp\/v2\/posts"}],"about":[{"href":"https:\/\/agora.xtec.cat\/eeielrodo\/wp-json\/wp\/v2\/types\/post"}],"author":[{"embeddable":true,"href":"https:\/\/agora.xtec.cat\/eeielrodo\/wp-json\/wp\/v2\/users\/1"}],"replies":[{"embeddable":true,"href":"https:\/\/agora.xtec.cat\/eeielrodo\/wp-json\/wp\/v2\/comments?post=1645"}],"version-history":[{"count":4,"href":"https:\/\/agora.xtec.cat\/eeielrodo\/wp-json\/wp\/v2\/posts\/1645\/revisions"}],"predecessor-version":[{"id":1659,"href":"https:\/\/agora.xtec.cat\/eeielrodo\/wp-json\/wp\/v2\/posts\/1645\/revisions\/1659"}],"wp:featuredmedia":[{"embeddable":true,"href":"https:\/\/agora.xtec.cat\/eeielrodo\/wp-json\/wp\/v2\/media\/1649"}],"wp:attachment":[{"href":"https:\/\/agora.xtec.cat\/eeielrodo\/wp-json\/wp\/v2\/media?parent=1645"}],"wp:term":[{"taxonomy":"category","embeddable":true,"href":"https:\/\/agora.xtec.cat\/eeielrodo\/wp-json\/wp\/v2\/categories?post=1645"},{"taxonomy":"post_tag","embeddable":true,"href":"https:\/\/agora.xtec.cat\/eeielrodo\/wp-json\/wp\/v2\/tags?post=1645"}],"curies":[{"name":"wp","href":"https:\/\/api.w.org\/{rel}","templated":true}]}}