{"id":1529,"date":"2022-07-17T18:57:27","date_gmt":"2022-07-17T16:57:27","guid":{"rendered":"https:\/\/agora.xtec.cat\/eeielrodo\/?p=1529"},"modified":"2022-07-18T13:56:15","modified_gmt":"2022-07-18T11:56:15","slug":"comiat-infantil-2","status":"publish","type":"post","link":"https:\/\/agora.xtec.cat\/eeielrodo\/general\/comiat-infantil-2\/","title":{"rendered":"COMIAT INFANTIL 2"},"content":{"rendered":"<p>Divendres, <em>15 de juliol de 2022<\/em>, les mestres es van acomiadar dels infants d&#8217;I2&#8230; Uns infants i unes fam\u00edlies amb les que han compartit el dia a dia en aquests dos \u00faltims anys. \u00c9s per aix\u00f2 que les mestres van preparar un petit pica pica, acompanyat de m\u00fasica i rialles.<\/p>\n<p><a href=\"https:\/\/agora.xtec.cat\/eeielrodo\/wp-content\/uploads\/usu2175\/2022\/07\/20220715_100720.jpg\"><img loading=\"lazy\" decoding=\"async\" class=\"aligncenter size-medium wp-image-1531\" src=\"https:\/\/agora.xtec.cat\/eeielrodo\/wp-content\/uploads\/usu2175\/2022\/07\/20220715_100720-300x225.jpg\" alt=\"\" width=\"300\" height=\"225\" srcset=\"https:\/\/agora.xtec.cat\/eeielrodo\/wp-content\/uploads\/usu2175\/2022\/07\/20220715_100720-300x225.jpg 300w, https:\/\/agora.xtec.cat\/eeielrodo\/wp-content\/uploads\/usu2175\/2022\/07\/20220715_100720-200x150.jpg 200w, https:\/\/agora.xtec.cat\/eeielrodo\/wp-content\/uploads\/usu2175\/2022\/07\/20220715_100720.jpg 448w\" sizes=\"auto, (max-width: 300px) 100vw, 300px\" \/><\/a><\/p>\n<p>Divendres tamb\u00e9 va ser un dia especial, sobretot per les fam\u00edlies&#8230;Fam\u00edlies nouvingudes, fam\u00edlies veteranes, fam\u00edlies que acaben una etapa de m\u00e9s de 6 anys al Rod\u00f3, fam\u00edlies que s\u00f3n de la fam\u00edlia. Fam\u00edlies que han dedicat el seu temps, que han deixat les seves arrels en nosaltres, que ens han cuidat i acompanyat en aquest cam\u00ed que \u00e9s la vida&#8230;la vida de la petita inf\u00e0ncia&#8230; Fam\u00edlies que ens han transm\u00e8s els seus neguits quan ens hem equivocat i aix\u00f2 ens ha ajudat a cr\u00e9ixer com a persones. Fam\u00edlies amb les que hem creat vincles, fam\u00edlies que duem al cor&#8230;A totes&#8230;nom\u00e9s us podem dir: gr\u00e0cies, gr\u00e0cies i gr\u00e0cies!<\/p>\n<p>Ser\u00e0 estrany no veure-us esperar pacientment en les entrades, passar per davant la finestra del despatx saludant, bromejat, somrient, fent lloc per col\u00b7locar els cotxets o corrents per arribar a l&#8217;hora a la feina&#8230;aquests moments compartits s\u00f3n el regal m\u00e9s gran que rebem cada any \ud83d\ude42<\/p>\n<p>Encara ens queden uns dies per endavant, aix\u00ed que aprofiteu i gaudim dels moments de felicitat compartida al Rod\u00f3.<\/p>\n","protected":false},"excerpt":{"rendered":"<p>Divendres, 15 de juliol de 2022, les mestres es van acomiadar dels infants d&#8217;I2&#8230; Uns infants i unes fam\u00edlies amb les que han compartit el dia a dia en aquests dos \u00faltims anys. \u00c9s per aix\u00f2 que les mestres van preparar un petit pica pica,&hellip;  <a href=\"https:\/\/agora.xtec.cat\/eeielrodo\/general\/comiat-infantil-2\/\" title=\"Read COMIAT INFANTIL 2\">Llegeix m\u00e9s\u00bb<\/a><\/p>\n","protected":false},"author":1,"featured_media":1531,"comment_status":"open","ping_status":"closed","sticky":false,"template":"","format":"standard","meta":{"_bbp_topic_count":0,"_bbp_reply_count":0,"_bbp_total_topic_count":0,"_bbp_total_reply_count":0,"_bbp_voice_count":0,"_bbp_anonymous_reply_count":0,"_bbp_topic_count_hidden":0,"_bbp_reply_count_hidden":0,"_bbp_forum_subforum_count":0,"footnotes":""},"categories":[1,2,4],"tags":[],"class_list":["post-1529","post","type-post","status-publish","format-standard","has-post-thumbnail","hentry","category-general","category-infantil","category-portada"],"post_mailing_queue_ids":[],"_links":{"self":[{"href":"https:\/\/agora.xtec.cat\/eeielrodo\/wp-json\/wp\/v2\/posts\/1529","targetHints":{"allow":["GET"]}}],"collection":[{"href":"https:\/\/agora.xtec.cat\/eeielrodo\/wp-json\/wp\/v2\/posts"}],"about":[{"href":"https:\/\/agora.xtec.cat\/eeielrodo\/wp-json\/wp\/v2\/types\/post"}],"author":[{"embeddable":true,"href":"https:\/\/agora.xtec.cat\/eeielrodo\/wp-json\/wp\/v2\/users\/1"}],"replies":[{"embeddable":true,"href":"https:\/\/agora.xtec.cat\/eeielrodo\/wp-json\/wp\/v2\/comments?post=1529"}],"version-history":[{"count":4,"href":"https:\/\/agora.xtec.cat\/eeielrodo\/wp-json\/wp\/v2\/posts\/1529\/revisions"}],"predecessor-version":[{"id":1536,"href":"https:\/\/agora.xtec.cat\/eeielrodo\/wp-json\/wp\/v2\/posts\/1529\/revisions\/1536"}],"wp:featuredmedia":[{"embeddable":true,"href":"https:\/\/agora.xtec.cat\/eeielrodo\/wp-json\/wp\/v2\/media\/1531"}],"wp:attachment":[{"href":"https:\/\/agora.xtec.cat\/eeielrodo\/wp-json\/wp\/v2\/media?parent=1529"}],"wp:term":[{"taxonomy":"category","embeddable":true,"href":"https:\/\/agora.xtec.cat\/eeielrodo\/wp-json\/wp\/v2\/categories?post=1529"},{"taxonomy":"post_tag","embeddable":true,"href":"https:\/\/agora.xtec.cat\/eeielrodo\/wp-json\/wp\/v2\/tags?post=1529"}],"curies":[{"name":"wp","href":"https:\/\/api.w.org\/{rel}","templated":true}]}}