{"id":1429,"date":"2022-05-19T12:22:20","date_gmt":"2022-05-19T10:22:20","guid":{"rendered":"https:\/\/agora.xtec.cat\/eeielrodo\/?p=1429"},"modified":"2022-07-18T11:13:47","modified_gmt":"2022-07-18T09:13:47","slug":"gel-de-colors","status":"publish","type":"post","link":"https:\/\/agora.xtec.cat\/eeielrodo\/general\/gel-de-colors\/","title":{"rendered":"GEL DE COLORS"},"content":{"rendered":"<p>No ens ha donat temps d&#8217;assimilar aquesta calor que ha arribat de cop, aix\u00ed que ens anem endinsant en propostes m\u00e9s fresquetes!<\/p>\n<p>Aquesta proposta sensorial amb gel i colorant alimentari, \u00e9s fant\u00e0stica at\u00e8s que proporciona est\u00edmuls poc descoberts pels infants&#8230; El fred !! La sensaci\u00f3 que provoca en les mans i en la boca, com s&#8217;escapa i rellisca, com es desf\u00e0, trenca i desapareix, com deixa empremta en un paper blanc&#8230;<\/p>\n<p>\u00c9s un joc sensorial i poc estructurat, on neix la manipulaci\u00f3 dels infants lliurement i en la que mai s&#8217;obtenen els mateixos resultats. Animeu-vos a fer-ho des de casa i proveu-ho vosaltres tamb\u00e9, torneu a ser infants una vegada m\u00e9s!<\/p>\n\r\n\t<div class=\"slideshow_container slideshow_container_style-light\" style=\"height: 300px; \" data-slideshow-id=\"1431\" data-style-name=\"style-light\" data-style-version=\"2.3.1\" >\r\n\r\n\t\t\t\t\t<div class=\"slideshow_loading_icon\"><\/div>\r\n\t\t\r\n\t\t<div class=\"slideshow_content\" style=\"display: none;\">\r\n\r\n\t\t\t<div class=\"slideshow_view\">\r\n\t\t\t\t<div class=\"slideshow_slide slideshow_slide_image\">\r\n\t\t\t\t\t\t\t\t\t\t\t<img src=\"https:\/\/agora.xtec.cat\/eeielrodo\/wp-content\/uploads\/usu2175\/2022\/05\/IMG_20220519_100847.jpg\" alt=\"IMG_20220519_100847\" width=\"448\" height=\"336\" \/>\r\n\t\t\t\t\t\t\t\t\t\t<div class=\"slideshow_description_box slideshow_transparent\">\r\n\t\t\t\t\t\t<div class=\"slideshow_title\">IMG_20220519_100847<\/div>\t\t\t\t\t\t\t\t\t\t\t<\/div>\r\n\t\t\t\t<\/div>\r\n\r\n\t\t\t\t\t\t<div style=\"clear: both;\"><\/div><\/div><div class=\"slideshow_view\">\r\n\t\t\t\t<div class=\"slideshow_slide slideshow_slide_image\">\r\n\t\t\t\t\t\t\t\t\t\t\t<img src=\"https:\/\/agora.xtec.cat\/eeielrodo\/wp-content\/uploads\/usu2175\/2022\/05\/IMG_20220519_100909.jpg\" alt=\"IMG_20220519_100909\" width=\"448\" height=\"336\" \/>\r\n\t\t\t\t\t\t\t\t\t\t<div class=\"slideshow_description_box slideshow_transparent\">\r\n\t\t\t\t\t\t<div class=\"slideshow_title\">IMG_20220519_100909<\/div>\t\t\t\t\t\t\t\t\t\t\t<\/div>\r\n\t\t\t\t<\/div>\r\n\r\n\t\t\t\t\t\t<div style=\"clear: both;\"><\/div><\/div><div class=\"slideshow_view\">\r\n\t\t\t\t<div class=\"slideshow_slide slideshow_slide_image\">\r\n\t\t\t\t\t\t\t\t\t\t\t<img src=\"https:\/\/agora.xtec.cat\/eeielrodo\/wp-content\/uploads\/usu2175\/2022\/05\/IMG_20220519_101138.jpg\" alt=\"IMG_20220519_101138\" width=\"448\" height=\"336\" \/>\r\n\t\t\t\t\t\t\t\t\t\t<div class=\"slideshow_description_box slideshow_transparent\">\r\n\t\t\t\t\t\t<div class=\"slideshow_title\">IMG_20220519_101138<\/div>\t\t\t\t\t\t\t\t\t\t\t<\/div>\r\n\t\t\t\t<\/div>\r\n\r\n\t\t\t\t\t\t<div style=\"clear: both;\"><\/div><\/div><div class=\"slideshow_view\">\r\n\t\t\t\t<div class=\"slideshow_slide slideshow_slide_image\">\r\n\t\t\t\t\t\t\t\t\t\t\t<img src=\"https:\/\/agora.xtec.cat\/eeielrodo\/wp-content\/uploads\/usu2175\/2022\/05\/IMG_20220519_101645.jpg\" alt=\"IMG_20220519_101645\" width=\"448\" height=\"336\" \/>\r\n\t\t\t\t\t\t\t\t\t\t<div class=\"slideshow_description_box slideshow_transparent\">\r\n\t\t\t\t\t\t<div class=\"slideshow_title\">IMG_20220519_101645<\/div>\t\t\t\t\t\t\t\t\t\t\t<\/div>\r\n\t\t\t\t<\/div>\r\n\r\n\t\t\t\t\t\t<div style=\"clear: both;\"><\/div><\/div><div class=\"slideshow_view\">\r\n\t\t\t\t<div class=\"slideshow_slide slideshow_slide_image\">\r\n\t\t\t\t\t\t\t\t\t\t\t<img src=\"https:\/\/agora.xtec.cat\/eeielrodo\/wp-content\/uploads\/usu2175\/2022\/05\/IMG-20220519-WA0005.jpg\" alt=\"IMG-20220519-WA0005\" width=\"448\" height=\"336\" \/>\r\n\t\t\t\t\t\t\t\t\t\t<div class=\"slideshow_description_box slideshow_transparent\">\r\n\t\t\t\t\t\t<div class=\"slideshow_title\">IMG-20220519-WA0005<\/div>\t\t\t\t\t\t\t\t\t\t\t<\/div>\r\n\t\t\t\t<\/div>\r\n\r\n\t\t\t\t\t\t<div style=\"clear: both;\"><\/div><\/div><div class=\"slideshow_view\">\r\n\t\t\t\t<div class=\"slideshow_slide slideshow_slide_image\">\r\n\t\t\t\t\t\t\t\t\t\t\t<img src=\"https:\/\/agora.xtec.cat\/eeielrodo\/wp-content\/uploads\/usu2175\/2022\/05\/IMG_20220519_100803.jpg\" alt=\"IMG_20220519_100803\" width=\"448\" height=\"336\" \/>\r\n\t\t\t\t\t\t\t\t\t\t<div class=\"slideshow_description_box slideshow_transparent\">\r\n\t\t\t\t\t\t<div class=\"slideshow_title\">IMG_20220519_100803<\/div>\t\t\t\t\t\t\t\t\t\t\t<\/div>\r\n\t\t\t\t<\/div>\r\n\r\n\t\t\t\t\t\t<div style=\"clear: both;\"><\/div><\/div>\r\n\t\t<\/div>\r\n\r\n\t\t<div class=\"slideshow_controlPanel slideshow_transparent\" style=\"display: none;\"><ul><li class=\"slideshow_togglePlay\" data-play-text=\"Visualitza\" data-pause-text=\"Pausa\"><\/li><\/ul><\/div>\r\n\r\n\t\t<div class=\"slideshow_button slideshow_previous slideshow_transparent\" role=\"button\" data-previous-text=\"Anterior\" style=\"display: none;\"><\/div>\r\n\t\t<div class=\"slideshow_button slideshow_next slideshow_transparent\" role=\"button\" data-next-text=\"Seg\u00fcent\" style=\"display: none;\"><\/div>\r\n\r\n\t\t<div class=\"slideshow_pagination\" style=\"display: none;\" data-go-to-text=\"V\u00e9s a la diapositiva\"><div class=\"slideshow_pagination_center\"><\/div><\/div>\r\n\r\n\t\t<!-- WordPress Slideshow Version 2.3.1 -->\r\n\r\n\t\t\t<\/div>\r\n\r\n\n","protected":false},"excerpt":{"rendered":"<p>No ens ha donat temps d&#8217;assimilar aquesta calor que ha arribat de cop, aix\u00ed que ens anem endinsant en propostes m\u00e9s fresquetes!<br \/>\nAquesta proposta sensorial amb gel i colorant alimentari, \u00e9s fant\u00e0stica at\u00e8s que proporciona est\u00edmuls poc descoberts pels infants&#8230; El fred !! La sensaci\u00f3 que&hellip;  <a href=\"https:\/\/agora.xtec.cat\/eeielrodo\/general\/gel-de-colors\/\" title=\"Read GEL DE COLORS\">Llegeix m\u00e9s\u00bb<\/a><\/p>\n","protected":false},"author":1,"featured_media":1433,"comment_status":"open","ping_status":"closed","sticky":false,"template":"","format":"standard","meta":{"_bbp_topic_count":0,"_bbp_reply_count":0,"_bbp_total_topic_count":0,"_bbp_total_reply_count":0,"_bbp_voice_count":0,"_bbp_anonymous_reply_count":0,"_bbp_topic_count_hidden":0,"_bbp_reply_count_hidden":0,"_bbp_forum_subforum_count":0,"footnotes":""},"categories":[1,4],"tags":[],"class_list":["post-1429","post","type-post","status-publish","format-standard","has-post-thumbnail","hentry","category-general","category-portada"],"post_mailing_queue_ids":[],"_links":{"self":[{"href":"https:\/\/agora.xtec.cat\/eeielrodo\/wp-json\/wp\/v2\/posts\/1429","targetHints":{"allow":["GET"]}}],"collection":[{"href":"https:\/\/agora.xtec.cat\/eeielrodo\/wp-json\/wp\/v2\/posts"}],"about":[{"href":"https:\/\/agora.xtec.cat\/eeielrodo\/wp-json\/wp\/v2\/types\/post"}],"author":[{"embeddable":true,"href":"https:\/\/agora.xtec.cat\/eeielrodo\/wp-json\/wp\/v2\/users\/1"}],"replies":[{"embeddable":true,"href":"https:\/\/agora.xtec.cat\/eeielrodo\/wp-json\/wp\/v2\/comments?post=1429"}],"version-history":[{"count":3,"href":"https:\/\/agora.xtec.cat\/eeielrodo\/wp-json\/wp\/v2\/posts\/1429\/revisions"}],"predecessor-version":[{"id":1533,"href":"https:\/\/agora.xtec.cat\/eeielrodo\/wp-json\/wp\/v2\/posts\/1429\/revisions\/1533"}],"wp:featuredmedia":[{"embeddable":true,"href":"https:\/\/agora.xtec.cat\/eeielrodo\/wp-json\/wp\/v2\/media\/1433"}],"wp:attachment":[{"href":"https:\/\/agora.xtec.cat\/eeielrodo\/wp-json\/wp\/v2\/media?parent=1429"}],"wp:term":[{"taxonomy":"category","embeddable":true,"href":"https:\/\/agora.xtec.cat\/eeielrodo\/wp-json\/wp\/v2\/categories?post=1429"},{"taxonomy":"post_tag","embeddable":true,"href":"https:\/\/agora.xtec.cat\/eeielrodo\/wp-json\/wp\/v2\/tags?post=1429"}],"curies":[{"name":"wp","href":"https:\/\/api.w.org\/{rel}","templated":true}]}}