{"id":1374,"date":"2022-05-11T19:43:21","date_gmt":"2022-05-11T17:43:21","guid":{"rendered":"https:\/\/agora.xtec.cat\/eeielrodo\/?p=1374"},"modified":"2022-05-13T11:30:58","modified_gmt":"2022-05-13T09:30:58","slug":"inici-preinscripcions-2022-2023","status":"publish","type":"post","link":"https:\/\/agora.xtec.cat\/eeielrodo\/general\/inici-preinscripcions-2022-2023\/","title":{"rendered":"INICI PREINSCRIPCIONS 2022-2023"},"content":{"rendered":"<p>Sembla que no arribava el moment, per\u00f2 ja han comen\u00e7at!!<\/p>\n<p><a href=\"https:\/\/agora.xtec.cat\/eeielrodo\/wp-content\/uploads\/usu2175\/2022\/04\/Preinscripcio.jpg\"><img loading=\"lazy\" decoding=\"async\" class=\"aligncenter size-medium wp-image-1154\" src=\"https:\/\/agora.xtec.cat\/eeielrodo\/wp-content\/uploads\/usu2175\/2022\/04\/Preinscripcio-300x75.jpg\" alt=\"\" width=\"300\" height=\"75\" srcset=\"https:\/\/agora.xtec.cat\/eeielrodo\/wp-content\/uploads\/usu2175\/2022\/04\/Preinscripcio-300x75.jpg 300w, https:\/\/agora.xtec.cat\/eeielrodo\/wp-content\/uploads\/usu2175\/2022\/04\/Preinscripcio.jpg 705w\" sizes=\"auto, (max-width: 300px) 100vw, 300px\" \/><\/a><\/p>\n<p>Dilluns van comen\u00e7ar les Preinscripcions telem\u00e0tiques per Escoles Bressols a Molins de Rei. Adjuntem enlla\u00e7 directe:<\/p>\n<p><a href=\"https:\/\/infantil.enginydigital.cat\/preinscripcio\/molinsderei\">https:\/\/infantil.enginydigital.cat\/preinscripcio\/molinsderei<\/a><\/p>\n<p>Comentar-vos que \u00e9s molt important llegir l&#8217;apartat de la Web de l&#8217;Ajuntament i de les respectives escoles.<\/p>\n<p>Prepareu la documentaci\u00f3 necess\u00e0ria que cal enviar. Preneu-vos el temps necessari, encara resten dies per finalitzar el termini. De no fer-ho, el proc\u00e9s s&#8217;allarga at\u00e8s que no es poden validar les preinscripcions si falta documentaci\u00f3.<\/p>\n<p>Si no rebeu el missatge de confirmaci\u00f3, no us preocupeu!! \u00c9s normal! Ja arribar\u00e0&#8230; I sobretot, no ho torneu a fer, pq s&#8217;estan doblant preinscripcions.<\/p>\n<p>Qualsevol dubte o neguit, podeu consultar-ho amb les direccions de les escoles o b\u00e9 a trav\u00e9s del correu electr\u00f2nic <a href=\"educacio@molinsderei.cat\">educacio@molinsderei.cat<\/a><\/p>\n<p>Us deixem tamb\u00e9 el Dossier Informatiu corresponent a aquest curs:<\/p>\n<p><a href=\"https:\/\/agora.xtec.cat\/eeielrodo\/wp-content\/uploads\/usu2175\/2022\/05\/2022.-Dossier-informatiu-Bressol-2022-2023.pdf\">2022. Dossier informatiu Bressol 2022-2023<\/a><\/p>\n<p>Restem a la vostra disposici\u00f3 \ud83d\ude42<\/p>\n<p>Pd: <em>Nom\u00e9s ho han de fer les fam\u00edlies nouvingudes. La resta v\u00e0reu signar la continu\u00eftat de pla\u00e7a.<\/em><\/p>\n","protected":false},"excerpt":{"rendered":"<p>Sembla que no arribava el moment, per\u00f2 ja han comen\u00e7at!!<br \/>\n<a href=\"https:\/\/agora.xtec.cat\/eeielrodo\/wp-content\/uploads\/usu2175\/2022\/04\/Preinscripcio.jpg\"><\/a><br \/>\nDilluns van comen\u00e7ar les Preinscripcions telem\u00e0tiques per Escoles Bressols a Molins de Rei. Adjuntem enlla\u00e7 directe:<br \/>\n<a href=\"https:\/\/infantil.enginydigital.cat\/preinscripcio\/molinsderei\">https:\/\/infantil.enginydigital.cat\/preinscripcio\/molinsderei<\/a><br \/>\nComentar-vos que \u00e9s molt important llegir l&#8217;apartat de la Web de l&#8217;Ajuntament i de les respectives escoles.<br \/>\nPrepareu la documentaci\u00f3&hellip;  <a href=\"https:\/\/agora.xtec.cat\/eeielrodo\/general\/inici-preinscripcions-2022-2023\/\" title=\"Read INICI PREINSCRIPCIONS 2022-2023\">Llegeix m\u00e9s\u00bb<\/a><\/p>\n","protected":false},"author":1,"featured_media":0,"comment_status":"open","ping_status":"closed","sticky":false,"template":"","format":"standard","meta":{"_bbp_topic_count":0,"_bbp_reply_count":0,"_bbp_total_topic_count":0,"_bbp_total_reply_count":0,"_bbp_voice_count":0,"_bbp_anonymous_reply_count":0,"_bbp_topic_count_hidden":0,"_bbp_reply_count_hidden":0,"_bbp_forum_subforum_count":0,"footnotes":""},"categories":[1,4,70],"tags":[],"class_list":["post-1374","post","type-post","status-publish","format-standard","hentry","category-general","category-portada","category-preinscripcio-22-23"],"post_mailing_queue_ids":[],"_links":{"self":[{"href":"https:\/\/agora.xtec.cat\/eeielrodo\/wp-json\/wp\/v2\/posts\/1374","targetHints":{"allow":["GET"]}}],"collection":[{"href":"https:\/\/agora.xtec.cat\/eeielrodo\/wp-json\/wp\/v2\/posts"}],"about":[{"href":"https:\/\/agora.xtec.cat\/eeielrodo\/wp-json\/wp\/v2\/types\/post"}],"author":[{"embeddable":true,"href":"https:\/\/agora.xtec.cat\/eeielrodo\/wp-json\/wp\/v2\/users\/1"}],"replies":[{"embeddable":true,"href":"https:\/\/agora.xtec.cat\/eeielrodo\/wp-json\/wp\/v2\/comments?post=1374"}],"version-history":[{"count":3,"href":"https:\/\/agora.xtec.cat\/eeielrodo\/wp-json\/wp\/v2\/posts\/1374\/revisions"}],"predecessor-version":[{"id":1390,"href":"https:\/\/agora.xtec.cat\/eeielrodo\/wp-json\/wp\/v2\/posts\/1374\/revisions\/1390"}],"wp:attachment":[{"href":"https:\/\/agora.xtec.cat\/eeielrodo\/wp-json\/wp\/v2\/media?parent=1374"}],"wp:term":[{"taxonomy":"category","embeddable":true,"href":"https:\/\/agora.xtec.cat\/eeielrodo\/wp-json\/wp\/v2\/categories?post=1374"},{"taxonomy":"post_tag","embeddable":true,"href":"https:\/\/agora.xtec.cat\/eeielrodo\/wp-json\/wp\/v2\/tags?post=1374"}],"curies":[{"name":"wp","href":"https:\/\/api.w.org\/{rel}","templated":true}]}}