{"id":1051,"date":"2022-01-24T16:21:11","date_gmt":"2022-01-24T15:21:11","guid":{"rendered":"https:\/\/agora.xtec.cat\/eeielrodo\/?p=1051"},"modified":"2022-03-15T15:40:57","modified_gmt":"2022-03-15T14:40:57","slug":"inici-2o-trimestre-2022","status":"publish","type":"post","link":"https:\/\/agora.xtec.cat\/eeielrodo\/general\/inici-2o-trimestre-2022\/","title":{"rendered":"INICI 2\u00ba TRIMESTRE 2022"},"content":{"rendered":"<p><a href=\"https:\/\/agora.xtec.cat\/eeielrodo\/wp-content\/uploads\/usu2175\/2022\/01\/IMG_20211230_181153.jpg\"><br \/>\n<img loading=\"lazy\" decoding=\"async\" class=\"size-medium wp-image-1052 aligncenter\" src=\"https:\/\/agora.xtec.cat\/eeielrodo\/wp-content\/uploads\/usu2175\/2022\/01\/IMG_20211230_181153-300x200.jpg\" alt=\"\" width=\"300\" height=\"200\" srcset=\"https:\/\/agora.xtec.cat\/eeielrodo\/wp-content\/uploads\/usu2175\/2022\/01\/IMG_20211230_181153-300x200.jpg 300w, https:\/\/agora.xtec.cat\/eeielrodo\/wp-content\/uploads\/usu2175\/2022\/01\/IMG_20211230_181153.jpg 448w\" sizes=\"auto, (max-width: 300px) 100vw, 300px\" \/><\/a><\/p>\n<p>Hem comen\u00e7at un nou any i amb ell, un nou trimestre!!<\/p>\n<p>Desitgem que les festes hagin anat d&#8217;all\u00f2 m\u00e9s b\u00e9 i la m\u00e0gia d&#8217;aquestes festes us hagi acompanyat cada dia. L&#8217;equip educatiu ha carregat piles, venim amb m\u00e9s energia i ganes, amb noves propostes i nous reptes&#8230;, per\u00f2 som conscients que la tornada a les escoles no est\u00e0 sent un proc\u00e9s f\u00e0cil&#8230;<\/p>\n<p>Aquesta variant de la Covid juntament amb els nous protocols d&#8217;actuaci\u00f3, fa que moltes fam\u00edlies hagueu patit o estigueu amb Covid. A totes vosaltres molts \u00e0nims. A aquelles fam\u00edlies que encara no ho heu passat, cuideu-vos, per\u00f2 sobretot, a TOTES les fam\u00edlies, moltes gr\u00e0cies per la prud\u00e8ncia que esteu demostrant en aquest moments tan dif\u00edcils. Esteu extremant precaucions i eviteu venir sota la m\u00ednima sospita, sou pacients quan no tenim respostes per donar-vos i sobretot, per la confian\u00e7a i acompanyament que ens esteu oferint aquesta vegada a nosaltres.<\/p>\n<p>Aix\u00ed, des de l&#8217;equip Educatiu, us volem donar les gr\u00e0cies, una vegada m\u00e9s, per ser i estar, per acompanyar-nos i deixar-vos acompanyar.<\/p>\n<p>Seguim!!!!<\/p>\n","protected":false},"excerpt":{"rendered":"<p><a href=\"https:\/\/agora.xtec.cat\/eeielrodo\/wp-content\/uploads\/usu2175\/2022\/01\/IMG_20211230_181153.jpg\"><br \/>\n<\/a><br \/>\nHem comen\u00e7at un nou any i amb ell, un nou trimestre!!<br \/>\nDesitgem que les festes hagin anat d&#8217;all\u00f2 m\u00e9s b\u00e9 i la m\u00e0gia d&#8217;aquestes festes us hagi acompanyat cada dia. L&#8217;equip educatiu ha carregat piles, venim amb m\u00e9s energia i ganes, amb noves propostes i&hellip;  <a href=\"https:\/\/agora.xtec.cat\/eeielrodo\/general\/inici-2o-trimestre-2022\/\" title=\"Read INICI 2\u00ba TRIMESTRE 2022\">Llegeix m\u00e9s\u00bb<\/a><\/p>\n","protected":false},"author":1,"featured_media":0,"comment_status":"open","ping_status":"closed","sticky":false,"template":"","format":"standard","meta":{"_bbp_topic_count":0,"_bbp_reply_count":0,"_bbp_total_topic_count":0,"_bbp_total_reply_count":0,"_bbp_voice_count":0,"_bbp_anonymous_reply_count":0,"_bbp_topic_count_hidden":0,"_bbp_reply_count_hidden":0,"_bbp_forum_subforum_count":0,"footnotes":""},"categories":[7,1,4],"tags":[],"class_list":["post-1051","post","type-post","status-publish","format-standard","hentry","category-afa","category-general","category-portada"],"post_mailing_queue_ids":[],"_links":{"self":[{"href":"https:\/\/agora.xtec.cat\/eeielrodo\/wp-json\/wp\/v2\/posts\/1051","targetHints":{"allow":["GET"]}}],"collection":[{"href":"https:\/\/agora.xtec.cat\/eeielrodo\/wp-json\/wp\/v2\/posts"}],"about":[{"href":"https:\/\/agora.xtec.cat\/eeielrodo\/wp-json\/wp\/v2\/types\/post"}],"author":[{"embeddable":true,"href":"https:\/\/agora.xtec.cat\/eeielrodo\/wp-json\/wp\/v2\/users\/1"}],"replies":[{"embeddable":true,"href":"https:\/\/agora.xtec.cat\/eeielrodo\/wp-json\/wp\/v2\/comments?post=1051"}],"version-history":[{"count":3,"href":"https:\/\/agora.xtec.cat\/eeielrodo\/wp-json\/wp\/v2\/posts\/1051\/revisions"}],"predecessor-version":[{"id":1104,"href":"https:\/\/agora.xtec.cat\/eeielrodo\/wp-json\/wp\/v2\/posts\/1051\/revisions\/1104"}],"wp:attachment":[{"href":"https:\/\/agora.xtec.cat\/eeielrodo\/wp-json\/wp\/v2\/media?parent=1051"}],"wp:term":[{"taxonomy":"category","embeddable":true,"href":"https:\/\/agora.xtec.cat\/eeielrodo\/wp-json\/wp\/v2\/categories?post=1051"},{"taxonomy":"post_tag","embeddable":true,"href":"https:\/\/agora.xtec.cat\/eeielrodo\/wp-json\/wp\/v2\/tags?post=1051"}],"curies":[{"name":"wp","href":"https:\/\/api.w.org\/{rel}","templated":true}]}}