{"id":1539,"date":"2023-07-10T10:59:34","date_gmt":"2023-07-10T08:59:34","guid":{"rendered":"https:\/\/agora.xtec.cat\/ecapallars\/?p=1539"},"modified":"2023-07-10T10:59:34","modified_gmt":"2023-07-10T08:59:34","slug":"lentrevista-olga-martinez-responsable-de-programacio-i-organitzacio-de-la-formacio-agraria","status":"publish","type":"post","link":"https:\/\/agora.xtec.cat\/ecapallars\/general\/lentrevista-olga-martinez-responsable-de-programacio-i-organitzacio-de-la-formacio-agraria\/","title":{"rendered":"L\u2019entrevista: Olga Mart\u00ednez, responsable de Programaci\u00f3 i Organitzaci\u00f3 de la Formaci\u00f3 Agr\u00e0ria"},"content":{"rendered":"<p><strong><img loading=\"lazy\" decoding=\"async\" class=\" wp-image-1540 alignleft\" src=\"https:\/\/agora.xtec.cat\/ecapallars\/wp-content\/uploads\/usu2194\/2023\/07\/20230709_183300-300x208.jpg\" alt=\"\" width=\"401\" height=\"278\" srcset=\"https:\/\/agora.xtec.cat\/ecapallars\/wp-content\/uploads\/usu2194\/2023\/07\/20230709_183300-300x208.jpg 300w, https:\/\/agora.xtec.cat\/ecapallars\/wp-content\/uploads\/usu2194\/2023\/07\/20230709_183300-1024x711.jpg 1024w, https:\/\/agora.xtec.cat\/ecapallars\/wp-content\/uploads\/usu2194\/2023\/07\/20230709_183300-768x534.jpg 768w, https:\/\/agora.xtec.cat\/ecapallars\/wp-content\/uploads\/usu2194\/2023\/07\/20230709_183300-1536x1067.jpg 1536w, https:\/\/agora.xtec.cat\/ecapallars\/wp-content\/uploads\/usu2194\/2023\/07\/20230709_183300-2048x1423.jpg 2048w\" sizes=\"auto, (max-width: 401px) 100vw, 401px\" \/>Aquest mes, des del <\/strong><a href=\"http:\/\/agricultura.gencat.cat\/ca\/ambits\/formacio-innovacio\/formacio-agraria\/\"><strong>Servei de Formaci\u00f3 Agr\u00e0ria<\/strong><\/a><strong>, unitat del <\/strong><a href=\"http:\/\/agricultura.gencat.cat\/ca\/inici\"><strong>Departament d\u2019Acci\u00f3 Clim\u00e0tica, Alimentaci\u00f3 i Agenda Rural<\/strong><\/a><strong> que s\u2019encarrega de gestionar la Xarxa <\/strong><a href=\"http:\/\/agricultura.gencat.cat\/ca\/ambits\/formacio-innovacio\/escoles-agraries\/\"><strong>d\u2019Escoles Agr\u00e0ries de Catalunya<\/strong><\/a><strong>, entrevistem a l\u2019Olga Mart\u00ednez, responsable de Programaci\u00f3 i Organitzaci\u00f3 de la Formaci\u00f3 Agr\u00e0ria. <\/strong><\/p>\n<p><strong>\u00a0<\/strong>L\u2019Olga va entrar al <strong>Servei de Formaci\u00f3 Agr\u00e0ria<\/strong> el setembre de 2014; fins llavors havia estat vuit anys treballant com a <strong>pedagoga<\/strong> a l\u2019Escola de Bombers, b\u00e0sicament preparant materials did\u00e0ctics, proves d\u2019avaluaci\u00f3 i organitzant cursos a dist\u00e0ncia. \u201cEntrar en aquest departament va ser una mica dur al principi, perqu\u00e8 no coneixia ning\u00fa, i perqu\u00e8 les tasques que vaig comen\u00e7ar a fer tamb\u00e9 eren completament noves per a mi\u201d, ens comparteix.<\/p>\n<p>Actualment, la seva gran \u00e0rea de treball ha acabat essent la <strong>gesti\u00f3 de recursos humans<\/strong>; quan va comen\u00e7ar era un tema m\u00e9s, per\u00f2 ha acabat essent la feina troncal, priorit\u00e0ria i sempre urgent.<\/p>\n<p>Una altra de les funcions ha estat la <strong>gesti\u00f3 de la formaci\u00f3 interna<\/strong> del Servei. Al principi nom\u00e9s es dedicava a l\u2019escola d\u2019estiu i als tres o quatre cursos m\u00e9s que aconseguien que entressin en el Pla Anual de Formaci\u00f3 (PAF) del DACC. Per\u00f2 veient les limitacions del PAF i les inquietuds de tothom, es van engegar els cursos interescoles (on un docent expert en un tema prepara un curs per docents d\u2019altres escoles), i tamb\u00e9, des de l\u2019any 2019, s\u2019han assegurat de fer alguna jornada espec\u00edfica per al personal de cuina i resid\u00e8ncia, ja que \u00e9s un col\u00b7lectiu que es tenia una mica desemparat. Un altre col\u00b7lectiu que cal dinamitzar \u00e9s el del personal de finca; fa dos anys es va comen\u00e7ar un estudi de necessitats formatives, feines que feien a cada escola, etc. per despr\u00e9s planificar formaci\u00f3 conjunta, per\u00f2 la manca de mans va deixar el projecte aturat. Confia que el pugui reprendre la persona que la substitueixi.<\/p>\n<p>Tamb\u00e9 dedica part del seu temps a temes de <strong>formaci\u00f3 inicial<\/strong>, especialment assumint la interlocuci\u00f3 amb el Departament d\u2019Educaci\u00f3, i coordinant l\u2019equip d\u2019orientaci\u00f3 escolar; per\u00f2 reconeix que als temes pedag\u00f2gics pr\u00e0cticament no s\u2019hi ha pogut dedicar, perqu\u00e8 han passat per sobre urg\u00e8ncies i altres temes que ha hagut d\u2019assumir, com alguns temes d\u2019organitzaci\u00f3 administrativa, administraci\u00f3 digital, protecci\u00f3 de dades, contractaci\u00f3&#8230; Serveis Centrals ha patit, des que va entrar, manca de personal, i al final ha hagut d\u2019assumir moltes tasques diverses i disperses.<\/p>\n<ul>\n<li><strong> Com definiries les Escoles Agr\u00e0ries en una sola paraula o en una frase breu? <\/strong><\/li>\n<\/ul>\n<p>Les <strong>Escoles Agr\u00e0ries<\/strong> s\u00f3n petits centres formatius amb professionals de molta vocaci\u00f3 i una funci\u00f3 d\u2019arrelament, cohesi\u00f3 i <strong>dinamitzaci\u00f3 territorial<\/strong> essencial.<\/p>\n<ul>\n<li><strong> Quins creus que s\u00f3n els punts forts d\u2019aquests centres?<\/strong><\/li>\n<\/ul>\n<p>Sens dubte, el personal que hi treballa, des del personal administratiu (un altre gran basti\u00f3!), passant pel personal de resid\u00e8ncia i cuina, el personal de finca i, molt especialment, el personal docent.<\/p>\n<ul>\n<li><strong> Si parlem d\u2019\u00e8xit en les Escoles Agr\u00e0ries, de qu\u00e8 creus que estar\u00edem parlant?<\/strong><\/li>\n<\/ul>\n<p>Les <strong>Escoles Agr\u00e0ries<\/strong> tenen veu quan es consulta sobre temes formatius agroalimentaris. Aix\u00f2 vol dir que la brillantor de les escoles no la veiem nom\u00e9s nosaltres sin\u00f3 que es projecta al territori i al mateix Departament&#8230; El fet de tenir exalumnes i joves d\u2019incorporaci\u00f3 satisfets i orgullosos d\u2019haver passat per les Escoles Agr\u00e0ries parla per si sol.<\/p>\n<ul>\n<li><strong> Despr\u00e9s de molt temps amb nosaltres, aquest estiu, deixes el Servei de Formaci\u00f3 Agr\u00e0ria per encarar una nova aventura professional. Qu\u00e8 \u00e9s el que m\u00e9s valores de tots aquests anys que has passat amb l\u2019equip de les Escoles Agr\u00e0ries?<\/strong><\/li>\n<\/ul>\n<p>Sempre hi he treballat molt a gust amb tothom. M\u2019enduc la v\u00e0lua personal i professional de tota la gran fam\u00edlia que som al Servei, tant dels que treballen des de les escoles com des de Serveis Centrals. Crec que no hauria aguantat tants anys amb tanta pressi\u00f3 de feina si l\u2019ambient de treball hagu\u00e9s estat dolent. Tot i que sembla que nom\u00e9s parli de feina i nom\u00e9s estigui pendent de la feina, per mi l\u2019ambient de treball \u00e9s tan important com treballar en alguna cosa que tingui sentit per mi i per la comunitat.<\/p>\n<p>Cal remarcar que he treballat molt a gust amb el Joan Minguet; tot i que no hem estat d\u2019acord sempre en tot, ha valorat molt la meva sinceritat, ha confiat molt en mi i m\u2019ha deixat fer. He apr\u00e8s molt amb ell i amb tots els companys de Serveis Centrals, especialment amb els que porten m\u00e9s batalles a l\u2019esquena.<\/p>\n<ul>\n<li><strong> Segur que tens moltes an\u00e8cdotes per explicar. Quin \u00e9s el moment m\u00e9s feli\u00e7 que has viscut al Servei de Formaci\u00f3 Agr\u00e0ria? I el m\u00e9s amarg? <\/strong><\/li>\n<\/ul>\n<p>Moments feli\u00e7os, molts! Celebracions (aniversaris, jubilacions&#8230;) a Serveis Centrals i a les escoles, nits de ball a les escoles d\u2019estiu, o simples caf\u00e8s i dinars amb companys. La celebraci\u00f3 dels 50 anys de les Escoles Agr\u00e0ries tamb\u00e9 ha estat una efem\u00e8ride molt maca.<\/p>\n<p>Moments amargs tamb\u00e9 n\u2019he tingut. Alguns companys que han traspassat, altres companys que han patit crueltat administrativa&#8230; I la pand\u00e8mia, que a banda d\u2019algunes situacions de salut molt delicades que van travessar alguns companys, va suposar un desgast descomunal. Per\u00f2 prefereixo quedar-me amb els moments bons, que s\u00f3n els que han predominat.<\/p>\n<ul>\n<li><strong> Des de la teva experi\u00e8ncia i traject\u00f2ria, com creus que evolucionar\u00e0 la formaci\u00f3 del sector agroalimentari o quines creus que s\u00f3n les tend\u00e8ncies formatives que vindran?<\/strong><\/li>\n<\/ul>\n<p>Crec que els formats h\u00edbrids seran essencials (formaci\u00f3 presencial i online simult\u00e0nies; i formaci\u00f3 presencial i online combinades), aix\u00ed com focalitzar la formaci\u00f3 en les compet\u00e8ncies per facilitar la transfer\u00e8ncia d\u2019all\u00f2 apr\u00e8s al lloc de treball. Tamb\u00e9 crec que cada cop m\u00e9s caldr\u00e0 oferir materials autoformatius en obert, i qu\u00e8 la formaci\u00f3 cada cop sigui menys semblant a un curs (tal com tradicionalment s\u2019ent\u00e9n) i s\u2019assembli m\u00e9s a una activitat d\u2019assessorament, guia i orientaci\u00f3 personalitzada.<\/p>\n<ul>\n<li><strong> Ens agrada poder con\u00e8ixer de forma m\u00e9s propera i personal als professionals que formeu part del DACC. On et podem trobar fora de l\u2019horari laboral? Quines s\u00f3n les teves aficions?<\/strong><\/li>\n<\/ul>\n<p>M\u2019agradava molt <strong>c\u00f3rrer<\/strong>, per\u00f2 ho vaig deixar per temes de salut, i ho he substitu\u00eft pel <strong>ioga<\/strong> i la <strong>bici<\/strong>, quan fa bon temps. M\u2019agrada molt la <strong>muntanya<\/strong>, per\u00f2 sempre he d\u2019arrossegar alg\u00fa amb mi, perqu\u00e8 soc un veritable desastre orientant-me (ni amb GPS!). I tamb\u00e9 m\u2019agrada molt <strong>cuinar<\/strong>, tot i que des de la pand\u00e8mia ja no tant!<\/p>\n<ul>\n<li><strong>I si mirem el rebost de casa teva, quin producte de proximitat o quin producte de les Escoles Agr\u00e0ries no hi pot faltar mai?<\/strong><\/li>\n<\/ul>\n<p>Costa triar un producte sol de les <strong>Escoles Agr\u00e0ries<\/strong>&#8230; M\u2019agrada molt el Feixes Eixutes de l\u2019<a href=\"https:\/\/agora.xtec.cat\/eca-gandesa\/\">Escola Agr\u00e0ria de Gandesa<\/a>, l\u2019oli i les ametlles de l\u2019<a href=\"https:\/\/agora.xtec.cat\/eca-borges\/\">Escola Agr\u00e0ria de les Borges Blanques<\/a>, els escumosos de l\u2019<a href=\"https:\/\/agora.xtec.cat\/esc-mrossell\/\">Escola Agr\u00e0ria d\u2019Espiells<\/a> que sempre em fan quedar b\u00e9 a les celebracions, la mel de l\u2019<a href=\"https:\/\/agora.xtec.cat\/ecaforestal\/\">Escola Agr\u00e0ria Forestal de Santa Coloma de Farners<\/a>, els sucs i melmelades de l\u2019<a href=\"https:\/\/agora.xtec.cat\/ecaalfarras\/\">Escola Agr\u00e0ria d\u2019Alfarr\u00e0s<\/a> i de l\u2019<a href=\"https:\/\/agora.xtec.cat\/eaemporda\/\">Escola Agr\u00e0ria i Aliment\u00e0ria de l\u2019Empord\u00e0<\/a>, els embotits de l\u2019<a href=\"https:\/\/agora.xtec.cat\/ecapallars\/\">Escola Agr\u00e0ria del Pallars<\/a>&#8230;<\/p>\n<ul>\n<li><strong> Acabem amb una recomanaci\u00f3. Quina can\u00e7\u00f3 o llibre ens aconselles per passar una bona estona?<\/strong><\/li>\n<\/ul>\n<p>Tot i que llegeixo de tot (sobre salut i nutrici\u00f3, minimalisme, productivitat&#8230;), soc una enamorada de la <strong>novel\u00b7la hist\u00f2rica<\/strong>. Em va encantar <em>El asesinato de S\u00f3crates<\/em>, de Marcos Chicot. I tamb\u00e9 m\u2019agrada molt tot el que ha escrit Santiago Posteguillo ambientat en l\u2019<strong>antiga Roma<\/strong>.<\/p>\n<ul>\n<li><strong> Si vols afegir alguna cosa m\u00e9s que no haguem parlat a les preguntes anteriors, no dubtis a fer-ho a continuaci\u00f3.<\/strong><\/li>\n<\/ul>\n<p>\u00danicament voldria comentar que marxo amb il\u00b7lusi\u00f3 per\u00f2 alhora amb molt\u00edssima pena per deixar tant bones persones, tan bons professionals i projectes de futur tan engrescadors. Per\u00f2 m\u2019havia adonat que no tenia l\u2019energia necess\u00e0ria per continuar, que necessitava un \u201creset\u201d, i que un canvi seria bo tant per mi com per l\u2019organitzaci\u00f3. Aix\u00ed que al final he fet el pas i me\u2019n vaig a un altre Departament&#8230; per\u00f2 m\u2019enduc les Escoles Agr\u00e0ries al cor!<\/p>\n","protected":false},"excerpt":{"rendered":"<p>Aquest mes, des del Servei de Formaci\u00f3 Agr\u00e0ria, unitat del Departament d\u2019Acci\u00f3 Clim\u00e0tica, Alimentaci\u00f3 i Agenda Rural que s\u2019encarrega de gestionar la Xarxa d\u2019Escoles Agr\u00e0ries de Catalunya, entrevistem a l\u2019Olga Mart\u00ednez, responsable de Programaci\u00f3 i Organitzaci\u00f3 de la Formaci\u00f3 Agr\u00e0ria.<\/p>\n","protected":false},"author":1,"featured_media":1540,"comment_status":"closed","ping_status":"closed","sticky":false,"template":"","format":"standard","meta":{"_bbp_topic_count":0,"_bbp_reply_count":0,"_bbp_total_topic_count":0,"_bbp_total_reply_count":0,"_bbp_voice_count":0,"_bbp_anonymous_reply_count":0,"_bbp_topic_count_hidden":0,"_bbp_reply_count_hidden":0,"_bbp_forum_subforum_count":0,"site-sidebar-layout":"default","site-content-layout":"","ast-site-content-layout":"","site-content-style":"default","site-sidebar-style":"default","ast-global-header-display":"","ast-banner-title-visibility":"","ast-main-header-display":"","ast-hfb-above-header-display":"","ast-hfb-below-header-display":"","ast-hfb-mobile-header-display":"","site-post-title":"","ast-breadcrumbs-content":"","ast-featured-img":"","footer-sml-layout":"","theme-transparent-header-meta":"","adv-header-id-meta":"","stick-header-meta":"","header-above-stick-meta":"","header-main-stick-meta":"","header-below-stick-meta":"","astra-migrate-meta-layouts":"default","ast-page-background-enabled":"default","ast-page-background-meta":{"desktop":{"background-color":"var(--ast-global-color-4)","background-image":"","background-repeat":"repeat","background-position":"center center","background-size":"auto","background-attachment":"scroll","background-type":"","background-media":"","overlay-type":"","overlay-color":"","overlay-opacity":"","overlay-gradient":""},"tablet":{"background-color":"","background-image":"","background-repeat":"repeat","background-position":"center center","background-size":"auto","background-attachment":"scroll","background-type":"","background-media":"","overlay-type":"","overlay-color":"","overlay-opacity":"","overlay-gradient":""},"mobile":{"background-color":"","background-image":"","background-repeat":"repeat","background-position":"center center","background-size":"auto","background-attachment":"scroll","background-type":"","background-media":"","overlay-type":"","overlay-color":"","overlay-opacity":"","overlay-gradient":""}},"ast-content-background-meta":{"desktop":{"background-color":"var(--ast-global-color-5)","background-image":"","background-repeat":"repeat","background-position":"center center","background-size":"auto","background-attachment":"scroll","background-type":"","background-media":"","overlay-type":"","overlay-color":"","overlay-opacity":"","overlay-gradient":""},"tablet":{"background-color":"var(--ast-global-color-5)","background-image":"","background-repeat":"repeat","background-position":"center center","background-size":"auto","background-attachment":"scroll","background-type":"","background-media":"","overlay-type":"","overlay-color":"","overlay-opacity":"","overlay-gradient":""},"mobile":{"background-color":"var(--ast-global-color-5)","background-image":"","background-repeat":"repeat","background-position":"center center","background-size":"auto","background-attachment":"scroll","background-type":"","background-media":"","overlay-type":"","overlay-color":"","overlay-opacity":"","overlay-gradient":""}},"footnotes":""},"categories":[1],"tags":[],"class_list":["post-1539","post","type-post","status-publish","format-standard","has-post-thumbnail","hentry","category-general"],"post_mailing_queue_ids":[],"_links":{"self":[{"href":"https:\/\/agora.xtec.cat\/ecapallars\/wp-json\/wp\/v2\/posts\/1539","targetHints":{"allow":["GET"]}}],"collection":[{"href":"https:\/\/agora.xtec.cat\/ecapallars\/wp-json\/wp\/v2\/posts"}],"about":[{"href":"https:\/\/agora.xtec.cat\/ecapallars\/wp-json\/wp\/v2\/types\/post"}],"author":[{"embeddable":true,"href":"https:\/\/agora.xtec.cat\/ecapallars\/wp-json\/wp\/v2\/users\/1"}],"replies":[{"embeddable":true,"href":"https:\/\/agora.xtec.cat\/ecapallars\/wp-json\/wp\/v2\/comments?post=1539"}],"version-history":[{"count":3,"href":"https:\/\/agora.xtec.cat\/ecapallars\/wp-json\/wp\/v2\/posts\/1539\/revisions"}],"predecessor-version":[{"id":1543,"href":"https:\/\/agora.xtec.cat\/ecapallars\/wp-json\/wp\/v2\/posts\/1539\/revisions\/1543"}],"wp:featuredmedia":[{"embeddable":true,"href":"https:\/\/agora.xtec.cat\/ecapallars\/wp-json\/wp\/v2\/media\/1540"}],"wp:attachment":[{"href":"https:\/\/agora.xtec.cat\/ecapallars\/wp-json\/wp\/v2\/media?parent=1539"}],"wp:term":[{"taxonomy":"category","embeddable":true,"href":"https:\/\/agora.xtec.cat\/ecapallars\/wp-json\/wp\/v2\/categories?post=1539"},{"taxonomy":"post_tag","embeddable":true,"href":"https:\/\/agora.xtec.cat\/ecapallars\/wp-json\/wp\/v2\/tags?post=1539"}],"curies":[{"name":"wp","href":"https:\/\/api.w.org\/{rel}","templated":true}]}}