{"id":922,"date":"2022-12-02T13:43:25","date_gmt":"2022-12-02T12:43:25","guid":{"rendered":"https:\/\/agora.xtec.cat\/ecaamposta\/?p=922"},"modified":"2024-05-07T13:43:57","modified_gmt":"2024-05-07T11:43:57","slug":"espai-entrevistes","status":"publish","type":"post","link":"https:\/\/agora.xtec.cat\/ecaamposta\/entrevistes\/espai-entrevistes\/","title":{"rendered":"Espai Entrevistes"},"content":{"rendered":"<p><a href=\"https:\/\/agora.xtec.cat\/ecaamposta\/wp-content\/uploads\/usu2500\/2022\/12\/entrevista.jpg\"><img loading=\"lazy\" decoding=\"async\" class=\"alignnone size-large wp-image-923\" src=\"https:\/\/agora.xtec.cat\/ecaamposta\/wp-content\/uploads\/usu2500\/2022\/12\/entrevista-1024x253.jpg\" alt=\"\" width=\"1024\" height=\"253\" srcset=\"https:\/\/agora.xtec.cat\/ecaamposta\/wp-content\/uploads\/usu2500\/2022\/12\/entrevista-1024x253.jpg 1024w, https:\/\/agora.xtec.cat\/ecaamposta\/wp-content\/uploads\/usu2500\/2022\/12\/entrevista-300x74.jpg 300w, https:\/\/agora.xtec.cat\/ecaamposta\/wp-content\/uploads\/usu2500\/2022\/12\/entrevista-768x189.jpg 768w, https:\/\/agora.xtec.cat\/ecaamposta\/wp-content\/uploads\/usu2500\/2022\/12\/entrevista-1536x379.jpg 1536w, https:\/\/agora.xtec.cat\/ecaamposta\/wp-content\/uploads\/usu2500\/2022\/12\/entrevista.jpg 2027w\" sizes=\"auto, (max-width: 1024px) 100vw, 1024px\" \/><\/a><\/p>\n<p>Des del <a href=\"http:\/\/agricultura.gencat.cat\/ca\/ambits\/formacio-innovacio\/formacio-agraria\/\"><strong>Servei de Formaci\u00f3 Agr\u00e0ria<\/strong><\/a><strong>, unitat del\u00a0<\/strong><a href=\"http:\/\/agricultura.gencat.cat\/ca\/inici\"><strong>Departament d\u2019Acci\u00f3 Clim\u00e0tica, Alimentaci\u00f3 i Agenda Rural<\/strong><\/a><strong>\u00a0que s\u2019encarrega de gestionar la Xarxa\u00a0<\/strong><a href=\"http:\/\/agricultura.gencat.cat\/ca\/ambits\/formacio-innovacio\/escoles-agraries\/\"><strong>d\u2019Escoles Agr\u00e0ries de Catalunya<\/strong><\/a><strong>, han fet un seguit d&#8217;entrevistes. <a href=\"https:\/\/agora.xtec.cat\/ecaamposta\/altres\/entrevistes\/\" target=\"_blank\" rel=\"noopener\">Accedeix a l&#8217;enlla\u00e7<\/a>.<\/strong><\/p>\n","protected":false},"excerpt":{"rendered":"<p>Des del Servei de Formaci\u00f3 Agr\u00e0ria, unitat del\u00a0Departament d\u2019Acci\u00f3 Clim\u00e0tica, Alimentaci\u00f3 i Agenda Rural\u00a0que s\u2019encarrega de gestionar la Xarxa\u00a0d\u2019Escoles Agr\u00e0ries de Catalunya, han fet un seguit d&#8217;entrevistes. Accedeix a l&#8217;enlla\u00e7.<\/p>\n","protected":false},"author":1,"featured_media":0,"comment_status":"open","ping_status":"closed","sticky":false,"template":"","format":"standard","meta":{"_bbp_topic_count":0,"_bbp_reply_count":0,"_bbp_total_topic_count":0,"_bbp_total_reply_count":0,"_bbp_voice_count":0,"_bbp_anonymous_reply_count":0,"_bbp_topic_count_hidden":0,"_bbp_reply_count_hidden":0,"_bbp_forum_subforum_count":0,"site-sidebar-layout":"default","site-content-layout":"","ast-site-content-layout":"","site-content-style":"default","site-sidebar-style":"default","ast-global-header-display":"","ast-banner-title-visibility":"","ast-main-header-display":"","ast-hfb-above-header-display":"","ast-hfb-below-header-display":"","ast-hfb-mobile-header-display":"","site-post-title":"","ast-breadcrumbs-content":"","ast-featured-img":"","footer-sml-layout":"","theme-transparent-header-meta":"","adv-header-id-meta":"","stick-header-meta":"","header-above-stick-meta":"","header-main-stick-meta":"","header-below-stick-meta":"","astra-migrate-meta-layouts":"default","ast-page-background-enabled":"default","ast-page-background-meta":{"desktop":{"background-color":"var(--ast-global-color-4)","background-image":"","background-repeat":"repeat","background-position":"center center","background-size":"auto","background-attachment":"scroll","background-type":"","background-media":"","overlay-type":"","overlay-color":"","overlay-opacity":"","overlay-gradient":""},"tablet":{"background-color":"","background-image":"","background-repeat":"repeat","background-position":"center center","background-size":"auto","background-attachment":"scroll","background-type":"","background-media":"","overlay-type":"","overlay-color":"","overlay-opacity":"","overlay-gradient":""},"mobile":{"background-color":"","background-image":"","background-repeat":"repeat","background-position":"center center","background-size":"auto","background-attachment":"scroll","background-type":"","background-media":"","overlay-type":"","overlay-color":"","overlay-opacity":"","overlay-gradient":""}},"ast-content-background-meta":{"desktop":{"background-color":"var(--ast-global-color-5)","background-image":"","background-repeat":"repeat","background-position":"center center","background-size":"auto","background-attachment":"scroll","background-type":"","background-media":"","overlay-type":"","overlay-color":"","overlay-opacity":"","overlay-gradient":""},"tablet":{"background-color":"var(--ast-global-color-5)","background-image":"","background-repeat":"repeat","background-position":"center center","background-size":"auto","background-attachment":"scroll","background-type":"","background-media":"","overlay-type":"","overlay-color":"","overlay-opacity":"","overlay-gradient":""},"mobile":{"background-color":"var(--ast-global-color-5)","background-image":"","background-repeat":"repeat","background-position":"center center","background-size":"auto","background-attachment":"scroll","background-type":"","background-media":"","overlay-type":"","overlay-color":"","overlay-opacity":"","overlay-gradient":""}},"footnotes":""},"categories":[123],"tags":[120,126,124,125],"class_list":["post-922","post","type-post","status-publish","format-standard","hentry","category-entrevistes","tag-agraria","tag-amposta","tag-entrevistes","tag-lluis"],"post_mailing_queue_ids":[],"_links":{"self":[{"href":"https:\/\/agora.xtec.cat\/ecaamposta\/wp-json\/wp\/v2\/posts\/922","targetHints":{"allow":["GET"]}}],"collection":[{"href":"https:\/\/agora.xtec.cat\/ecaamposta\/wp-json\/wp\/v2\/posts"}],"about":[{"href":"https:\/\/agora.xtec.cat\/ecaamposta\/wp-json\/wp\/v2\/types\/post"}],"author":[{"embeddable":true,"href":"https:\/\/agora.xtec.cat\/ecaamposta\/wp-json\/wp\/v2\/users\/1"}],"replies":[{"embeddable":true,"href":"https:\/\/agora.xtec.cat\/ecaamposta\/wp-json\/wp\/v2\/comments?post=922"}],"version-history":[{"count":3,"href":"https:\/\/agora.xtec.cat\/ecaamposta\/wp-json\/wp\/v2\/posts\/922\/revisions"}],"predecessor-version":[{"id":933,"href":"https:\/\/agora.xtec.cat\/ecaamposta\/wp-json\/wp\/v2\/posts\/922\/revisions\/933"}],"wp:attachment":[{"href":"https:\/\/agora.xtec.cat\/ecaamposta\/wp-json\/wp\/v2\/media?parent=922"}],"wp:term":[{"taxonomy":"category","embeddable":true,"href":"https:\/\/agora.xtec.cat\/ecaamposta\/wp-json\/wp\/v2\/categories?post=922"},{"taxonomy":"post_tag","embeddable":true,"href":"https:\/\/agora.xtec.cat\/ecaamposta\/wp-json\/wp\/v2\/tags?post=922"}],"curies":[{"name":"wp","href":"https:\/\/api.w.org\/{rel}","templated":true}]}}