{"id":870,"date":"2022-05-25T17:57:27","date_gmt":"2022-05-25T15:57:27","guid":{"rendered":"https:\/\/agora.xtec.cat\/ecaamposta\/?p=870"},"modified":"2024-05-07T13:42:45","modified_gmt":"2024-05-07T11:42:45","slug":"lentrevista-magda-ruiz-ramos-docent-i-professional-de-serveis-centrals","status":"publish","type":"post","link":"https:\/\/agora.xtec.cat\/ecaamposta\/entrevistes\/lentrevista-magda-ruiz-ramos-docent-i-professional-de-serveis-centrals\/","title":{"rendered":"L&#8217;entrevista: Magda Ruiz Ramos, docent i professional de Serveis Centrals"},"content":{"rendered":"<p><img loading=\"lazy\" decoding=\"async\" class=\"alignleft wp-image-871 \" src=\"https:\/\/agora.xtec.cat\/ecaamposta\/wp-content\/uploads\/usu2500\/2022\/05\/magda-ricard-266x300.jpg\" alt=\"\" width=\"430\" height=\"485\" srcset=\"https:\/\/agora.xtec.cat\/ecaamposta\/wp-content\/uploads\/usu2500\/2022\/05\/magda-ricard-266x300.jpg 266w, https:\/\/agora.xtec.cat\/ecaamposta\/wp-content\/uploads\/usu2500\/2022\/05\/magda-ricard-906x1024.jpg 906w, https:\/\/agora.xtec.cat\/ecaamposta\/wp-content\/uploads\/usu2500\/2022\/05\/magda-ricard-768x868.jpg 768w, https:\/\/agora.xtec.cat\/ecaamposta\/wp-content\/uploads\/usu2500\/2022\/05\/magda-ricard-1359x1536.jpg 1359w, https:\/\/agora.xtec.cat\/ecaamposta\/wp-content\/uploads\/usu2500\/2022\/05\/magda-ricard-1813x2048.jpg 1813w, https:\/\/agora.xtec.cat\/ecaamposta\/wp-content\/uploads\/usu2500\/2022\/05\/magda-ricard.jpg 1986w\" sizes=\"auto, (max-width: 430px) 100vw, 430px\" \/><strong>Aquest mes de maig, des del <a href=\"http:\/\/agricultura.gencat.cat\/ca\/ambits\/formacio-innovacio\/formacio-agraria\/\" target=\"_blank\" rel=\"noopener\">Servei de Formaci\u00f3 Agr\u00e0ria<\/a>, unitat del <a href=\"http:\/\/agricultura.gencat.cat\/ca\/inici\" target=\"_blank\" rel=\"noopener\">Departament d\u2019Acci\u00f3 Clim\u00e0tica, Alimentaci\u00f3 i Agenda Rural<\/a> que s\u2019encarrega de gestionar la Xarxa d\u2019<a href=\"http:\/\/agricultura.gencat.cat\/ca\/ambits\/formacio-innovacio\/escoles-agraries\/\" target=\"_blank\" rel=\"noopener\">Escoles Agr\u00e0ries de Catalunya<\/a>, entrevistem a la Magda Ruiz, responsable de qualitat i membre de l\u2019equip de producci\u00f3 de materials de Serveis Centrals.<\/strong><\/p>\n<p>Va comen\u00e7ar a treballar a l\u2019<strong><a href=\"https:\/\/agora.xtec.cat\/ecaamposta\/\">Escola Agr\u00e0ria d\u2019Amposta<\/a> <\/strong>l\u2019any 1988 com a professora de Lletres despr\u00e9s de superar el primer concurs-oposici\u00f3 convocat per a professors d\u2019<strong>Escoles Agr\u00e0ries.<\/strong><\/p>\n<p>Anteriorment, havia treballat a l\u2019empresa Boehringer Ingelheim Espa\u00f1a SA, dins del departament de <strong>control de qualitat<\/strong>, fent treballs de supervisi\u00f3 i control de la qualitat dels medicaments en els diferents processos d\u2019envasat, etc.<\/p>\n<p>Des del juliol del 2011 treballa a <strong>Serveis Centrals<\/strong> i, s\u2019encarrega de coordinar el <strong>Projecte de Qualitat i Millora Cont\u00ednua<\/strong>, administrar el programa <strong>ISOTools<\/strong>, fer el tractament did\u00e0ctic dels materials per a cursos de <strong>formaci\u00f3 a dist\u00e0ncia<\/strong> i coordinar l\u2019elaboraci\u00f3 de la mem\u00f2ria anual d\u2019activitats de la subdirecci\u00f3.<\/p>\n<p>Avui la coneixem una mica millor gr\u00e0cies a aquesta entrevista!<\/p>\n<p>&nbsp;<\/p>\n<ul>\n<li><strong>Qu\u00e8 \u00e9s el que m\u00e9s t\u2019agrada de la teva feina? <\/strong><\/li>\n<\/ul>\n<p>El que m\u00e9s m\u2019agrada \u00e9s treballar amb sentit de l\u2019organitzaci\u00f3 i de la planificaci\u00f3, comunicar-me i treballar en <strong>equip<\/strong> i a la vegada poder treballar de forma aut\u00f2noma. Tamb\u00e9 m\u2019agrada aplicar el model d\u2019<strong>orientaci\u00f3 a compet\u00e8ncies<\/strong> en la producci\u00f3 de materials que posa en el centre l\u2019<strong>alumne.<\/strong><\/p>\n<p>&nbsp;<\/p>\n<ul>\n<li><strong>Com definiries les Escoles Agr\u00e0ries en una sola paraula o en una frase breu? <\/strong><\/li>\n<\/ul>\n<p>Veig les <strong>Escoles Agr\u00e0ries<\/strong> com a centres d\u2019<strong>aprenentatge<\/strong>, d\u2019intercanvi d\u2019experi\u00e8ncies i pr\u00e0ctiques i de transformaci\u00f3 del <strong>sector agroalimentari i rural.<\/strong><\/p>\n<p>Destacaria tamb\u00e9 la participaci\u00f3 de les escoles en programes d\u2019<strong>internacionalitzaci\u00f3.<\/strong> S\u00f3n projectes que suposen una c\u00e0rrega de feina en l\u2019\u00e0mbit organitzatiu, especialment, per al professorat que interv\u00e9, per\u00f2 imprescindibles en el context global actual.<\/p>\n<p>&nbsp;<\/p>\n<ul>\n<li><strong>Si parlem d\u2019\u00e8xit en les Escoles Agr\u00e0ries, de qu\u00e8 creus que estar\u00edem parlant<\/strong>?<\/li>\n<\/ul>\n<p>Per mi l\u2019element clau que defineix l\u2019\u00e8xit \u00e9s: a qu\u00e8 es dediquen els alumnes despr\u00e9s de passar per les escoles?<\/p>\n<p>Personalment, m\u2019he trobat que alumnes que havia tingut a l\u2019<strong>Escola Agr\u00e0ria d\u2019Amposta<\/strong>, s\u00f3n docents de les nostres <strong>escoles.<\/strong> Per mi, \u00e9s un indicador que el grau de preparaci\u00f3 amb el que surten, els permet afrontar el repte de realitzar estudis universitaris i incorporar-se per dinamitzar la formaci\u00f3 del sector agroalimentari i rural. Un bon exemple, s\u00f3n els companys Abel Ferreres, Alfons Moreno i Albert Torredemer.<\/p>\n<p>Tamb\u00e9, vaig retrobar-me un <strong>alumne<\/strong> de l\u2019antiga FP Agr\u00e0ria a l\u2019<strong>Escola Agr\u00e0ria d\u2019Amposta<\/strong> fent cursos a l\u2019<strong>Escola Eq\u00fcestre<\/strong>, perqu\u00e8 tenia un centre d\u2019<strong>equitaci\u00f3<\/strong> en funcionament. Per mi, que alumnes siguin usuaris de diferents escoles en funci\u00f3 de les seves necessitats professionals, indica que les consideren centres de refer\u00e8ncia \u00fatils per a la millora de la seva formaci\u00f3 i activitat.<\/p>\n<p>&nbsp;<\/p>\n<ul>\n<li><strong>Com vas viure el teu pas per l\u2019Escola Agr\u00e0ria d\u2019Amposta com a directora?<\/strong><\/li>\n<\/ul>\n<p>Vaig estar vuit anys a l\u2019<strong>Escola Agr\u00e0ria d\u2019Amposta<\/strong>. T\u00e9 un significat especial per mi perqu\u00e8 va ser l\u2019inici de la meva experi\u00e8ncia com a docent. Durant aquest temps, tamb\u00e9 vaig ser <strong>cap d\u2019estudis<\/strong> i <strong>directora.<\/strong> Va ser un per\u00edode engrescador i de molt aprenentatge, al costat de companys excel\u00b7lents, entre els que vull recordar l\u2019Imma Ginovart, el Manel Acero i el Joan Porta, amb els quals vaig formar equip directiu.<\/p>\n<p>&nbsp;<\/p>\n<ul>\n<li><strong>Tamb\u00e9 vas ser professora de l\u2019Escola Eq\u00fcestre de l&#8217;Hospitalet de Llobregat, que es va tancar el 2011, quan la seva activitat es va traslladar a l\u2019Escola Agr\u00e0ria del Pirineu . Explica\u2019ns una an\u00e8cdota que visquessis durant el teu pas per aquesta escola. <\/strong><\/li>\n<\/ul>\n<p>A l\u2019<strong>Escola Eq\u00fcestre<\/strong> vaig estar 15 anys. Durant els primers anys de funcionament, les mateixes instal\u00b7lacions, funcionaven com a escola i com a caserna militar, la qual cosa va propiciar un munt d\u2019an\u00e8cdotes.<\/p>\n<p>Per\u00f2, m\u00e9s que una an\u00e8cdota, el que m\u00e9s em va impactar, durant aquests primers anys, va ser com persones provinents d\u2019\u00e0mbits i experi\u00e8ncies molt diferents treballaven plegades per tirar endavant el projecte de l\u2019escola. Durant un temps van conviure: administratius, t\u00e8cnics i docents del Servei de Formaci\u00f3 Agr\u00e0ria, comandaments i soldats del Ministeri de Defensa, alumnat i objectors de consci\u00e8ncia que feien la prestaci\u00f3 social substitut\u00f2ria a l\u2019escola (en aquest temps el servei militar era obligatori per als homes). Es donava la \u201csituaci\u00f3 surrealista\u201d que objectors eren supervisats per militars, que feien tasques docents a l\u2019escola.<\/p>\n<p>Tot aix\u00f2, va ser un \u00e8xit, gr\u00e0cies al tarann\u00e0 i habilitat d\u2019en Llu\u00eds Mauri, primer director de l<strong>\u2019Escola Eq\u00fcestre.<\/strong><\/p>\n<p>&nbsp;<\/p>\n<ul>\n<li><strong>On et podem trobar fora de l\u2019horari laboral? Quines s\u00f3n les teves aficions? <\/strong><\/li>\n<\/ul>\n<p>Soc bastant urbanita, em trobareu passejant per <strong>Barcelona<\/strong>, anant al cinema o al teatre.<\/p>\n<p>M\u2019agraden les activitats tranquil\u00b7les, practico ioga i pilates regularment. Tamb\u00e9 m\u2019agrada molt llegir i escapar-me a <strong>Fran\u00e7a<\/strong> sempre que puc.<\/p>\n<p><strong>\u00a0<\/strong><\/p>\n<ul>\n<li><strong>Quin producte de proximitat o quin producte de les Escoles Agr\u00e0ries no pot faltar mai al rebost de casa teva? <\/strong><\/li>\n<\/ul>\n<p>Visc a cinc minuts del <strong>Mercat de la Concepci\u00f3<\/strong>, i gaudeixo d\u2019una oferta excel\u00b7lent de <strong>productes de proximitat.<\/strong> Per\u00f2 durant l\u2019\u00e8poca de <strong>Nadal<\/strong>, agraeixo molt que els companys de les escoles de <strong>Gandesa, Espiells i Borges<\/strong> comparteixin amb les persones del <strong>Servei de Formaci\u00f3 Agr\u00e0ria<\/strong> el vi, el cava i l\u2019oli que produeixen.<\/p>\n<p>&nbsp;<\/p>\n<ul>\n<li><strong>Quina can\u00e7\u00f3 o llibre ens recomanes per passar una bona estona?<\/strong><\/li>\n<\/ul>\n<p>Per passar una bona estona recomanaria <strong><em>Transbordo en Mosc\u00fa<\/em><\/strong>, 3a novel\u00b7la de la darrera trilogia d\u2019<strong>Eduardo Mendoza.<\/strong><\/p>\n<p>Per gaudir d\u2019una trama envolupant i apassionant recomanaria <strong><em>Tom\u00e0s Nevison<\/em><\/strong>, \u00faltima novel\u00b7la de <strong>Javier Mar\u00edas<\/strong> o qualsevol de les seves novel\u00b7les anteriors.<\/p>\n<p>Pels que s\u00f3n franc\u00f2fils com jo, recomanaria:<\/p>\n<ul>\n<li><strong><em>Rue de boutiques obscures<\/em><\/strong> de <strong>Patrick Modiano<\/strong><\/li>\n<li><strong><em>Au revoir l\u00e0-haut<\/em><\/strong> de <strong>Pierre Lemaitre.<\/strong><\/li>\n<\/ul>\n<p>&nbsp;<\/p>\n<ul>\n<li><strong>Si vols afegir alguna cosa m\u00e9s que no h\u00e0gim parlat a les preguntes anteriors, no dubtis a fer-ho a continuaci\u00f3! <\/strong><\/li>\n<\/ul>\n<p>El maig de 2023 em jubilar\u00e9, despr\u00e9s de trenta-cinc anys al <strong>Servei de Formaci\u00f3 Agr\u00e0ria.<\/strong> A la mateixa \u00e8poca tamb\u00e9 es jubilar\u00e0 Ricard Gonz\u00e1lez, company amb qui he compartit moltes experi\u00e8ncies al llarg de tots aquests anys. Per aquesta ra\u00f3, he escollit\u00a0 una fotografia dels dos a <strong>Serveis Centrals<\/strong> per acompanyar aquesta entrevista.<\/p>\n<p>&nbsp;<\/p>\n","protected":false},"excerpt":{"rendered":"<p>Aquest mes de maig, des del Servei de Formaci\u00f3 Agr\u00e0ria, unitat del Departament d\u2019Acci\u00f3 Clim\u00e0tica, Alimentaci\u00f3 i Agenda Rural que s\u2019encarrega de gestionar la Xarxa d\u2019Escoles Agr\u00e0ries de Catalunya, entrevistem a la Magda Ruiz, responsable de qualitat i membre de l\u2019equip de producci\u00f3 de materials de Serveis Centrals.<\/p>\n","protected":false},"author":1,"featured_media":877,"comment_status":"open","ping_status":"closed","sticky":false,"template":"","format":"standard","meta":{"_bbp_topic_count":0,"_bbp_reply_count":0,"_bbp_total_topic_count":0,"_bbp_total_reply_count":0,"_bbp_voice_count":0,"_bbp_anonymous_reply_count":0,"_bbp_topic_count_hidden":0,"_bbp_reply_count_hidden":0,"_bbp_forum_subforum_count":0,"site-sidebar-layout":"default","site-content-layout":"","ast-site-content-layout":"","site-content-style":"default","site-sidebar-style":"default","ast-global-header-display":"","ast-banner-title-visibility":"","ast-main-header-display":"","ast-hfb-above-header-display":"","ast-hfb-below-header-display":"","ast-hfb-mobile-header-display":"","site-post-title":"","ast-breadcrumbs-content":"","ast-featured-img":"","footer-sml-layout":"","theme-transparent-header-meta":"","adv-header-id-meta":"","stick-header-meta":"","header-above-stick-meta":"","header-main-stick-meta":"","header-below-stick-meta":"","astra-migrate-meta-layouts":"default","ast-page-background-enabled":"default","ast-page-background-meta":{"desktop":{"background-color":"var(--ast-global-color-4)","background-image":"","background-repeat":"repeat","background-position":"center center","background-size":"auto","background-attachment":"scroll","background-type":"","background-media":"","overlay-type":"","overlay-color":"","overlay-opacity":"","overlay-gradient":""},"tablet":{"background-color":"","background-image":"","background-repeat":"repeat","background-position":"center center","background-size":"auto","background-attachment":"scroll","background-type":"","background-media":"","overlay-type":"","overlay-color":"","overlay-opacity":"","overlay-gradient":""},"mobile":{"background-color":"","background-image":"","background-repeat":"repeat","background-position":"center center","background-size":"auto","background-attachment":"scroll","background-type":"","background-media":"","overlay-type":"","overlay-color":"","overlay-opacity":"","overlay-gradient":""}},"ast-content-background-meta":{"desktop":{"background-color":"var(--ast-global-color-5)","background-image":"","background-repeat":"repeat","background-position":"center center","background-size":"auto","background-attachment":"scroll","background-type":"","background-media":"","overlay-type":"","overlay-color":"","overlay-opacity":"","overlay-gradient":""},"tablet":{"background-color":"var(--ast-global-color-5)","background-image":"","background-repeat":"repeat","background-position":"center center","background-size":"auto","background-attachment":"scroll","background-type":"","background-media":"","overlay-type":"","overlay-color":"","overlay-opacity":"","overlay-gradient":""},"mobile":{"background-color":"var(--ast-global-color-5)","background-image":"","background-repeat":"repeat","background-position":"center center","background-size":"auto","background-attachment":"scroll","background-type":"","background-media":"","overlay-type":"","overlay-color":"","overlay-opacity":"","overlay-gradient":""}},"footnotes":""},"categories":[123],"tags":[],"class_list":["post-870","post","type-post","status-publish","format-standard","has-post-thumbnail","hentry","category-entrevistes"],"post_mailing_queue_ids":[],"_links":{"self":[{"href":"https:\/\/agora.xtec.cat\/ecaamposta\/wp-json\/wp\/v2\/posts\/870","targetHints":{"allow":["GET"]}}],"collection":[{"href":"https:\/\/agora.xtec.cat\/ecaamposta\/wp-json\/wp\/v2\/posts"}],"about":[{"href":"https:\/\/agora.xtec.cat\/ecaamposta\/wp-json\/wp\/v2\/types\/post"}],"author":[{"embeddable":true,"href":"https:\/\/agora.xtec.cat\/ecaamposta\/wp-json\/wp\/v2\/users\/1"}],"replies":[{"embeddable":true,"href":"https:\/\/agora.xtec.cat\/ecaamposta\/wp-json\/wp\/v2\/comments?post=870"}],"version-history":[{"count":3,"href":"https:\/\/agora.xtec.cat\/ecaamposta\/wp-json\/wp\/v2\/posts\/870\/revisions"}],"predecessor-version":[{"id":879,"href":"https:\/\/agora.xtec.cat\/ecaamposta\/wp-json\/wp\/v2\/posts\/870\/revisions\/879"}],"wp:featuredmedia":[{"embeddable":true,"href":"https:\/\/agora.xtec.cat\/ecaamposta\/wp-json\/wp\/v2\/media\/877"}],"wp:attachment":[{"href":"https:\/\/agora.xtec.cat\/ecaamposta\/wp-json\/wp\/v2\/media?parent=870"}],"wp:term":[{"taxonomy":"category","embeddable":true,"href":"https:\/\/agora.xtec.cat\/ecaamposta\/wp-json\/wp\/v2\/categories?post=870"},{"taxonomy":"post_tag","embeddable":true,"href":"https:\/\/agora.xtec.cat\/ecaamposta\/wp-json\/wp\/v2\/tags?post=870"}],"curies":[{"name":"wp","href":"https:\/\/api.w.org\/{rel}","templated":true}]}}