{"id":1582,"date":"2026-04-15T16:58:52","date_gmt":"2026-04-15T14:58:52","guid":{"rendered":"https:\/\/agora.xtec.cat\/ecaamposta\/?p=1582"},"modified":"2026-04-15T17:01:01","modified_gmt":"2026-04-15T15:01:01","slug":"preinscripcions-del-curs-2026-2027-obertes-del-26-de-maig-a-l1-de-juny","status":"publish","type":"post","link":"https:\/\/agora.xtec.cat\/ecaamposta\/portada\/preinscripcions-del-curs-2026-2027-obertes-del-26-de-maig-a-l1-de-juny\/","title":{"rendered":"Preinscripcions del curs 2026-2027 obertes del 26 de maig a l&#8217;1 de juny"},"content":{"rendered":"<h4><strong>Estudia a l\u2019Escola Agr\u00e0ria d\u2019Amposta: preinscripcions obertes del 26 de maig a l&#8217;1 de juny<\/strong><\/h4>\n<p>Del\u00a0<strong>26 a l&#8217;1 de juny del 2026<\/strong>\u00a0estar\u00e0 obert el termini de\u00a0<strong>presentaci\u00f3 de sol\u00b7licituds per a la preinscripci\u00f3\u00a0<\/strong>als cicles formatius que ofereix l\u2019Escola Agr\u00e0ria d\u2019Amposta. Aquest \u00e9s un moment clau per a aquelles persones interessades a formar-se en l\u2019\u00e0mbit agrari i rural amb una formaci\u00f3 de qualitat i adaptada a les necessitats del sector.<\/p>\n<p>La nostra escola ofereix dues opcions formatives: el\u00a0<a href=\"https:\/\/agora.xtec.cat\/ecaamposta\/ciclesformatius\/cfgm-produccio-agroecologica\/\"><strong>Cicle Formatiu de Grau Mitj\u00e0 en Producci\u00f3 Agroecol\u00f2gica<\/strong><\/a>\u00a0i el\u00a0<a href=\"https:\/\/agora.xtec.cat\/ecaamposta\/ciclesformatius\/cfgs-paisatgisme-i-medi-rural\/\"><strong>Cicle Formatiu de Grau Superior en Paisatgisme i Medi Rural<\/strong><\/a>, ambd\u00f3s orientats a garantir una formaci\u00f3 especialitzada per a un futur professional en el sector.<\/p>\n<p>Per una banda, el\u00a0<a href=\"https:\/\/agora.xtec.cat\/ecaamposta\/ciclesformatius\/cfgm-produccio-agroecologica\/\"><strong>Cicle Formatiu de Grau Mitj\u00e0 en Producci\u00f3 Agroecol\u00f2gica<\/strong><\/a>\u00a0capacita els alumnes per a la producci\u00f3 agr\u00edcola i ramadera ecol\u00f2gica, aplicant t\u00e8cniques sostenibles que respecten la biodiversitat i la fertilitat del s\u00f2l. Durant el curs, es treballen aspectes clau com ara la implantaci\u00f3 de cultius ecol\u00f2gics, la gesti\u00f3 de la producci\u00f3 agropecu\u00e0ria i la comercialitzaci\u00f3 de productes ecol\u00f2gics.<\/p>\n<p>Per l\u2019altra banda, el\u00a0<a href=\"https:\/\/agora.xtec.cat\/ecaamposta\/ciclesformatius\/cfgs-paisatgisme-i-medi-rural\/\"><strong>Cicle Formatiu de Grau Superior en Paisatgisme i Medi Rural<\/strong><\/a>\u00a0forma especialistes en el disseny i gesti\u00f3 d\u2019espais verds, aix\u00ed com en la producci\u00f3 agr\u00edcola i de plantes. Els estudiants aprendran a planificar i organitzar recursos, a supervisar treballs i a aplicar criteris de sostenibilitat i efici\u00e8ncia econ\u00f2mica en el sector del paisatgisme i la gesti\u00f3 rural.<\/p>\n<p>Totes les\u00a0<strong><u>sol\u00b7licituds de preinscripci\u00f3 als cicles formatius es realitzen en l\u00ednia<\/u><\/strong>\u00a0a trav\u00e9s de la p\u00e0gina web del\u00a0<a href=\"https:\/\/educacio.gencat.cat\/ca\/inici\" target=\"_blank\" rel=\"noopener\"><u>Departament d\u2019Educaci\u00f3<\/u><\/a>. L\u2019Escola Agr\u00e0ria d\u2019Amposta oferir\u00e0 suport a les fam\u00edlies i alumnat que tinguin dificultats en el proc\u00e9s d\u2019inscripci\u00f3.<\/p>\n<p>&nbsp;<\/p>\n<p><a href=\"https:\/\/agora.xtec.cat\/ecaamposta\/wp-content\/uploads\/usu2500\/2026\/04\/Sacosten-les-preinscripcions_Feed.jpg\"><img loading=\"lazy\" decoding=\"async\" class=\"alignnone size-full wp-image-1583\" src=\"https:\/\/agora.xtec.cat\/ecaamposta\/wp-content\/uploads\/usu2500\/2026\/04\/Sacosten-les-preinscripcions_Feed.jpg\" alt=\"\" width=\"1080\" height=\"1350\" srcset=\"https:\/\/agora.xtec.cat\/ecaamposta\/wp-content\/uploads\/usu2500\/2026\/04\/Sacosten-les-preinscripcions_Feed.jpg 1080w, https:\/\/agora.xtec.cat\/ecaamposta\/wp-content\/uploads\/usu2500\/2026\/04\/Sacosten-les-preinscripcions_Feed-240x300.jpg 240w, https:\/\/agora.xtec.cat\/ecaamposta\/wp-content\/uploads\/usu2500\/2026\/04\/Sacosten-les-preinscripcions_Feed-819x1024.jpg 819w, https:\/\/agora.xtec.cat\/ecaamposta\/wp-content\/uploads\/usu2500\/2026\/04\/Sacosten-les-preinscripcions_Feed-768x960.jpg 768w\" sizes=\"auto, (max-width: 1080px) 100vw, 1080px\" \/><\/a><\/p>\n","protected":false},"excerpt":{"rendered":"<p>Estudia a l\u2019Escola Agr\u00e0ria d\u2019Amposta: preinscripcions obertes del 26 de maig a l&#8217;1 de juny Del\u00a026 a l&#8217;1 de juny del 2026\u00a0estar\u00e0 obert el termini de\u00a0presentaci\u00f3 de sol\u00b7licituds per a la preinscripci\u00f3\u00a0als cicles formatius que ofereix l\u2019Escola Agr\u00e0ria d\u2019Amposta. Aquest \u00e9s un moment clau per a aquelles persones interessades a formar-se en l\u2019\u00e0mbit agrari i [&hellip;]<\/p>\n","protected":false},"author":1,"featured_media":1587,"comment_status":"open","ping_status":"open","sticky":false,"template":"","format":"standard","meta":{"_bbp_topic_count":0,"_bbp_reply_count":0,"_bbp_total_topic_count":0,"_bbp_total_reply_count":0,"_bbp_voice_count":0,"_bbp_anonymous_reply_count":0,"_bbp_topic_count_hidden":0,"_bbp_reply_count_hidden":0,"_bbp_forum_subforum_count":0,"site-sidebar-layout":"default","site-content-layout":"","ast-site-content-layout":"default","site-content-style":"default","site-sidebar-style":"default","ast-global-header-display":"","ast-banner-title-visibility":"","ast-main-header-display":"","ast-hfb-above-header-display":"","ast-hfb-below-header-display":"","ast-hfb-mobile-header-display":"","site-post-title":"","ast-breadcrumbs-content":"","ast-featured-img":"","footer-sml-layout":"","theme-transparent-header-meta":"default","adv-header-id-meta":"","stick-header-meta":"","header-above-stick-meta":"","header-main-stick-meta":"","header-below-stick-meta":"","astra-migrate-meta-layouts":"set","ast-page-background-enabled":"default","ast-page-background-meta":{"desktop":{"background-color":"var(--ast-global-color-4)","background-image":"","background-repeat":"repeat","background-position":"center center","background-size":"auto","background-attachment":"scroll","background-type":"","background-media":"","overlay-type":"","overlay-color":"","overlay-opacity":"","overlay-gradient":""},"tablet":{"background-color":"","background-image":"","background-repeat":"repeat","background-position":"center center","background-size":"auto","background-attachment":"scroll","background-type":"","background-media":"","overlay-type":"","overlay-color":"","overlay-opacity":"","overlay-gradient":""},"mobile":{"background-color":"","background-image":"","background-repeat":"repeat","background-position":"center center","background-size":"auto","background-attachment":"scroll","background-type":"","background-media":"","overlay-type":"","overlay-color":"","overlay-opacity":"","overlay-gradient":""}},"ast-content-background-meta":{"desktop":{"background-color":"var(--ast-global-color-5)","background-image":"","background-repeat":"repeat","background-position":"center center","background-size":"auto","background-attachment":"scroll","background-type":"","background-media":"","overlay-type":"","overlay-color":"","overlay-opacity":"","overlay-gradient":""},"tablet":{"background-color":"var(--ast-global-color-5)","background-image":"","background-repeat":"repeat","background-position":"center center","background-size":"auto","background-attachment":"scroll","background-type":"","background-media":"","overlay-type":"","overlay-color":"","overlay-opacity":"","overlay-gradient":""},"mobile":{"background-color":"var(--ast-global-color-5)","background-image":"","background-repeat":"repeat","background-position":"center center","background-size":"auto","background-attachment":"scroll","background-type":"","background-media":"","overlay-type":"","overlay-color":"","overlay-opacity":"","overlay-gradient":""}},"footnotes":""},"categories":[29],"tags":[],"class_list":["post-1582","post","type-post","status-publish","format-standard","has-post-thumbnail","hentry","category-portada"],"post_mailing_queue_ids":[],"_links":{"self":[{"href":"https:\/\/agora.xtec.cat\/ecaamposta\/wp-json\/wp\/v2\/posts\/1582","targetHints":{"allow":["GET"]}}],"collection":[{"href":"https:\/\/agora.xtec.cat\/ecaamposta\/wp-json\/wp\/v2\/posts"}],"about":[{"href":"https:\/\/agora.xtec.cat\/ecaamposta\/wp-json\/wp\/v2\/types\/post"}],"author":[{"embeddable":true,"href":"https:\/\/agora.xtec.cat\/ecaamposta\/wp-json\/wp\/v2\/users\/1"}],"replies":[{"embeddable":true,"href":"https:\/\/agora.xtec.cat\/ecaamposta\/wp-json\/wp\/v2\/comments?post=1582"}],"version-history":[{"count":1,"href":"https:\/\/agora.xtec.cat\/ecaamposta\/wp-json\/wp\/v2\/posts\/1582\/revisions"}],"predecessor-version":[{"id":1586,"href":"https:\/\/agora.xtec.cat\/ecaamposta\/wp-json\/wp\/v2\/posts\/1582\/revisions\/1586"}],"wp:featuredmedia":[{"embeddable":true,"href":"https:\/\/agora.xtec.cat\/ecaamposta\/wp-json\/wp\/v2\/media\/1587"}],"wp:attachment":[{"href":"https:\/\/agora.xtec.cat\/ecaamposta\/wp-json\/wp\/v2\/media?parent=1582"}],"wp:term":[{"taxonomy":"category","embeddable":true,"href":"https:\/\/agora.xtec.cat\/ecaamposta\/wp-json\/wp\/v2\/categories?post=1582"},{"taxonomy":"post_tag","embeddable":true,"href":"https:\/\/agora.xtec.cat\/ecaamposta\/wp-json\/wp\/v2\/tags?post=1582"}],"curies":[{"name":"wp","href":"https:\/\/api.w.org\/{rel}","templated":true}]}}