{"id":1573,"date":"2026-04-01T13:02:59","date_gmt":"2026-04-01T11:02:59","guid":{"rendered":"https:\/\/agora.xtec.cat\/ecaamposta\/?p=1573"},"modified":"2026-04-01T13:03:26","modified_gmt":"2026-04-01T11:03:26","slug":"del-camp-a-la-industria-visita-a-kellanova-a-valls","status":"publish","type":"post","link":"https:\/\/agora.xtec.cat\/ecaamposta\/portada\/del-camp-a-la-industria-visita-a-kellanova-a-valls\/","title":{"rendered":"Del camp a la ind\u00fastria: visita a Kellanova a Valls"},"content":{"rendered":"<p data-start=\"305\" data-end=\"524\">L\u2019alumnat de <strong data-start=\"318\" data-end=\"351\">1r de Producci\u00f3 Agroecol\u00f2gica<\/strong> de l\u2019<strong data-start=\"357\" data-end=\"385\">Escola Agr\u00e0ria d\u2019Amposta<\/strong> ha visitat la planta de <strong data-start=\"410\" data-end=\"431\">Kellanova a Valls<\/strong>, dins dels m\u00f2duls de <strong data-start=\"453\" data-end=\"500\">Comercialitzaci\u00f3 de productes agroecol\u00f2gics<\/strong> i <strong data-start=\"503\" data-end=\"521\">Digitalitzaci\u00f3<\/strong>.<\/p>\n<p data-start=\"526\" data-end=\"743\">Durant la visita, els estudiants han pogut con\u00e8ixer de primera m\u00e0 el proc\u00e9s de producci\u00f3 i distribuci\u00f3 dels cereals de Kellogg\u2019s, dins del projecte <strong data-start=\"674\" data-end=\"684\">Origin<\/strong>, que connecta el territori amb la ind\u00fastria aliment\u00e0ria.<\/p>\n<p data-start=\"745\" data-end=\"927\">Un dels punts m\u00e9s interessants ha estat veure com, a partir de l\u2019arr\u00f2s produ\u00eft al <strong data-start=\"827\" data-end=\"846\">Delta de l\u2019Ebre<\/strong>, s\u2019elaboren diferents productes que despr\u00e9s es distribueixen a nivell mundial.<\/p>\n<p data-start=\"929\" data-end=\"1148\">Aquest tipus de visites permeten a l\u2019alumnat <strong data-start=\"974\" data-end=\"1075\">entendre millor la connexi\u00f3 entre producci\u00f3 agr\u00e0ria, transformaci\u00f3 aliment\u00e0ria i comercialitzaci\u00f3<\/strong>, aix\u00ed com con\u00e8ixer la realitat professional del sector agroalimentari.<\/p>\n<p data-start=\"1150\" data-end=\"1247\">Agra\u00efm molt a <strong data-start=\"1164\" data-end=\"1177\">Kellanova<\/strong> per acollir-nos i compartir aquesta experi\u00e8ncia amb els estudiants.<\/p>\n<p data-start=\"1150\" data-end=\"1247\"><a href=\"https:\/\/agora.xtec.cat\/ecaamposta\/wp-content\/uploads\/usu2500\/2026\/04\/WhatsApp-Image-2026-03-13-at-11.02.48-2.jpeg\"><img loading=\"lazy\" decoding=\"async\" class=\"alignnone wp-image-1574\" src=\"https:\/\/agora.xtec.cat\/ecaamposta\/wp-content\/uploads\/usu2500\/2026\/04\/WhatsApp-Image-2026-03-13-at-11.02.48-2.jpeg\" alt=\"\" width=\"491\" height=\"654\" srcset=\"https:\/\/agora.xtec.cat\/ecaamposta\/wp-content\/uploads\/usu2500\/2026\/04\/WhatsApp-Image-2026-03-13-at-11.02.48-2.jpeg 1200w, https:\/\/agora.xtec.cat\/ecaamposta\/wp-content\/uploads\/usu2500\/2026\/04\/WhatsApp-Image-2026-03-13-at-11.02.48-2-225x300.jpeg 225w, https:\/\/agora.xtec.cat\/ecaamposta\/wp-content\/uploads\/usu2500\/2026\/04\/WhatsApp-Image-2026-03-13-at-11.02.48-2-768x1024.jpeg 768w, https:\/\/agora.xtec.cat\/ecaamposta\/wp-content\/uploads\/usu2500\/2026\/04\/WhatsApp-Image-2026-03-13-at-11.02.48-2-1152x1536.jpeg 1152w\" sizes=\"auto, (max-width: 491px) 100vw, 491px\" \/><\/a><a href=\"https:\/\/agora.xtec.cat\/ecaamposta\/wp-content\/uploads\/usu2500\/2026\/04\/WhatsApp-Image-2026-03-13-at-11.02.47-2.jpeg\"><img loading=\"lazy\" decoding=\"async\" class=\"wp-image-1575 alignright\" src=\"https:\/\/agora.xtec.cat\/ecaamposta\/wp-content\/uploads\/usu2500\/2026\/04\/WhatsApp-Image-2026-03-13-at-11.02.47-2.jpeg\" alt=\"\" width=\"498\" height=\"664\" srcset=\"https:\/\/agora.xtec.cat\/ecaamposta\/wp-content\/uploads\/usu2500\/2026\/04\/WhatsApp-Image-2026-03-13-at-11.02.47-2.jpeg 1200w, https:\/\/agora.xtec.cat\/ecaamposta\/wp-content\/uploads\/usu2500\/2026\/04\/WhatsApp-Image-2026-03-13-at-11.02.47-2-225x300.jpeg 225w, https:\/\/agora.xtec.cat\/ecaamposta\/wp-content\/uploads\/usu2500\/2026\/04\/WhatsApp-Image-2026-03-13-at-11.02.47-2-768x1024.jpeg 768w, https:\/\/agora.xtec.cat\/ecaamposta\/wp-content\/uploads\/usu2500\/2026\/04\/WhatsApp-Image-2026-03-13-at-11.02.47-2-1152x1536.jpeg 1152w\" sizes=\"auto, (max-width: 498px) 100vw, 498px\" \/><\/a><\/p>\n","protected":false},"excerpt":{"rendered":"<p>L\u2019alumnat de 1r de Producci\u00f3 Agroecol\u00f2gica de l\u2019Escola Agr\u00e0ria d\u2019Amposta ha visitat la planta de Kellanova a Valls, dins dels m\u00f2duls de Comercialitzaci\u00f3 de productes agroecol\u00f2gics i Digitalitzaci\u00f3. Durant la visita, els estudiants han pogut con\u00e8ixer de primera m\u00e0 el proc\u00e9s de producci\u00f3 i distribuci\u00f3 dels cereals de Kellogg\u2019s, dins del projecte Origin, que connecta [&hellip;]<\/p>\n","protected":false},"author":1,"featured_media":1575,"comment_status":"open","ping_status":"open","sticky":false,"template":"","format":"standard","meta":{"_bbp_topic_count":0,"_bbp_reply_count":0,"_bbp_total_topic_count":0,"_bbp_total_reply_count":0,"_bbp_voice_count":0,"_bbp_anonymous_reply_count":0,"_bbp_topic_count_hidden":0,"_bbp_reply_count_hidden":0,"_bbp_forum_subforum_count":0,"site-sidebar-layout":"default","site-content-layout":"","ast-site-content-layout":"default","site-content-style":"default","site-sidebar-style":"default","ast-global-header-display":"","ast-banner-title-visibility":"","ast-main-header-display":"","ast-hfb-above-header-display":"","ast-hfb-below-header-display":"","ast-hfb-mobile-header-display":"","site-post-title":"","ast-breadcrumbs-content":"","ast-featured-img":"","footer-sml-layout":"","theme-transparent-header-meta":"default","adv-header-id-meta":"","stick-header-meta":"","header-above-stick-meta":"","header-main-stick-meta":"","header-below-stick-meta":"","astra-migrate-meta-layouts":"set","ast-page-background-enabled":"default","ast-page-background-meta":{"desktop":{"background-color":"var(--ast-global-color-4)","background-image":"","background-repeat":"repeat","background-position":"center center","background-size":"auto","background-attachment":"scroll","background-type":"","background-media":"","overlay-type":"","overlay-color":"","overlay-opacity":"","overlay-gradient":""},"tablet":{"background-color":"","background-image":"","background-repeat":"repeat","background-position":"center center","background-size":"auto","background-attachment":"scroll","background-type":"","background-media":"","overlay-type":"","overlay-color":"","overlay-opacity":"","overlay-gradient":""},"mobile":{"background-color":"","background-image":"","background-repeat":"repeat","background-position":"center center","background-size":"auto","background-attachment":"scroll","background-type":"","background-media":"","overlay-type":"","overlay-color":"","overlay-opacity":"","overlay-gradient":""}},"ast-content-background-meta":{"desktop":{"background-color":"var(--ast-global-color-5)","background-image":"","background-repeat":"repeat","background-position":"center center","background-size":"auto","background-attachment":"scroll","background-type":"","background-media":"","overlay-type":"","overlay-color":"","overlay-opacity":"","overlay-gradient":""},"tablet":{"background-color":"var(--ast-global-color-5)","background-image":"","background-repeat":"repeat","background-position":"center center","background-size":"auto","background-attachment":"scroll","background-type":"","background-media":"","overlay-type":"","overlay-color":"","overlay-opacity":"","overlay-gradient":""},"mobile":{"background-color":"var(--ast-global-color-5)","background-image":"","background-repeat":"repeat","background-position":"center center","background-size":"auto","background-attachment":"scroll","background-type":"","background-media":"","overlay-type":"","overlay-color":"","overlay-opacity":"","overlay-gradient":""}},"footnotes":""},"categories":[29],"tags":[],"class_list":["post-1573","post","type-post","status-publish","format-standard","has-post-thumbnail","hentry","category-portada"],"post_mailing_queue_ids":[],"_links":{"self":[{"href":"https:\/\/agora.xtec.cat\/ecaamposta\/wp-json\/wp\/v2\/posts\/1573","targetHints":{"allow":["GET"]}}],"collection":[{"href":"https:\/\/agora.xtec.cat\/ecaamposta\/wp-json\/wp\/v2\/posts"}],"about":[{"href":"https:\/\/agora.xtec.cat\/ecaamposta\/wp-json\/wp\/v2\/types\/post"}],"author":[{"embeddable":true,"href":"https:\/\/agora.xtec.cat\/ecaamposta\/wp-json\/wp\/v2\/users\/1"}],"replies":[{"embeddable":true,"href":"https:\/\/agora.xtec.cat\/ecaamposta\/wp-json\/wp\/v2\/comments?post=1573"}],"version-history":[{"count":2,"href":"https:\/\/agora.xtec.cat\/ecaamposta\/wp-json\/wp\/v2\/posts\/1573\/revisions"}],"predecessor-version":[{"id":1577,"href":"https:\/\/agora.xtec.cat\/ecaamposta\/wp-json\/wp\/v2\/posts\/1573\/revisions\/1577"}],"wp:featuredmedia":[{"embeddable":true,"href":"https:\/\/agora.xtec.cat\/ecaamposta\/wp-json\/wp\/v2\/media\/1575"}],"wp:attachment":[{"href":"https:\/\/agora.xtec.cat\/ecaamposta\/wp-json\/wp\/v2\/media?parent=1573"}],"wp:term":[{"taxonomy":"category","embeddable":true,"href":"https:\/\/agora.xtec.cat\/ecaamposta\/wp-json\/wp\/v2\/categories?post=1573"},{"taxonomy":"post_tag","embeddable":true,"href":"https:\/\/agora.xtec.cat\/ecaamposta\/wp-json\/wp\/v2\/tags?post=1573"}],"curies":[{"name":"wp","href":"https:\/\/api.w.org\/{rel}","templated":true}]}}