{"id":1566,"date":"2026-04-01T12:53:55","date_gmt":"2026-04-01T10:53:55","guid":{"rendered":"https:\/\/agora.xtec.cat\/ecaamposta\/?p=1566"},"modified":"2026-04-01T12:53:55","modified_gmt":"2026-04-01T10:53:55","slug":"viatge-de-final-de-curs-a-bilbao","status":"publish","type":"post","link":"https:\/\/agora.xtec.cat\/ecaamposta\/portada\/viatge-de-final-de-curs-a-bilbao\/","title":{"rendered":"Viatge de final de curs a Bilbao"},"content":{"rendered":"<p data-start=\"333\" data-end=\"606\">L\u2019alumnat de <strong data-start=\"346\" data-end=\"360\">2n de PiMR<\/strong> de l\u2019<strong data-start=\"366\" data-end=\"394\">Escola Agr\u00e0ria d\u2019Amposta<\/strong> va realitzar del <strong data-start=\"412\" data-end=\"434\">23 al 27 de febrer<\/strong> el seu viatge de final de curs a Bilbao, una experi\u00e8ncia que els ha perm\u00e8s con\u00e8ixer de primera m\u00e0 diferents projectes del sector agroalimentari del nord de la pen\u00ednsula.<\/p>\n<p data-start=\"608\" data-end=\"677\">Durant l\u2019estada, van visitar empreses i iniciatives referents, com:<\/p>\n<ul data-start=\"678\" data-end=\"912\">\n<li data-section-id=\"j0c2dp\" data-start=\"678\" data-end=\"793\"><strong data-start=\"680\" data-end=\"695\">Virto Group<\/strong>, l\u00edder en la producci\u00f3 de verdures ultracongelades amb seu a Navarra i pres\u00e8ncia internacional.<\/li>\n<li data-section-id=\"c19wn8\" data-start=\"794\" data-end=\"858\"><strong data-start=\"796\" data-end=\"818\">Bodegas Itsasmendi<\/strong>, bodega de txakol\u00ed situada a Gernika.<\/li>\n<li data-section-id=\"h710qm\" data-start=\"859\" data-end=\"912\"><strong data-start=\"861\" data-end=\"884\">Bizkaigane Elkartea<\/strong>, formatgeria a Errigoiti.<\/li>\n<\/ul>\n<p data-start=\"914\" data-end=\"1046\">Agra\u00efm molt a totes tres empreses per obrir-nos les portes i compartir amb l\u2019alumnat la seva experi\u00e8ncia i coneixement del sector.<\/p>\n<p data-start=\"1048\" data-end=\"1196\">Aquestes visites s\u00f3n una gran oportunitat perqu\u00e8 l\u2019alumnat pugui <strong data-start=\"1113\" data-end=\"1167\">connectar la formaci\u00f3 amb la realitat professional<\/strong> del sector agroalimentari.<\/p>\n<p data-start=\"1048\" data-end=\"1196\"><a href=\"https:\/\/agora.xtec.cat\/ecaamposta\/wp-content\/uploads\/usu2500\/2026\/04\/WhatsApp-Image-2026-03-13-at-11.38.53-1-2.jpeg\"><img loading=\"lazy\" decoding=\"async\" class=\"wp-image-1567 alignright\" src=\"https:\/\/agora.xtec.cat\/ecaamposta\/wp-content\/uploads\/usu2500\/2026\/04\/WhatsApp-Image-2026-03-13-at-11.38.53-1-2.jpeg\" alt=\"\" width=\"538\" height=\"404\" srcset=\"https:\/\/agora.xtec.cat\/ecaamposta\/wp-content\/uploads\/usu2500\/2026\/04\/WhatsApp-Image-2026-03-13-at-11.38.53-1-2.jpeg 2048w, https:\/\/agora.xtec.cat\/ecaamposta\/wp-content\/uploads\/usu2500\/2026\/04\/WhatsApp-Image-2026-03-13-at-11.38.53-1-2-300x225.jpeg 300w, https:\/\/agora.xtec.cat\/ecaamposta\/wp-content\/uploads\/usu2500\/2026\/04\/WhatsApp-Image-2026-03-13-at-11.38.53-1-2-1024x768.jpeg 1024w, https:\/\/agora.xtec.cat\/ecaamposta\/wp-content\/uploads\/usu2500\/2026\/04\/WhatsApp-Image-2026-03-13-at-11.38.53-1-2-768x576.jpeg 768w, https:\/\/agora.xtec.cat\/ecaamposta\/wp-content\/uploads\/usu2500\/2026\/04\/WhatsApp-Image-2026-03-13-at-11.38.53-1-2-1536x1152.jpeg 1536w\" sizes=\"auto, (max-width: 538px) 100vw, 538px\" \/><\/a> <a href=\"https:\/\/agora.xtec.cat\/ecaamposta\/wp-content\/uploads\/usu2500\/2026\/04\/WhatsApp-Image-2026-03-13-at-11.38.53-3.jpeg\"><img loading=\"lazy\" decoding=\"async\" class=\"alignnone  wp-image-1568\" src=\"https:\/\/agora.xtec.cat\/ecaamposta\/wp-content\/uploads\/usu2500\/2026\/04\/WhatsApp-Image-2026-03-13-at-11.38.53-3.jpeg\" alt=\"\" width=\"536\" height=\"402\" srcset=\"https:\/\/agora.xtec.cat\/ecaamposta\/wp-content\/uploads\/usu2500\/2026\/04\/WhatsApp-Image-2026-03-13-at-11.38.53-3.jpeg 2048w, https:\/\/agora.xtec.cat\/ecaamposta\/wp-content\/uploads\/usu2500\/2026\/04\/WhatsApp-Image-2026-03-13-at-11.38.53-3-300x225.jpeg 300w, https:\/\/agora.xtec.cat\/ecaamposta\/wp-content\/uploads\/usu2500\/2026\/04\/WhatsApp-Image-2026-03-13-at-11.38.53-3-1024x768.jpeg 1024w, https:\/\/agora.xtec.cat\/ecaamposta\/wp-content\/uploads\/usu2500\/2026\/04\/WhatsApp-Image-2026-03-13-at-11.38.53-3-768x576.jpeg 768w, https:\/\/agora.xtec.cat\/ecaamposta\/wp-content\/uploads\/usu2500\/2026\/04\/WhatsApp-Image-2026-03-13-at-11.38.53-3-1536x1152.jpeg 1536w\" sizes=\"auto, (max-width: 536px) 100vw, 536px\" \/><\/a><\/p>\n","protected":false},"excerpt":{"rendered":"<p>L\u2019alumnat de 2n de PiMR de l\u2019Escola Agr\u00e0ria d\u2019Amposta va realitzar del 23 al 27 de febrer el seu viatge de final de curs a Bilbao, una experi\u00e8ncia que els ha perm\u00e8s con\u00e8ixer de primera m\u00e0 diferents projectes del sector agroalimentari del nord de la pen\u00ednsula. Durant l\u2019estada, van visitar empreses i iniciatives referents, com: [&hellip;]<\/p>\n","protected":false},"author":1,"featured_media":1569,"comment_status":"open","ping_status":"open","sticky":false,"template":"","format":"standard","meta":{"_bbp_topic_count":0,"_bbp_reply_count":0,"_bbp_total_topic_count":0,"_bbp_total_reply_count":0,"_bbp_voice_count":0,"_bbp_anonymous_reply_count":0,"_bbp_topic_count_hidden":0,"_bbp_reply_count_hidden":0,"_bbp_forum_subforum_count":0,"site-sidebar-layout":"default","site-content-layout":"","ast-site-content-layout":"default","site-content-style":"default","site-sidebar-style":"default","ast-global-header-display":"","ast-banner-title-visibility":"","ast-main-header-display":"","ast-hfb-above-header-display":"","ast-hfb-below-header-display":"","ast-hfb-mobile-header-display":"","site-post-title":"","ast-breadcrumbs-content":"","ast-featured-img":"","footer-sml-layout":"","theme-transparent-header-meta":"default","adv-header-id-meta":"","stick-header-meta":"","header-above-stick-meta":"","header-main-stick-meta":"","header-below-stick-meta":"","astra-migrate-meta-layouts":"set","ast-page-background-enabled":"default","ast-page-background-meta":{"desktop":{"background-color":"var(--ast-global-color-4)","background-image":"","background-repeat":"repeat","background-position":"center center","background-size":"auto","background-attachment":"scroll","background-type":"","background-media":"","overlay-type":"","overlay-color":"","overlay-opacity":"","overlay-gradient":""},"tablet":{"background-color":"","background-image":"","background-repeat":"repeat","background-position":"center center","background-size":"auto","background-attachment":"scroll","background-type":"","background-media":"","overlay-type":"","overlay-color":"","overlay-opacity":"","overlay-gradient":""},"mobile":{"background-color":"","background-image":"","background-repeat":"repeat","background-position":"center center","background-size":"auto","background-attachment":"scroll","background-type":"","background-media":"","overlay-type":"","overlay-color":"","overlay-opacity":"","overlay-gradient":""}},"ast-content-background-meta":{"desktop":{"background-color":"var(--ast-global-color-5)","background-image":"","background-repeat":"repeat","background-position":"center center","background-size":"auto","background-attachment":"scroll","background-type":"","background-media":"","overlay-type":"","overlay-color":"","overlay-opacity":"","overlay-gradient":""},"tablet":{"background-color":"var(--ast-global-color-5)","background-image":"","background-repeat":"repeat","background-position":"center center","background-size":"auto","background-attachment":"scroll","background-type":"","background-media":"","overlay-type":"","overlay-color":"","overlay-opacity":"","overlay-gradient":""},"mobile":{"background-color":"var(--ast-global-color-5)","background-image":"","background-repeat":"repeat","background-position":"center center","background-size":"auto","background-attachment":"scroll","background-type":"","background-media":"","overlay-type":"","overlay-color":"","overlay-opacity":"","overlay-gradient":""}},"footnotes":""},"categories":[29],"tags":[],"class_list":["post-1566","post","type-post","status-publish","format-standard","has-post-thumbnail","hentry","category-portada"],"post_mailing_queue_ids":[],"_links":{"self":[{"href":"https:\/\/agora.xtec.cat\/ecaamposta\/wp-json\/wp\/v2\/posts\/1566","targetHints":{"allow":["GET"]}}],"collection":[{"href":"https:\/\/agora.xtec.cat\/ecaamposta\/wp-json\/wp\/v2\/posts"}],"about":[{"href":"https:\/\/agora.xtec.cat\/ecaamposta\/wp-json\/wp\/v2\/types\/post"}],"author":[{"embeddable":true,"href":"https:\/\/agora.xtec.cat\/ecaamposta\/wp-json\/wp\/v2\/users\/1"}],"replies":[{"embeddable":true,"href":"https:\/\/agora.xtec.cat\/ecaamposta\/wp-json\/wp\/v2\/comments?post=1566"}],"version-history":[{"count":1,"href":"https:\/\/agora.xtec.cat\/ecaamposta\/wp-json\/wp\/v2\/posts\/1566\/revisions"}],"predecessor-version":[{"id":1570,"href":"https:\/\/agora.xtec.cat\/ecaamposta\/wp-json\/wp\/v2\/posts\/1566\/revisions\/1570"}],"wp:featuredmedia":[{"embeddable":true,"href":"https:\/\/agora.xtec.cat\/ecaamposta\/wp-json\/wp\/v2\/media\/1569"}],"wp:attachment":[{"href":"https:\/\/agora.xtec.cat\/ecaamposta\/wp-json\/wp\/v2\/media?parent=1566"}],"wp:term":[{"taxonomy":"category","embeddable":true,"href":"https:\/\/agora.xtec.cat\/ecaamposta\/wp-json\/wp\/v2\/categories?post=1566"},{"taxonomy":"post_tag","embeddable":true,"href":"https:\/\/agora.xtec.cat\/ecaamposta\/wp-json\/wp\/v2\/tags?post=1566"}],"curies":[{"name":"wp","href":"https:\/\/api.w.org\/{rel}","templated":true}]}}