{"id":1484,"date":"2026-02-03T14:09:13","date_gmt":"2026-02-03T13:09:13","guid":{"rendered":"https:\/\/agora.xtec.cat\/ecaamposta\/?p=1484"},"modified":"2026-02-03T14:09:13","modified_gmt":"2026-02-03T13:09:13","slug":"jornada-de-portes-obertes-2026-2027","status":"publish","type":"post","link":"https:\/\/agora.xtec.cat\/ecaamposta\/general\/jornada-de-portes-obertes-2026-2027\/","title":{"rendered":"Jornada de portes obertes 2026-2027"},"content":{"rendered":"<p>Descobreix l\u2019Escola Agr\u00e0ria d\u2019Amposta els dies 24 i 25 d\u2019abril<\/p>\n<p>L\u2019Escola Agr\u00e0ria d\u2019Amposta convida totes les persones interessades a con\u00e8ixer el centre i la seva oferta formativa a les jornades de portes obertes del curs 2026\u20132027.<\/p>\n<p>Aquestes sessions estan pensades per oferir una visi\u00f3 directa del projecte educatiu de l\u2019escola, dels espais formatius i de l\u2019acompanyament que es dona a l\u2019alumnat. Durant la visita, es podr\u00e0 con\u00e8ixer el funcionament del centre, les l\u00ednies formatives vinculades al sector agrari i resoldre dubtes relacionats amb els estudis i el proc\u00e9s d\u2019acc\u00e9s.<\/p>\n<p>\ud83d\udcc5 Divendres 24 d\u2019abril, a les 17.00 h<br \/>\n\ud83d\udcc5 Dissabte 25 d\u2019abril, a les 11.00 h<\/p>\n<p>Per assistir-hi, cal fer inscripci\u00f3 pr\u00e8via mitjan\u00e7ant el<strong> formulari<\/strong>: <a href=\"https:\/\/docs.google.com\/forms\/d\/e\/1FAIpQLSeWMV78EViX1n1JmdIO9_bsBULCrrNzJ8RrNv0LXghpx7HJbA\/viewform?pli=1\">Formulari d&#8217;inscripci\u00f3<\/a><\/p>\n<p>Les portes obertes s\u00f3n una bona oportunitat per descobrir de primera m\u00e0 una escola amb una llarga traject\u00f2ria en la formaci\u00f3 agr\u00e0ria, arrelada al territori i orientada a preparar professionals qualificats per als reptes del sector.<\/p>\n<p>&nbsp;<\/p>\n<p><a href=\"https:\/\/agora.xtec.cat\/ecaamposta\/wp-content\/uploads\/usu2500\/2025\/03\/v-2-1.jpg\"><img loading=\"lazy\" decoding=\"async\" class=\"alignnone  wp-image-1476\" src=\"https:\/\/agora.xtec.cat\/ecaamposta\/wp-content\/uploads\/usu2500\/2025\/03\/v-2-1.jpg\" alt=\"\" width=\"651\" height=\"814\" srcset=\"https:\/\/agora.xtec.cat\/ecaamposta\/wp-content\/uploads\/usu2500\/2025\/03\/v-2-1.jpg 1080w, https:\/\/agora.xtec.cat\/ecaamposta\/wp-content\/uploads\/usu2500\/2025\/03\/v-2-1-240x300.jpg 240w, https:\/\/agora.xtec.cat\/ecaamposta\/wp-content\/uploads\/usu2500\/2025\/03\/v-2-1-819x1024.jpg 819w, https:\/\/agora.xtec.cat\/ecaamposta\/wp-content\/uploads\/usu2500\/2025\/03\/v-2-1-768x960.jpg 768w\" sizes=\"auto, (max-width: 651px) 100vw, 651px\" \/><\/a><\/p>\n<p>&nbsp;<\/p>\n<p>&nbsp;<\/p>\n","protected":false},"excerpt":{"rendered":"<p>L\u2019Escola Agr\u00e0ria d\u2019Amposta obre les portes el divendres 24 d\u2019abril a les 17.00 h i dissabte 25 d\u2019abril a les 11.00 h<\/p>\n","protected":false},"author":1,"featured_media":1476,"comment_status":"open","ping_status":"open","sticky":false,"template":"","format":"standard","meta":{"_bbp_topic_count":0,"_bbp_reply_count":0,"_bbp_total_topic_count":0,"_bbp_total_reply_count":0,"_bbp_voice_count":0,"_bbp_anonymous_reply_count":0,"_bbp_topic_count_hidden":0,"_bbp_reply_count_hidden":0,"_bbp_forum_subforum_count":0,"site-sidebar-layout":"default","site-content-layout":"","ast-site-content-layout":"","site-content-style":"default","site-sidebar-style":"default","ast-global-header-display":"","ast-banner-title-visibility":"","ast-main-header-display":"","ast-hfb-above-header-display":"","ast-hfb-below-header-display":"","ast-hfb-mobile-header-display":"","site-post-title":"","ast-breadcrumbs-content":"","ast-featured-img":"","footer-sml-layout":"","theme-transparent-header-meta":"","adv-header-id-meta":"","stick-header-meta":"","header-above-stick-meta":"","header-main-stick-meta":"","header-below-stick-meta":"","astra-migrate-meta-layouts":"default","ast-page-background-enabled":"default","ast-page-background-meta":{"desktop":{"background-color":"var(--ast-global-color-4)","background-image":"","background-repeat":"repeat","background-position":"center center","background-size":"auto","background-attachment":"scroll","background-type":"","background-media":"","overlay-type":"","overlay-color":"","overlay-opacity":"","overlay-gradient":""},"tablet":{"background-color":"","background-image":"","background-repeat":"repeat","background-position":"center center","background-size":"auto","background-attachment":"scroll","background-type":"","background-media":"","overlay-type":"","overlay-color":"","overlay-opacity":"","overlay-gradient":""},"mobile":{"background-color":"","background-image":"","background-repeat":"repeat","background-position":"center center","background-size":"auto","background-attachment":"scroll","background-type":"","background-media":"","overlay-type":"","overlay-color":"","overlay-opacity":"","overlay-gradient":""}},"ast-content-background-meta":{"desktop":{"background-color":"var(--ast-global-color-5)","background-image":"","background-repeat":"repeat","background-position":"center center","background-size":"auto","background-attachment":"scroll","background-type":"","background-media":"","overlay-type":"","overlay-color":"","overlay-opacity":"","overlay-gradient":""},"tablet":{"background-color":"var(--ast-global-color-5)","background-image":"","background-repeat":"repeat","background-position":"center center","background-size":"auto","background-attachment":"scroll","background-type":"","background-media":"","overlay-type":"","overlay-color":"","overlay-opacity":"","overlay-gradient":""},"mobile":{"background-color":"var(--ast-global-color-5)","background-image":"","background-repeat":"repeat","background-position":"center center","background-size":"auto","background-attachment":"scroll","background-type":"","background-media":"","overlay-type":"","overlay-color":"","overlay-opacity":"","overlay-gradient":""}},"footnotes":""},"categories":[1,29],"tags":[],"class_list":["post-1484","post","type-post","status-publish","format-standard","has-post-thumbnail","hentry","category-general","category-portada"],"post_mailing_queue_ids":[],"_links":{"self":[{"href":"https:\/\/agora.xtec.cat\/ecaamposta\/wp-json\/wp\/v2\/posts\/1484","targetHints":{"allow":["GET"]}}],"collection":[{"href":"https:\/\/agora.xtec.cat\/ecaamposta\/wp-json\/wp\/v2\/posts"}],"about":[{"href":"https:\/\/agora.xtec.cat\/ecaamposta\/wp-json\/wp\/v2\/types\/post"}],"author":[{"embeddable":true,"href":"https:\/\/agora.xtec.cat\/ecaamposta\/wp-json\/wp\/v2\/users\/1"}],"replies":[{"embeddable":true,"href":"https:\/\/agora.xtec.cat\/ecaamposta\/wp-json\/wp\/v2\/comments?post=1484"}],"version-history":[{"count":1,"href":"https:\/\/agora.xtec.cat\/ecaamposta\/wp-json\/wp\/v2\/posts\/1484\/revisions"}],"predecessor-version":[{"id":1485,"href":"https:\/\/agora.xtec.cat\/ecaamposta\/wp-json\/wp\/v2\/posts\/1484\/revisions\/1485"}],"wp:featuredmedia":[{"embeddable":true,"href":"https:\/\/agora.xtec.cat\/ecaamposta\/wp-json\/wp\/v2\/media\/1476"}],"wp:attachment":[{"href":"https:\/\/agora.xtec.cat\/ecaamposta\/wp-json\/wp\/v2\/media?parent=1484"}],"wp:term":[{"taxonomy":"category","embeddable":true,"href":"https:\/\/agora.xtec.cat\/ecaamposta\/wp-json\/wp\/v2\/categories?post=1484"},{"taxonomy":"post_tag","embeddable":true,"href":"https:\/\/agora.xtec.cat\/ecaamposta\/wp-json\/wp\/v2\/tags?post=1484"}],"curies":[{"name":"wp","href":"https:\/\/api.w.org\/{rel}","templated":true}]}}