{"id":1308,"date":"2024-05-07T13:55:04","date_gmt":"2024-05-07T11:55:04","guid":{"rendered":"https:\/\/agora.xtec.cat\/ecaamposta\/?p=1308"},"modified":"2024-05-27T11:54:11","modified_gmt":"2024-05-27T09:54:11","slug":"preinscripcions-2024-24","status":"publish","type":"post","link":"https:\/\/agora.xtec.cat\/ecaamposta\/portada\/preinscripcions-2024-24\/","title":{"rendered":"Preinscripcions 2024-25"},"content":{"rendered":"<p>Preinscripcions per al Cicle Formatiu de Grau Mitja Producci\u00f3 Agroecol\u00f2gica i per al Cicle de Grau Superior Paisatgisme i Medi Rural.<\/p>\n<p><a href=\"https:\/\/agora.xtec.cat\/ecaamposta\/wp-content\/uploads\/usu2500\/2024\/05\/preinscripcionsinsta.png\"><img loading=\"lazy\" decoding=\"async\" class=\"alignnone wp-image-1295\" src=\"https:\/\/agora.xtec.cat\/ecaamposta\/wp-content\/uploads\/usu2500\/2024\/05\/preinscripcionsinsta-1024x1024.png\" alt=\"\" width=\"480\" height=\"480\" srcset=\"https:\/\/agora.xtec.cat\/ecaamposta\/wp-content\/uploads\/usu2500\/2024\/05\/preinscripcionsinsta-1024x1024.png 1024w, https:\/\/agora.xtec.cat\/ecaamposta\/wp-content\/uploads\/usu2500\/2024\/05\/preinscripcionsinsta-300x300.png 300w, https:\/\/agora.xtec.cat\/ecaamposta\/wp-content\/uploads\/usu2500\/2024\/05\/preinscripcionsinsta-150x150.png 150w, https:\/\/agora.xtec.cat\/ecaamposta\/wp-content\/uploads\/usu2500\/2024\/05\/preinscripcionsinsta-768x768.png 768w, https:\/\/agora.xtec.cat\/ecaamposta\/wp-content\/uploads\/usu2500\/2024\/05\/preinscripcionsinsta.png 1080w\" sizes=\"auto, (max-width: 480px) 100vw, 480px\" \/><\/a><\/p>\n<h6 class=\"NG-departament__title\"><a href=\"https:\/\/preinscripcio.gencat.cat\/ca\/estudis\/fp-grau-mitja\/inici\/\" target=\"_blank\" rel=\"noopener\">Formaci\u00f3 professional (grau mitj\u00e0)\u00a0<\/a><\/h6>\n<h6><a href=\"https:\/\/agora.xtec.cat\/ecaamposta\/wp-content\/uploads\/usu2500\/2024\/05\/INFORME_OFERTA_OME_INFORME_OFERTA-GM.pdf\" target=\"_blank\" rel=\"noopener\">Oferta de places inicials per a la preinscripci\u00f3<\/a><\/h6>\n<h6 class=\"NG-departament__title\"><a href=\"https:\/\/preinscripcio.gencat.cat\/ca\/estudis\/fp-grau-superior\/inici\/\" target=\"_blank\" rel=\"noopener\">Formaci\u00f3 professional (grau superior)<\/a><\/h6>\n<div>\n<h6><a href=\"https:\/\/agora.xtec.cat\/ecaamposta\/wp-content\/uploads\/usu2500\/2024\/05\/INFORME_OFERTA_OME_INFORME_OFERTA_GS.pdf\" target=\"_blank\" rel=\"noopener\">Oferta de places inicials per a la preinscripci\u00f3<\/a><\/h6>\n<\/div>\n<div><\/div>\n","protected":false},"excerpt":{"rendered":"<p>Preinscripcions per al Cicle Formatiu de Grau Mitja Producci\u00f3 Agroecol\u00f2gica i per al Cicle de Grau Superior Paisatgisme i Medi Rural. Formaci\u00f3 professional (grau mitj\u00e0)\u00a0 Oferta de places inicials per a la preinscripci\u00f3 Formaci\u00f3 professional (grau superior) Oferta de places inicials per a la preinscripci\u00f3<\/p>\n","protected":false},"author":1,"featured_media":0,"comment_status":"open","ping_status":"closed","sticky":false,"template":"","format":"standard","meta":{"_bbp_topic_count":0,"_bbp_reply_count":0,"_bbp_total_topic_count":0,"_bbp_total_reply_count":0,"_bbp_voice_count":0,"_bbp_anonymous_reply_count":0,"_bbp_topic_count_hidden":0,"_bbp_reply_count_hidden":0,"_bbp_forum_subforum_count":0,"site-sidebar-layout":"default","site-content-layout":"","ast-site-content-layout":"","site-content-style":"default","site-sidebar-style":"default","ast-global-header-display":"","ast-banner-title-visibility":"","ast-main-header-display":"","ast-hfb-above-header-display":"","ast-hfb-below-header-display":"","ast-hfb-mobile-header-display":"","site-post-title":"","ast-breadcrumbs-content":"","ast-featured-img":"","footer-sml-layout":"","theme-transparent-header-meta":"","adv-header-id-meta":"","stick-header-meta":"","header-above-stick-meta":"","header-main-stick-meta":"","header-below-stick-meta":"","astra-migrate-meta-layouts":"default","ast-page-background-enabled":"default","ast-page-background-meta":{"desktop":{"background-color":"var(--ast-global-color-4)","background-image":"","background-repeat":"repeat","background-position":"center center","background-size":"auto","background-attachment":"scroll","background-type":"","background-media":"","overlay-type":"","overlay-color":"","overlay-opacity":"","overlay-gradient":""},"tablet":{"background-color":"","background-image":"","background-repeat":"repeat","background-position":"center center","background-size":"auto","background-attachment":"scroll","background-type":"","background-media":"","overlay-type":"","overlay-color":"","overlay-opacity":"","overlay-gradient":""},"mobile":{"background-color":"","background-image":"","background-repeat":"repeat","background-position":"center center","background-size":"auto","background-attachment":"scroll","background-type":"","background-media":"","overlay-type":"","overlay-color":"","overlay-opacity":"","overlay-gradient":""}},"ast-content-background-meta":{"desktop":{"background-color":"var(--ast-global-color-5)","background-image":"","background-repeat":"repeat","background-position":"center center","background-size":"auto","background-attachment":"scroll","background-type":"","background-media":"","overlay-type":"","overlay-color":"","overlay-opacity":"","overlay-gradient":""},"tablet":{"background-color":"var(--ast-global-color-5)","background-image":"","background-repeat":"repeat","background-position":"center center","background-size":"auto","background-attachment":"scroll","background-type":"","background-media":"","overlay-type":"","overlay-color":"","overlay-opacity":"","overlay-gradient":""},"mobile":{"background-color":"var(--ast-global-color-5)","background-image":"","background-repeat":"repeat","background-position":"center center","background-size":"auto","background-attachment":"scroll","background-type":"","background-media":"","overlay-type":"","overlay-color":"","overlay-opacity":"","overlay-gradient":""}},"footnotes":""},"categories":[29],"tags":[],"class_list":["post-1308","post","type-post","status-publish","format-standard","hentry","category-portada"],"post_mailing_queue_ids":[],"_links":{"self":[{"href":"https:\/\/agora.xtec.cat\/ecaamposta\/wp-json\/wp\/v2\/posts\/1308","targetHints":{"allow":["GET"]}}],"collection":[{"href":"https:\/\/agora.xtec.cat\/ecaamposta\/wp-json\/wp\/v2\/posts"}],"about":[{"href":"https:\/\/agora.xtec.cat\/ecaamposta\/wp-json\/wp\/v2\/types\/post"}],"author":[{"embeddable":true,"href":"https:\/\/agora.xtec.cat\/ecaamposta\/wp-json\/wp\/v2\/users\/1"}],"replies":[{"embeddable":true,"href":"https:\/\/agora.xtec.cat\/ecaamposta\/wp-json\/wp\/v2\/comments?post=1308"}],"version-history":[{"count":4,"href":"https:\/\/agora.xtec.cat\/ecaamposta\/wp-json\/wp\/v2\/posts\/1308\/revisions"}],"predecessor-version":[{"id":1324,"href":"https:\/\/agora.xtec.cat\/ecaamposta\/wp-json\/wp\/v2\/posts\/1308\/revisions\/1324"}],"wp:attachment":[{"href":"https:\/\/agora.xtec.cat\/ecaamposta\/wp-json\/wp\/v2\/media?parent=1308"}],"wp:term":[{"taxonomy":"category","embeddable":true,"href":"https:\/\/agora.xtec.cat\/ecaamposta\/wp-json\/wp\/v2\/categories?post=1308"},{"taxonomy":"post_tag","embeddable":true,"href":"https:\/\/agora.xtec.cat\/ecaamposta\/wp-json\/wp\/v2\/tags?post=1308"}],"curies":[{"name":"wp","href":"https:\/\/api.w.org\/{rel}","templated":true}]}}