{"id":860,"date":"2020-05-11T13:41:00","date_gmt":"2020-05-11T11:41:00","guid":{"rendered":"https:\/\/agora.xtec.cat\/ecaalfarras\/?p=860"},"modified":"2020-10-28T14:01:32","modified_gmt":"2020-10-28T13:01:32","slug":"els-nostres-exalumnes-lidia-romeu-i-el-gerard-ferrer","status":"publish","type":"post","link":"https:\/\/agora.xtec.cat\/ecaalfarras\/general\/els-nostres-exalumnes-lidia-romeu-i-el-gerard-ferrer\/","title":{"rendered":"Els nostres exalumnes: &#8220;L\u00eddia Romeu i el Gerard Ferrer&#8221;"},"content":{"rendered":"<p><strong><span style=\"color: #ff9900;\"><em>\u201cTots dos venim de pag\u00e8s, ens hi dediquem i ho portem a la sang. Ho diem ben alt, amb orgull i satisfacci\u00f3\u201d.<\/em><\/span><\/strong><\/p>\n<p>La L\u00eddia i el Gerard s\u2019han ben trobat. Fan un t\u00e0ndem perfecte i gaireb\u00e9 tots els papers de l\u2019auca. S\u00f3n pagesos de fruita, porten el Parc de les olors de la Noguera, fan tallers i regenten una casa rural.<\/p>\n<p>Tot i estar tan ocupats encara els queda temps per fer did\u00e0ctica i ensenyar el que han apr\u00e8s i ajudar als altres amb la maquin\u00e0ria de casa. S\u00f3n uns tot terreny.<\/p>\n<p>El Gerard es va fer T\u00e8cnic especialista en Hotofructicultura i la L\u00eddia Romeu es va titular en Gesti\u00f3 comercial i m\u00e0rqueting a l\u2019Escola d\u2019Alfarr\u00e0s i Magisteri.<\/p>\n<p>Els trobareu a<strong> Ca la Ferratina<\/strong>, la seva casa rural.<\/p>\n<p><a href=\"https:\/\/agora.xtec.cat\/ecaalfarras\/wp-content\/uploads\/usu2159\/2020\/05\/lidia_gerard_exalumnes.jpg\"><img loading=\"lazy\" decoding=\"async\" class=\"aligncenter size-full wp-image-861\" title=\"L\u00eddia Romeu i Gerard Ferrer - Ca la Ferratina\" src=\"https:\/\/agora.xtec.cat\/ecaalfarras\/wp-content\/uploads\/usu2159\/2020\/05\/lidia_gerard_exalumnes.jpg\" width=\"800\" height=\"287\" srcset=\"https:\/\/agora.xtec.cat\/ecaalfarras\/wp-content\/uploads\/usu2159\/2020\/05\/lidia_gerard_exalumnes.jpg 800w, https:\/\/agora.xtec.cat\/ecaalfarras\/wp-content\/uploads\/usu2159\/2020\/05\/lidia_gerard_exalumnes-300x108.jpg 300w, https:\/\/agora.xtec.cat\/ecaalfarras\/wp-content\/uploads\/usu2159\/2020\/05\/lidia_gerard_exalumnes-768x276.jpg 768w\" sizes=\"auto, (max-width: 800px) 100vw, 800px\" \/><\/a><\/p>\n","protected":false},"excerpt":{"rendered":"<p>\u201cTots dos venim de pag\u00e8s, ens hi dediquem i ho portem a la sang. Ho diem ben alt, amb orgull i satisfacci\u00f3\u201d.<br \/>\nLa L\u00eddia i el Gerard s\u2019han ben trobat. Fan un t\u00e0ndem perfecte i gaireb\u00e9 tots els papers de l\u2019auca. S\u00f3n pagesos de fruita, porten&hellip;  <a href=\"https:\/\/agora.xtec.cat\/ecaalfarras\/general\/els-nostres-exalumnes-lidia-romeu-i-el-gerard-ferrer\/\" title=\"Read Els nostres exalumnes: &#8220;L\u00eddia Romeu i el Gerard Ferrer&#8221;\">Llegeix m\u00e9s\u00bb<\/a><\/p>\n","protected":false},"author":1,"featured_media":863,"comment_status":"closed","ping_status":"closed","sticky":false,"template":"","format":"standard","meta":{"_bbp_topic_count":0,"_bbp_reply_count":0,"_bbp_total_topic_count":0,"_bbp_total_reply_count":0,"_bbp_voice_count":0,"_bbp_anonymous_reply_count":0,"_bbp_topic_count_hidden":0,"_bbp_reply_count_hidden":0,"_bbp_forum_subforum_count":0,"footnotes":""},"categories":[120,1],"tags":[110,134],"class_list":["post-860","post","type-post","status-publish","format-standard","has-post-thumbnail","hentry","category-exalumnes","category-general","tag-escola-agraria","tag-exalumnes"],"post_mailing_queue_ids":[],"_links":{"self":[{"href":"https:\/\/agora.xtec.cat\/ecaalfarras\/wp-json\/wp\/v2\/posts\/860","targetHints":{"allow":["GET"]}}],"collection":[{"href":"https:\/\/agora.xtec.cat\/ecaalfarras\/wp-json\/wp\/v2\/posts"}],"about":[{"href":"https:\/\/agora.xtec.cat\/ecaalfarras\/wp-json\/wp\/v2\/types\/post"}],"author":[{"embeddable":true,"href":"https:\/\/agora.xtec.cat\/ecaalfarras\/wp-json\/wp\/v2\/users\/1"}],"replies":[{"embeddable":true,"href":"https:\/\/agora.xtec.cat\/ecaalfarras\/wp-json\/wp\/v2\/comments?post=860"}],"version-history":[{"count":2,"href":"https:\/\/agora.xtec.cat\/ecaalfarras\/wp-json\/wp\/v2\/posts\/860\/revisions"}],"predecessor-version":[{"id":1631,"href":"https:\/\/agora.xtec.cat\/ecaalfarras\/wp-json\/wp\/v2\/posts\/860\/revisions\/1631"}],"wp:featuredmedia":[{"embeddable":true,"href":"https:\/\/agora.xtec.cat\/ecaalfarras\/wp-json\/wp\/v2\/media\/863"}],"wp:attachment":[{"href":"https:\/\/agora.xtec.cat\/ecaalfarras\/wp-json\/wp\/v2\/media?parent=860"}],"wp:term":[{"taxonomy":"category","embeddable":true,"href":"https:\/\/agora.xtec.cat\/ecaalfarras\/wp-json\/wp\/v2\/categories?post=860"},{"taxonomy":"post_tag","embeddable":true,"href":"https:\/\/agora.xtec.cat\/ecaalfarras\/wp-json\/wp\/v2\/tags?post=860"}],"curies":[{"name":"wp","href":"https:\/\/api.w.org\/{rel}","templated":true}]}}