{"id":843,"date":"2020-05-11T13:22:38","date_gmt":"2020-05-11T11:22:38","guid":{"rendered":"https:\/\/agora.xtec.cat\/ecaalfarras\/?p=843"},"modified":"2020-10-28T15:50:25","modified_gmt":"2020-10-28T14:50:25","slug":"ja-tenim-el-mesurador-de-concentracio-de-clorofilla","status":"publish","type":"post","link":"https:\/\/agora.xtec.cat\/ecaalfarras\/general\/ja-tenim-el-mesurador-de-concentracio-de-clorofilla\/","title":{"rendered":"Ja tenim el mesurador de concentraci\u00f3 de clorofil\u00b7la"},"content":{"rendered":"<p>Ja disposem a l\u2019escola d\u2019aquesta eina port\u00e0til que fa la mesura r\u00e0pida de la concentraci\u00f3 de la clorofil\u00b7la en unitats absolutes de \u00b5mol de clorofil\u00b7la per metre quadrat de la superf\u00edcie de la planta.<\/p>\n<p>La concentraci\u00f3 de la clorofil\u00b7la \u00e9s un indicador indirecte de la salut de la planta, del seu estat nutricional, de l\u2019impacte de l\u2019estr\u00e8s ambiental i les necessitats de fertilitzaci\u00f3.<\/p>\n<p><a href=\"https:\/\/agora.xtec.cat\/ecaalfarras\/wp-content\/uploads\/usu2159\/2020\/05\/mesurador_clorofila.jpg\"><img loading=\"lazy\" decoding=\"async\" class=\"alignleft size-full wp-image-844\" title=\"Mesurador de concentraci\u00f3 de clorofil.la || Escola Agr\u00e0ria d'Alfarrpas\" src=\"https:\/\/agora.xtec.cat\/ecaalfarras\/wp-content\/uploads\/usu2159\/2020\/05\/mesurador_clorofila.jpg\" alt=\"mesurador de clorofil.la\" width=\"300\" height=\"300\" srcset=\"https:\/\/agora.xtec.cat\/ecaalfarras\/wp-content\/uploads\/usu2159\/2020\/05\/mesurador_clorofila.jpg 396w, https:\/\/agora.xtec.cat\/ecaalfarras\/wp-content\/uploads\/usu2159\/2020\/05\/mesurador_clorofila-150x150.jpg 150w, https:\/\/agora.xtec.cat\/ecaalfarras\/wp-content\/uploads\/usu2159\/2020\/05\/mesurador_clorofila-300x300.jpg 300w\" sizes=\"auto, (max-width: 300px) 100vw, 300px\" \/><\/a><br \/>\n&nbsp;<br \/>\n&nbsp;<br \/>\nPermet fer la mesura de la concentraci\u00f3 a les fulles durant el seu creixement i portar un control r\u00e0pid d\u2019una fulla i de moltes perqu\u00e8 emmagatzema les dades. Les dades es poden descarregar a l\u2019ordinador i les mesures es poden geolocalitzar amb un GPS.<\/p>\n<p>A l\u2019escola ens servir\u00e0, a m\u00e9s, per correlacionar l\u2019estat de fertilitat del s\u00f2l mesurat amb les cromatografies i la resposta en concentraci\u00f3 de clorofil\u00b7la.<\/p>\n<p>&nbsp;<br \/>\n&nbsp;<\/p>\n","protected":false},"excerpt":{"rendered":"<p>Ja disposem a l\u2019escola d\u2019aquesta eina port\u00e0til que fa la mesura r\u00e0pida de la concentraci\u00f3 de la clorofil\u00b7la en unitats absolutes de \u00b5mol de clorofil\u00b7la per metre quadrat de la superf\u00edcie de la planta.<br \/>\nLa concentraci\u00f3 de la clorofil\u00b7la \u00e9s un indicador indirecte de la salut&hellip;  <a href=\"https:\/\/agora.xtec.cat\/ecaalfarras\/general\/ja-tenim-el-mesurador-de-concentracio-de-clorofilla\/\" title=\"Read Ja tenim el mesurador de concentraci\u00f3 de clorofil\u00b7la\">Llegeix m\u00e9s\u00bb<\/a><\/p>\n","protected":false},"author":1,"featured_media":844,"comment_status":"open","ping_status":"closed","sticky":false,"template":"","format":"standard","meta":{"_bbp_topic_count":0,"_bbp_reply_count":0,"_bbp_total_topic_count":0,"_bbp_total_reply_count":0,"_bbp_voice_count":0,"_bbp_anonymous_reply_count":0,"_bbp_topic_count_hidden":0,"_bbp_reply_count_hidden":0,"_bbp_forum_subforum_count":0,"footnotes":""},"categories":[1,151,29],"tags":[127,110,133,131,132],"class_list":["post-843","post","type-post","status-publish","format-standard","has-post-thumbnail","hentry","category-general","category-noticies","category-portada","tag-cromatografia","tag-escola-agraria","tag-fertilitat-del-sol","tag-mesurador-cocentracio-clorofilla","tag-plantes"],"post_mailing_queue_ids":[],"_links":{"self":[{"href":"https:\/\/agora.xtec.cat\/ecaalfarras\/wp-json\/wp\/v2\/posts\/843","targetHints":{"allow":["GET"]}}],"collection":[{"href":"https:\/\/agora.xtec.cat\/ecaalfarras\/wp-json\/wp\/v2\/posts"}],"about":[{"href":"https:\/\/agora.xtec.cat\/ecaalfarras\/wp-json\/wp\/v2\/types\/post"}],"author":[{"embeddable":true,"href":"https:\/\/agora.xtec.cat\/ecaalfarras\/wp-json\/wp\/v2\/users\/1"}],"replies":[{"embeddable":true,"href":"https:\/\/agora.xtec.cat\/ecaalfarras\/wp-json\/wp\/v2\/comments?post=843"}],"version-history":[{"count":3,"href":"https:\/\/agora.xtec.cat\/ecaalfarras\/wp-json\/wp\/v2\/posts\/843\/revisions"}],"predecessor-version":[{"id":854,"href":"https:\/\/agora.xtec.cat\/ecaalfarras\/wp-json\/wp\/v2\/posts\/843\/revisions\/854"}],"wp:featuredmedia":[{"embeddable":true,"href":"https:\/\/agora.xtec.cat\/ecaalfarras\/wp-json\/wp\/v2\/media\/844"}],"wp:attachment":[{"href":"https:\/\/agora.xtec.cat\/ecaalfarras\/wp-json\/wp\/v2\/media?parent=843"}],"wp:term":[{"taxonomy":"category","embeddable":true,"href":"https:\/\/agora.xtec.cat\/ecaalfarras\/wp-json\/wp\/v2\/categories?post=843"},{"taxonomy":"post_tag","embeddable":true,"href":"https:\/\/agora.xtec.cat\/ecaalfarras\/wp-json\/wp\/v2\/tags?post=843"}],"curies":[{"name":"wp","href":"https:\/\/api.w.org\/{rel}","templated":true}]}}