{"id":806,"date":"2020-05-07T18:39:43","date_gmt":"2020-05-07T16:39:43","guid":{"rendered":"https:\/\/agora.xtec.cat\/ecaalfarras\/?p=806"},"modified":"2020-10-01T13:38:45","modified_gmt":"2020-10-01T11:38:45","slug":"els-nostres-exalumnes-imma-roige","status":"publish","type":"post","link":"https:\/\/agora.xtec.cat\/ecaalfarras\/general\/exalumnes\/els-nostres-exalumnes-imma-roige\/","title":{"rendered":"Els nostres exalumnes: &#8220;Imma Roig\u00e9&#8221;"},"content":{"rendered":"<p><em><span style=\"color: #ff9900;\"><strong>\u201cA gust fent el que cal i contenta amb el que faig. Quan est\u00e0s en el cert ho saps perqu\u00e8 tot flueix agradablement\u201d.<\/strong><\/span><\/em><\/p>\n<p>La Imma Roig\u00e9 \u00e9s pagesa de naixement i per convicci\u00f3. Sempre ha estat vinculada d\u2019una manera o altra a la terra i al sector. Podr\u00edem dir d\u2019ella que \u00e9s una pagesa militant. Des que va acabar els estudis de T\u00e8cnic especialista en Hortofructicultura produeix i comercialitza els seus productes. Des de fa 2 anys ha ampliat el seu horitz\u00f3. <strong>La Cistella de la Imma<\/strong> recull les comandes a trav\u00e9s dels nous mitjans de comunicaci\u00f3 i ens porta la botiga a casa.<br \/>\n<a href=\"https:\/\/agora.xtec.cat\/ecaalfarras\/wp-content\/uploads\/usu2159\/2020\/05\/exalumnes_immaroige.jpg\"><img loading=\"lazy\" decoding=\"async\" class=\"aligncenter size-full wp-image-807\" src=\"https:\/\/agora.xtec.cat\/ecaalfarras\/wp-content\/uploads\/usu2159\/2020\/05\/exalumnes_immaroige.jpg\" alt=\"\" width=\"400\" height=\"227\" srcset=\"https:\/\/agora.xtec.cat\/ecaalfarras\/wp-content\/uploads\/usu2159\/2020\/05\/exalumnes_immaroige.jpg 400w, https:\/\/agora.xtec.cat\/ecaalfarras\/wp-content\/uploads\/usu2159\/2020\/05\/exalumnes_immaroige-300x170.jpg 300w\" sizes=\"auto, (max-width: 400px) 100vw, 400px\" \/><\/a><\/p>\n","protected":false},"excerpt":{"rendered":"<p>\u201cA gust fent el que cal i contenta amb el que faig. Quan est\u00e0s en el cert ho saps perqu\u00e8 tot flueix agradablement\u201d.<br \/>\nLa Imma Roig\u00e9 \u00e9s pagesa de naixement i per convicci\u00f3. Sempre ha estat vinculada d\u2019una manera o altra a la terra i al&hellip;  <a href=\"https:\/\/agora.xtec.cat\/ecaalfarras\/general\/exalumnes\/els-nostres-exalumnes-imma-roige\/\" title=\"Read Els nostres exalumnes: &#8220;Imma Roig\u00e9&#8221;\">Llegeix m\u00e9s\u00bb<\/a><\/p>\n","protected":false},"author":1,"featured_media":807,"comment_status":"closed","ping_status":"closed","sticky":false,"template":"","format":"standard","meta":{"_bbp_topic_count":0,"_bbp_reply_count":0,"_bbp_total_topic_count":0,"_bbp_total_reply_count":0,"_bbp_voice_count":0,"_bbp_anonymous_reply_count":0,"_bbp_topic_count_hidden":0,"_bbp_reply_count_hidden":0,"_bbp_forum_subforum_count":0,"footnotes":""},"categories":[120],"tags":[110,134],"class_list":["post-806","post","type-post","status-publish","format-standard","has-post-thumbnail","hentry","category-exalumnes","tag-escola-agraria","tag-exalumnes"],"post_mailing_queue_ids":[],"_links":{"self":[{"href":"https:\/\/agora.xtec.cat\/ecaalfarras\/wp-json\/wp\/v2\/posts\/806","targetHints":{"allow":["GET"]}}],"collection":[{"href":"https:\/\/agora.xtec.cat\/ecaalfarras\/wp-json\/wp\/v2\/posts"}],"about":[{"href":"https:\/\/agora.xtec.cat\/ecaalfarras\/wp-json\/wp\/v2\/types\/post"}],"author":[{"embeddable":true,"href":"https:\/\/agora.xtec.cat\/ecaalfarras\/wp-json\/wp\/v2\/users\/1"}],"replies":[{"embeddable":true,"href":"https:\/\/agora.xtec.cat\/ecaalfarras\/wp-json\/wp\/v2\/comments?post=806"}],"version-history":[{"count":3,"href":"https:\/\/agora.xtec.cat\/ecaalfarras\/wp-json\/wp\/v2\/posts\/806\/revisions"}],"predecessor-version":[{"id":865,"href":"https:\/\/agora.xtec.cat\/ecaalfarras\/wp-json\/wp\/v2\/posts\/806\/revisions\/865"}],"wp:featuredmedia":[{"embeddable":true,"href":"https:\/\/agora.xtec.cat\/ecaalfarras\/wp-json\/wp\/v2\/media\/807"}],"wp:attachment":[{"href":"https:\/\/agora.xtec.cat\/ecaalfarras\/wp-json\/wp\/v2\/media?parent=806"}],"wp:term":[{"taxonomy":"category","embeddable":true,"href":"https:\/\/agora.xtec.cat\/ecaalfarras\/wp-json\/wp\/v2\/categories?post=806"},{"taxonomy":"post_tag","embeddable":true,"href":"https:\/\/agora.xtec.cat\/ecaalfarras\/wp-json\/wp\/v2\/tags?post=806"}],"curies":[{"name":"wp","href":"https:\/\/api.w.org\/{rel}","templated":true}]}}