{"id":697,"date":"2020-05-06T19:29:33","date_gmt":"2020-05-06T17:29:33","guid":{"rendered":"https:\/\/agora.xtec.cat\/ecaalfarras\/?p=697"},"modified":"2020-05-13T22:11:11","modified_gmt":"2020-05-13T20:11:11","slug":"la-varietat-pressec-de-lescola-es-fruit-dun-error","status":"publish","type":"post","link":"https:\/\/agora.xtec.cat\/ecaalfarras\/sabies\/la-varietat-pressec-de-lescola-es-fruit-dun-error\/","title":{"rendered":"Sabies que &#8230;? La varietat pr\u00e9ssec de l\u2019Escola \u00e9s fruit d\u2019un error?"},"content":{"rendered":"<p>Aquesta varietat va arribar a l\u2019Escola d\u2019Alfarr\u00e0s cap a l\u2019any 1975 quan es van plantar 210 arbres de la varietat Roig Gallur. Passat el temps es va veure que aquells presseguers no eren els de la varietat encomanada.<\/p>\n<p>Va sorprendre que les gelades primaverals no li feien mal perqu\u00e8 la floraci\u00f3 \u00e9s tardana i aquest fet es fa difondre. Quan els pagesos de la contrada preguntaven a l\u2019Espigares, l\u2019oficial de finca, el nom de la varietat, ell deia que era de l\u2019escola.<\/p>\n<p>L\u2019any 1992, l\u2019Antonio Gil, el director de l\u2019\u00e8poca, va fer estudiar la varietat per l\u2019IRTA, es va caracteritzar i, des de 1993, el pr\u00e9ssec de l\u2019Escola \u00e9s una varietat registrada.<\/p>\n<p><a href=\"https:\/\/agora.xtec.cat\/ecaalfarras\/wp-content\/uploads\/usu2159\/2020\/05\/pressec_escola.jpg\"><img loading=\"lazy\" decoding=\"async\" class=\"aligncenter size-full wp-image-698\" src=\"https:\/\/agora.xtec.cat\/ecaalfarras\/wp-content\/uploads\/usu2159\/2020\/05\/pressec_escola.jpg\" alt=\"\" width=\"700\" height=\"223\" srcset=\"https:\/\/agora.xtec.cat\/ecaalfarras\/wp-content\/uploads\/usu2159\/2020\/05\/pressec_escola.jpg 700w, https:\/\/agora.xtec.cat\/ecaalfarras\/wp-content\/uploads\/usu2159\/2020\/05\/pressec_escola-300x96.jpg 300w\" sizes=\"auto, (max-width: 700px) 100vw, 700px\" \/><\/p>\n<p style=\"text-align: center\"><i class=\"fa fa-arrow-circle-right verdfosc\" aria-hidden=\"true\"><\/i><a href=\"https:\/\/agora.xtec.cat\/ecaalfarras\/els-nostres-productes\/el-pressec-groc-de-lescola\/\"><strong> Per a saber-ne m\u00e9s<\/strong><\/a><\/p>\n<p>&nbsp;<\/p>\n","protected":false},"excerpt":{"rendered":"<p>Aquesta varietat va arribar a l\u2019Escola d\u2019Alfarr\u00e0s cap a l\u2019any 1975 quan es van plantar 210 arbres de la varietat Roig Gallur. Passat el temps es va veure que aquells presseguers no eren els de la varietat encomanada.<br \/>\nVa sorprendre que les gelades primaverals no li&hellip;  <a href=\"https:\/\/agora.xtec.cat\/ecaalfarras\/sabies\/la-varietat-pressec-de-lescola-es-fruit-dun-error\/\" title=\"Read Sabies que &#8230;? La varietat pr\u00e9ssec de l\u2019Escola \u00e9s fruit d\u2019un error?\">Llegeix m\u00e9s\u00bb<\/a><\/p>\n","protected":false},"author":1,"featured_media":698,"comment_status":"open","ping_status":"closed","sticky":false,"template":"","format":"standard","meta":{"_bbp_topic_count":0,"_bbp_reply_count":0,"_bbp_total_topic_count":0,"_bbp_total_reply_count":0,"_bbp_voice_count":0,"_bbp_anonymous_reply_count":0,"_bbp_topic_count_hidden":0,"_bbp_reply_count_hidden":0,"_bbp_forum_subforum_count":0,"footnotes":""},"categories":[121],"tags":[106,110,128],"class_list":["post-697","post","type-post","status-publish","format-standard","has-post-thumbnail","hentry","category-sabies","tag-alfarras","tag-escola-agraria","tag-varietat-pressec-escola-agraria"],"post_mailing_queue_ids":[],"_links":{"self":[{"href":"https:\/\/agora.xtec.cat\/ecaalfarras\/wp-json\/wp\/v2\/posts\/697","targetHints":{"allow":["GET"]}}],"collection":[{"href":"https:\/\/agora.xtec.cat\/ecaalfarras\/wp-json\/wp\/v2\/posts"}],"about":[{"href":"https:\/\/agora.xtec.cat\/ecaalfarras\/wp-json\/wp\/v2\/types\/post"}],"author":[{"embeddable":true,"href":"https:\/\/agora.xtec.cat\/ecaalfarras\/wp-json\/wp\/v2\/users\/1"}],"replies":[{"embeddable":true,"href":"https:\/\/agora.xtec.cat\/ecaalfarras\/wp-json\/wp\/v2\/comments?post=697"}],"version-history":[{"count":3,"href":"https:\/\/agora.xtec.cat\/ecaalfarras\/wp-json\/wp\/v2\/posts\/697\/revisions"}],"predecessor-version":[{"id":1079,"href":"https:\/\/agora.xtec.cat\/ecaalfarras\/wp-json\/wp\/v2\/posts\/697\/revisions\/1079"}],"wp:featuredmedia":[{"embeddable":true,"href":"https:\/\/agora.xtec.cat\/ecaalfarras\/wp-json\/wp\/v2\/media\/698"}],"wp:attachment":[{"href":"https:\/\/agora.xtec.cat\/ecaalfarras\/wp-json\/wp\/v2\/media?parent=697"}],"wp:term":[{"taxonomy":"category","embeddable":true,"href":"https:\/\/agora.xtec.cat\/ecaalfarras\/wp-json\/wp\/v2\/categories?post=697"},{"taxonomy":"post_tag","embeddable":true,"href":"https:\/\/agora.xtec.cat\/ecaalfarras\/wp-json\/wp\/v2\/tags?post=697"}],"curies":[{"name":"wp","href":"https:\/\/api.w.org\/{rel}","templated":true}]}}