{"id":2998,"date":"2026-03-10T10:35:43","date_gmt":"2026-03-10T09:35:43","guid":{"rendered":"https:\/\/agora.xtec.cat\/ecaalfarras\/?p=2998"},"modified":"2026-03-10T10:49:01","modified_gmt":"2026-03-10T09:49:01","slug":"portes-obertes-el-dia-25-04-2026","status":"publish","type":"post","link":"https:\/\/agora.xtec.cat\/ecaalfarras\/general\/portes-obertes-el-dia-25-04-2026\/","title":{"rendered":"Portes Obertes :  25\/04\/2026  10:30h"},"content":{"rendered":"<p data-start=\"93\" data-end=\"143\"><strong data-start=\"93\" data-end=\"141\">Vine a con\u00e8ixer l\u2019Escola Agr\u00e0ria d\u2019Alfarr\u00e0s!<\/strong><\/p>\n<p data-start=\"145\" data-end=\"490\">T\u2019agradaria formar-te en el sector agrari i mediambiental? A la <strong data-start=\"209\" data-end=\"238\">Jornada de Portes Obertes<\/strong> podr\u00e0s descobrir tot el que t\u2019ofereix el centre el <em><strong>dia 25\/04\/2026 a les 10:30h.<\/strong><\/em> Coneixer\u00e0s de primera m\u00e0 els cicles formatius de <strong data-start=\"337\" data-end=\"372\">CFGM de Producci\u00f3 Agroecol\u00f2gica<\/strong> i <strong data-start=\"375\" data-end=\"411\">CFGS de Paisatgisme i Medi Rural<\/strong>, aix\u00ed com les instal\u00b7lacions i els projectes que es desenvolupen a l\u2019escola.<\/p>\n<p data-start=\"492\" data-end=\"798\">Durant la jornada podr\u00e0s visitar els espais de formaci\u00f3, parlar amb el professorat i resoldre qualsevol dubte sobre els estudis, les pr\u00e0ctiques i les sortides professionals. \u00c9s una oportunitat perfecta per con\u00e8ixer una formaci\u00f3 <strong data-start=\"720\" data-end=\"795\">pr\u00e0ctica, vinculada al territori i orientada al futur del sector agrari<\/strong>.<\/p>\n<p style=\"text-align: left;\" data-start=\"800\" data-end=\"872\"><a href=\"https:\/\/maps.app.goo.gl\/CywyxMdcw7YcsF3F7\">\ud83d\udccd <strong data-start=\"1308\" data-end=\"1337\">Escola Agr\u00e0ria d\u2019Alfarr\u00e0s<\/strong><\/a><br data-start=\"832\" data-end=\"835\" \/>Partida El Sot s\/n \u2013 25120 Alfarr\u00e0s\u00a0 \u00a0<em>(Ruta recomanda: arribar fins al poble d&#8217;Alfarr\u00e0s i seguir despr\u00e9s el GPS)<\/em><\/p>\n<p data-start=\"800\" data-end=\"872\">\ud83d\udcdd <strong data-start=\"988\" data-end=\"1010\">Inscripci\u00f3 pr\u00e8via: <\/strong><a class=\"decorated-link\" href=\"https:\/\/docs.google.com\/forms\/d\/1_CAC72NfTgl0Ehpv5xdt7w2Fj-pOvoaoNAqpkgH4cXs\" rel=\"noopener\" data-start=\"1013\" data-end=\"1089\">\u00a0 \u00a0Formulari<\/a><\/p>\n<p data-start=\"800\" data-end=\"872\">\ud83d\udcf8 <strong data-start=\"3\" data-end=\"105\">Vols con\u00e8ixer millor el dia a dia de l\u2019Escola Agr\u00e0ria d\u2019Alfarr\u00e0s? Segueix-nos al nostre Instagram:\u00a0 <\/strong>@eaalfarras<\/p>\n<p>\ud83c\udf10 <strong data-start=\"3\" data-end=\"119\">No pots venir a la jornada de portes obertes? Descobreix l\u2019Escola Agr\u00e0ria d\u2019Alfarr\u00e0s amb el nostre tour virtual:<\/strong><br data-start=\"119\" data-end=\"122\" \/><a class=\"decorated-link\" href=\"https:\/\/www.escolaagrariaalfarras.com\/virtual\/\" target=\"_new\" rel=\"noopener\" data-start=\"122\" data-end=\"168\" data-is-last-node=\"\">https:\/\/www.escolaagrariaalfarras.com\/virtual\/<\/a><\/p>\n<p style=\"text-align: left;\" data-start=\"940\" data-end=\"983\">\ud83c\udf10 M\u00e9s informaci\u00f3 : <strong data-start=\"959\" data-end=\"981\"><a class=\"decorated-link\" href=\"http:\/\/www.eaalfarras.cat\" target=\"_new\" rel=\"noopener\" data-start=\"961\" data-end=\"979\">www.eaalfarras.cat <\/a><\/strong><\/p>\n<p data-start=\"940\" data-end=\"983\"><strong data-start=\"3\" data-end=\"119\">Si no pots assistir pots contactacta&#8217;ns:<\/strong><\/p>\n<p data-start=\"940\" data-end=\"983\">\ud83d\udcde <strong data-start=\"877\" data-end=\"893\">973 76 01 00<\/strong><br data-start=\"893\" data-end=\"896\" \/>\u2709 <strong data-start=\"898\" data-end=\"936\"><a class=\"decorated-link cursor-pointer\" rel=\"noopener\" data-start=\"900\" data-end=\"934\">ea_alfarras.agricultura@gencat.cat<\/a><\/strong><\/p>\n<p data-start=\"1305\" data-end=\"1379\"><img loading=\"lazy\" decoding=\"async\" class=\"size-full wp-image-2999 aligncenter\" src=\"https:\/\/agora.xtec.cat\/ecaalfarras\/wp-content\/uploads\/usu2159\/2026\/03\/Captura-e1773135978318.jpg\" alt=\"\" width=\"400\" height=\"416\" \/><\/p>\n","protected":false},"excerpt":{"rendered":"<p>Vine a con\u00e8ixer l\u2019Escola Agr\u00e0ria d\u2019Alfarr\u00e0s!<br \/>\nT\u2019agradaria formar-te en el sector agrari i mediambiental? A la Jornada de Portes Obertes podr\u00e0s descobrir tot el que t\u2019ofereix el centre el dia 25\/04\/2026 a les 10:30h. Coneixer\u00e0s de primera m\u00e0 els cicles formatius de CFGM de Producci\u00f3 Agroecol\u00f2gica&hellip;  <a href=\"https:\/\/agora.xtec.cat\/ecaalfarras\/general\/portes-obertes-el-dia-25-04-2026\/\" title=\"Read Portes Obertes :  25\/04\/2026  10:30h\">Llegeix m\u00e9s\u00bb<\/a><\/p>\n","protected":false},"author":1,"featured_media":2999,"comment_status":"closed","ping_status":"closed","sticky":false,"template":"","format":"standard","meta":{"_bbp_topic_count":0,"_bbp_reply_count":0,"_bbp_total_topic_count":0,"_bbp_total_reply_count":0,"_bbp_voice_count":0,"_bbp_anonymous_reply_count":0,"_bbp_topic_count_hidden":0,"_bbp_reply_count_hidden":0,"_bbp_forum_subforum_count":0,"footnotes":""},"categories":[1,151,29],"tags":[201,182,202,200],"class_list":["post-2998","post","type-post","status-publish","format-standard","has-post-thumbnail","hentry","category-general","category-noticies","category-portada","tag-agricultura","tag-escolesagraries-cfgm-cfgs","tag-joveagricultor","tag-portesobertes"],"post_mailing_queue_ids":[],"_links":{"self":[{"href":"https:\/\/agora.xtec.cat\/ecaalfarras\/wp-json\/wp\/v2\/posts\/2998","targetHints":{"allow":["GET"]}}],"collection":[{"href":"https:\/\/agora.xtec.cat\/ecaalfarras\/wp-json\/wp\/v2\/posts"}],"about":[{"href":"https:\/\/agora.xtec.cat\/ecaalfarras\/wp-json\/wp\/v2\/types\/post"}],"author":[{"embeddable":true,"href":"https:\/\/agora.xtec.cat\/ecaalfarras\/wp-json\/wp\/v2\/users\/1"}],"replies":[{"embeddable":true,"href":"https:\/\/agora.xtec.cat\/ecaalfarras\/wp-json\/wp\/v2\/comments?post=2998"}],"version-history":[{"count":6,"href":"https:\/\/agora.xtec.cat\/ecaalfarras\/wp-json\/wp\/v2\/posts\/2998\/revisions"}],"predecessor-version":[{"id":3006,"href":"https:\/\/agora.xtec.cat\/ecaalfarras\/wp-json\/wp\/v2\/posts\/2998\/revisions\/3006"}],"wp:featuredmedia":[{"embeddable":true,"href":"https:\/\/agora.xtec.cat\/ecaalfarras\/wp-json\/wp\/v2\/media\/2999"}],"wp:attachment":[{"href":"https:\/\/agora.xtec.cat\/ecaalfarras\/wp-json\/wp\/v2\/media?parent=2998"}],"wp:term":[{"taxonomy":"category","embeddable":true,"href":"https:\/\/agora.xtec.cat\/ecaalfarras\/wp-json\/wp\/v2\/categories?post=2998"},{"taxonomy":"post_tag","embeddable":true,"href":"https:\/\/agora.xtec.cat\/ecaalfarras\/wp-json\/wp\/v2\/tags?post=2998"}],"curies":[{"name":"wp","href":"https:\/\/api.w.org\/{rel}","templated":true}]}}